{"id":5167,"date":"2025-01-03T14:07:07","date_gmt":"2025-01-03T14:07:07","guid":{"rendered":"https:\/\/www.campingverneda.com\/blog\/?p=5167"},"modified":"2025-01-20T14:11:50","modified_gmt":"2025-01-20T14:11:50","slug":"cartas-a-los-reyes-magos","status":"publish","type":"post","link":"https:\/\/www.campingverneda.com\/blog\/2025\/01\/03\/cartas-a-los-reyes-magos\/","title":{"rendered":"Cartas a los Reyes Magos"},"content":{"rendered":"<p>Otro a\u00f1o m\u00e1s hemos recibido vuestras cartas a los Reyes Magos en Verneda Camping Mountain Resort. Durante todo este periodo navide\u00f1o hemos estado recibiendo vuestras cartas a los Reyes Magos y ya pasaron por Verneda Camping Mountain Resort los pajes reales a recoger el saco con todas las cartas. Pregunta importante, \u00bfhab\u00e9is recibido todos los regalos que hab\u00edais redactado?<\/p>\n<p>Y como nos encanta recibiros aqu\u00ed durante estas fechas tan se\u00f1aladas, hemos vuelto a s<strong>ortear un fin de semana en Verneda Camping Mountain Resort entre todas las familias<\/strong> que hab\u00e9is escrito vuestra carta a los Reyes Magos desde nuestras caba\u00f1as de madera. Adem\u00e1s, estas vacaciones de Navidad las hemos podido disfrutar con los bungalows rodeados de nieve, y muchos buenos planes para todas las familias. \u00bfQu\u00e9 m\u00e1s se puede pedir? \u00a1\u00a1Pues <strong>ganar el concurso de las Cartas a los Reyes Magos y hacer otra escapada a la nieve<\/strong> en Verneda Camping Mountain Resort!!<\/p>\n<div id=\"attachment_5078\" style=\"width: 2056px\" class=\"wp-caption alignnone\"><a href=\"https:\/\/www.campingverneda.com\/blog\/2024\/08\/20\/apurando-el-verano-hasta-el-final\/campingverneda-bungalows-maladeta-valdaran\/\" rel=\"attachment wp-att-5078\"><img aria-describedby=\"caption-attachment-5078\" decoding=\"async\" loading=\"lazy\" class=\" wp-image-5078\" src=\"http:\/\/www.campingverneda.com\/blog\/wp-content\/uploads\/2024\/08\/campingverneda-bungalows-maladeta-valdaran-e1724151370363.jpg\" alt=\"Camping Verneda tu alojamiento alternativo en la Val d'Aran\" width=\"2046\" height=\"716\" srcset=\"https:\/\/www.campingverneda.com\/blog\/wp-content\/uploads\/2024\/08\/campingverneda-bungalows-maladeta-valdaran-e1724151370363-200x70.jpg 200w, https:\/\/www.campingverneda.com\/blog\/wp-content\/uploads\/2024\/08\/campingverneda-bungalows-maladeta-valdaran-e1724151370363-300x105.jpg 300w, https:\/\/www.campingverneda.com\/blog\/wp-content\/uploads\/2024\/08\/campingverneda-bungalows-maladeta-valdaran-e1724151370363-400x140.jpg 400w, https:\/\/www.campingverneda.com\/blog\/wp-content\/uploads\/2024\/08\/campingverneda-bungalows-maladeta-valdaran-e1724151370363-600x210.jpg 600w, https:\/\/www.campingverneda.com\/blog\/wp-content\/uploads\/2024\/08\/campingverneda-bungalows-maladeta-valdaran-e1724151370363-768x269.jpg 768w, https:\/\/www.campingverneda.com\/blog\/wp-content\/uploads\/2024\/08\/campingverneda-bungalows-maladeta-valdaran-e1724151370363-800x280.jpg 800w, https:\/\/www.campingverneda.com\/blog\/wp-content\/uploads\/2024\/08\/campingverneda-bungalows-maladeta-valdaran-e1724151370363-1024x358.jpg 1024w, https:\/\/www.campingverneda.com\/blog\/wp-content\/uploads\/2024\/08\/campingverneda-bungalows-maladeta-valdaran-e1724151370363-1200x420.jpg 1200w, https:\/\/www.campingverneda.com\/blog\/wp-content\/uploads\/2024\/08\/campingverneda-bungalows-maladeta-valdaran-e1724151370363-1536x538.jpg 1536w, https:\/\/www.campingverneda.com\/blog\/wp-content\/uploads\/2024\/08\/campingverneda-bungalows-maladeta-valdaran-e1724151370363.jpg 1660w\" sizes=\"(max-width: 2046px) 100vw, 2046px\" \/><\/a><p id=\"caption-attachment-5078\" class=\"wp-caption-text\">Bungalows de la pleta maladeta<\/p><\/div>\n<p>Sigue nuestro <a href=\"https:\/\/www.instagram.com\/vida.verneda\/\" target=\"_blank\" rel=\"noopener\">perfil de Instagram<\/a> para saber si t\u00fa y tu familia hab\u00e9is ganado este concurso, o echa un vistazo a tu email, \u00a1nos pondremos en contacto con vosotros y vosotras!<\/p>\n<p>Adem\u00e1s, desde nuestro perfil de Instagram @vida.verneda este a\u00f1o seguiremos lanzando varios sorteos. \u00a1Este a\u00f1o queremos llevar la #VIDAVerneda a muchos rincones!<\/p>\n<p>Empezamos 2025 en Verneda Camping Mountain Resort con muchas ganas y buenos prop\u00f3sitos que os iremos contando d\u00eda a d\u00eda. Entre los <strong>prop\u00f3sitos a destacar de este 2025 es que queremos ser, y vamos a ser, m\u00e1s sostenibles<\/strong>. Nos unimos a <a href=\"https:\/\/www.arantec.com\/\" target=\"_blank\" rel=\"noopener\">Arantec<\/a>, estudio de ingenier\u00eda de la Val d\u2019Aran que ofrece soluciones Cloud para la medici\u00f3n y control de fen\u00f3menos medio ambientales. Gracias a esta uni\u00f3n vamos a aprender c\u00f3mo mejorar nuestras instalaciones para ofreceros unas<strong> vacaciones energ\u00e9ticamente m\u00e1s eficientes, m\u00e1s sostenibles<\/strong>.<\/p>\n<p>Y t\u00fa, \u00bfqu\u00e9 planes tienes para este 2025? \u00danete a nuestra comunidad de #VIDAVerneda, elige el cambio.<\/p>\n","protected":false},"excerpt":{"rendered":"<p>Otro a\u00f1o m\u00e1s hemos recibido vuestras cartas a los Reyes Magos en Verneda Camping Mountain Resort. Durante todo este periodo navide\u00f1o hemos estado recibiendo vuestras [&hellip;]<\/p>\n","protected":false},"author":1,"featured_media":4283,"comment_status":"open","ping_status":"open","sticky":false,"template":"","format":"standard","meta":[],"categories":[73],"tags":[1613,1217,1876,91,51,1101,1043,11,1877,818],"_links":{"self":[{"href":"https:\/\/www.campingverneda.com\/blog\/wp-json\/wp\/v2\/posts\/5167"}],"collection":[{"href":"https:\/\/www.campingverneda.com\/blog\/wp-json\/wp\/v2\/posts"}],"about":[{"href":"https:\/\/www.campingverneda.com\/blog\/wp-json\/wp\/v2\/types\/post"}],"author":[{"embeddable":true,"href":"https:\/\/www.campingverneda.com\/blog\/wp-json\/wp\/v2\/users\/1"}],"replies":[{"embeddable":true,"href":"https:\/\/www.campingverneda.com\/blog\/wp-json\/wp\/v2\/comments?post=5167"}],"version-history":[{"count":1,"href":"https:\/\/www.campingverneda.com\/blog\/wp-json\/wp\/v2\/posts\/5167\/revisions"}],"predecessor-version":[{"id":5168,"href":"https:\/\/www.campingverneda.com\/blog\/wp-json\/wp\/v2\/posts\/5167\/revisions\/5168"}],"wp:featuredmedia":[{"embeddable":true,"href":"https:\/\/www.campingverneda.com\/blog\/wp-json\/wp\/v2\/media\/4283"}],"wp:attachment":[{"href":"https:\/\/www.campingverneda.com\/blog\/wp-json\/wp\/v2\/media?parent=5167"}],"wp:term":[{"taxonomy":"category","embeddable":true,"href":"https:\/\/www.campingverneda.com\/blog\/wp-json\/wp\/v2\/categories?post=5167"},{"taxonomy":"post_tag","embeddable":true,"href":"https:\/\/www.campingverneda.com\/blog\/wp-json\/wp\/v2\/tags?post=5167"}],"curies":[{"name":"wp","href":"https:\/\/api.w.org\/{rel}","templated":true}]}}