{"id":5164,"date":"2024-12-31T12:06:46","date_gmt":"2024-12-31T12:06:46","guid":{"rendered":"https:\/\/www.campingverneda.com\/blog\/?p=5164"},"modified":"2024-12-31T12:06:46","modified_gmt":"2024-12-31T12:06:46","slug":"os-deseamos-un-feliz-2025","status":"publish","type":"post","link":"https:\/\/www.campingverneda.com\/blog\/2024\/12\/31\/os-deseamos-un-feliz-2025\/","title":{"rendered":"Os deseamos un feliz 2025"},"content":{"rendered":"<p>Otro a\u00f1o que ha pasado volando, y ya os estamos deseando un feliz 2025. \u00a1Qu\u00e9 r\u00e1pido ha pasado este a\u00f1o! \u00a1Y cu\u00e1ntos momentos nos ha dejado este a\u00f1o con vosotros y vosotras!<\/p>\n<p>Este ya pasado a\u00f1o 2024 hemos visto de todo. Durante el mes de febrero vinisteis muchas parejas y vivimos momentos muy rom\u00e1nticos que nos sorprendieron gratamente. La verdad es que ver tanto cari\u00f1o entre personas sigue siendo algo sanador, y que siempre nos impulsa a seguir creando rincones para que vosotros y vosotras disfrut\u00e9is en la calma que ven\u00eds buscando.<\/p>\n<p>La primavera nos gusta porque es cuando vemos retornar a muchas caras conocidas. En primavera es cuando retomamos la <a href=\"https:\/\/www.campingverneda.com\/camping\" target=\"_blank\" rel=\"noopener\">zona de acampada<\/a>. Los d\u00edas son m\u00e1s largos, y vosotros y vosotras ven\u00eds con muchas ganas de aprovechar cada minuto. Una energ\u00eda que es pegadiza y que nos encanta sentirla en <a href=\"https:\/\/www.instagram.com\/vida.verneda\/\" target=\"_blank\" rel=\"noopener\">Verneda Camping Mountain Resort<\/a>.<\/p>\n<div id=\"attachment_5099\" style=\"width: 2033px\" class=\"wp-caption alignnone\"><a href=\"https:\/\/www.campingverneda.com\/blog\/2024\/09\/26\/cerramos-un-verano-por-lo-alto-gracias\/dcim100mediadji_0167-jpg\/\" rel=\"attachment wp-att-5099\"><img aria-describedby=\"caption-attachment-5099\" decoding=\"async\" loading=\"lazy\" class=\" wp-image-5099\" src=\"http:\/\/www.campingverneda.com\/blog\/wp-content\/uploads\/2024\/09\/Verneda-camping-resort-valdaran.jpg\" alt=\"Verano en camping verneda\" width=\"2023\" height=\"1138\" srcset=\"https:\/\/www.campingverneda.com\/blog\/wp-content\/uploads\/2024\/09\/Verneda-camping-resort-valdaran-200x113.jpg 200w, https:\/\/www.campingverneda.com\/blog\/wp-content\/uploads\/2024\/09\/Verneda-camping-resort-valdaran-300x169.jpg 300w, https:\/\/www.campingverneda.com\/blog\/wp-content\/uploads\/2024\/09\/Verneda-camping-resort-valdaran-400x225.jpg 400w, https:\/\/www.campingverneda.com\/blog\/wp-content\/uploads\/2024\/09\/Verneda-camping-resort-valdaran-600x338.jpg 600w, https:\/\/www.campingverneda.com\/blog\/wp-content\/uploads\/2024\/09\/Verneda-camping-resort-valdaran-768x432.jpg 768w, https:\/\/www.campingverneda.com\/blog\/wp-content\/uploads\/2024\/09\/Verneda-camping-resort-valdaran-800x450.jpg 800w, https:\/\/www.campingverneda.com\/blog\/wp-content\/uploads\/2024\/09\/Verneda-camping-resort-valdaran-1024x576.jpg 1024w, https:\/\/www.campingverneda.com\/blog\/wp-content\/uploads\/2024\/09\/Verneda-camping-resort-valdaran-1200x675.jpg 1200w, https:\/\/www.campingverneda.com\/blog\/wp-content\/uploads\/2024\/09\/Verneda-camping-resort-valdaran.jpg 1500w\" sizes=\"(max-width: 2023px) 100vw, 2023px\" \/><\/a><p id=\"caption-attachment-5099\" class=\"wp-caption-text\">Foto a\u00e9rea de Verneda Camping Mountain Resort<\/p><\/div>\n<p>Y parte de esta energ\u00eda tan buena que empieza a llegar en primavera a Verneda Camping Mountain Resort tambi\u00e9n viene por todos los que viaj\u00e1is en furgoneta. Nos ilusiona ese momento en el que decid\u00eds viajar sobre ruedas y que par\u00e9is en <a href=\"https:\/\/www.campingverneda.com\/autocaravanas-y-campers\" target=\"_blank\" rel=\"noopener\">Verneda Camping Mountain Resort para pernoctar<\/a>. \u00a1Gracias por hacernos part\u00edcipes de vuestros viajes en furgoneta por los Pirineos!<\/p>\n<p>Casi sobre ruedas nos plantamos en verano. <strong>El verano es ese momento del a\u00f1o en el que vivimos la #VIDAVerneda al m\u00e1ximo<\/strong>. El verano en Verneda Camping Mountain Resort es pasarlo en familia. Muchas familias llev\u00e1is acompa\u00f1\u00e1ndonos los m\u00e1s de 35 a\u00f1os que llevamos aqu\u00ed. Una gran familia con la que vivimos las excursiones con rutas guiadas por la Val d\u2019Aran, los conciertos de los jueves bajo el cielo estrellado y moviendo las caderas, talleres infantiles y Circoloco\u2026<\/p>\n<p>Y el otro vuelve a marcar de nuevo la calma, los fines de semana llenos de color con las monta\u00f1as de la Val d\u2019Aran que nos rodean, fines de semana con perros, rutas en bici y, sobre todo buenos momentos.<\/p>\n<div id=\"attachment_4908\" style=\"width: 2040px\" class=\"wp-caption alignnone\"><a href=\"https:\/\/www.campingverneda.com\/blog\/2024\/06\/06\/lo-mas-top-del-verano\/campingverneda-resort-valdaran\/\" rel=\"attachment wp-att-4908\"><img aria-describedby=\"caption-attachment-4908\" decoding=\"async\" loading=\"lazy\" class=\" wp-image-4908\" src=\"http:\/\/www.campingverneda.com\/blog\/wp-content\/uploads\/2024\/05\/campingverneda-resort-valdaran.jpg\" alt=\"camping verneda en la val d'aran\" width=\"2030\" height=\"1355\" srcset=\"https:\/\/www.campingverneda.com\/blog\/wp-content\/uploads\/2024\/05\/campingverneda-resort-valdaran-200x133.jpg 200w, https:\/\/www.campingverneda.com\/blog\/wp-content\/uploads\/2024\/05\/campingverneda-resort-valdaran-300x200.jpg 300w, https:\/\/www.campingverneda.com\/blog\/wp-content\/uploads\/2024\/05\/campingverneda-resort-valdaran-400x267.jpg 400w, https:\/\/www.campingverneda.com\/blog\/wp-content\/uploads\/2024\/05\/campingverneda-resort-valdaran-600x400.jpg 600w, https:\/\/www.campingverneda.com\/blog\/wp-content\/uploads\/2024\/05\/campingverneda-resort-valdaran-768x513.jpg 768w, https:\/\/www.campingverneda.com\/blog\/wp-content\/uploads\/2024\/05\/campingverneda-resort-valdaran-800x534.jpg 800w, https:\/\/www.campingverneda.com\/blog\/wp-content\/uploads\/2024\/05\/campingverneda-resort-valdaran-1024x683.jpg 1024w, https:\/\/www.campingverneda.com\/blog\/wp-content\/uploads\/2024\/05\/campingverneda-resort-valdaran-1200x801.jpg 1200w, https:\/\/www.campingverneda.com\/blog\/wp-content\/uploads\/2024\/05\/campingverneda-resort-valdaran.jpg 1500w\" sizes=\"(max-width: 2030px) 100vw, 2030px\" \/><\/a><p id=\"caption-attachment-4908\" class=\"wp-caption-text\">D\u00edas de slow life<\/p><\/div>\n<p>Por todos estos buenos momentos queremos deciros GRACIAS y desearos m\u00e1s momentos as\u00ed en 2025. <strong>Os deseamos muchos momentos compartidos, momentos felices.<\/strong> Os esperamos este 2025 para seguir disfrutando juntos y juntas de estos momentos del a\u00f1o que nos alegran la vida.<\/p>\n<p>Y si eres de los que aunque todav\u00eda estemos en pleno invierno, pero<strong> sigues so\u00f1ando con tus vacaciones de verano<\/strong>, recuerda que <a href=\"https:\/\/www.campingverneda.com\/\" target=\"_blank\" rel=\"noopener\">las reservas ya est\u00e1n abiertas<\/a>. Cuanto antes reserves, \u00a1mejores opciones tendr\u00e1s!<\/p>\n","protected":false},"excerpt":{"rendered":"<p>Otro a\u00f1o que ha pasado volando, y ya os estamos deseando un feliz 2025. \u00a1Qu\u00e9 r\u00e1pido ha pasado este a\u00f1o! \u00a1Y cu\u00e1ntos momentos nos ha [&hellip;]<\/p>\n","protected":false},"author":1,"featured_media":4901,"comment_status":"open","ping_status":"open","sticky":false,"template":"","format":"standard","meta":[],"categories":[69],"tags":[1875,1670,1613,1874,751,1537,12,51,1043,11,818,1211,1099],"_links":{"self":[{"href":"https:\/\/www.campingverneda.com\/blog\/wp-json\/wp\/v2\/posts\/5164"}],"collection":[{"href":"https:\/\/www.campingverneda.com\/blog\/wp-json\/wp\/v2\/posts"}],"about":[{"href":"https:\/\/www.campingverneda.com\/blog\/wp-json\/wp\/v2\/types\/post"}],"author":[{"embeddable":true,"href":"https:\/\/www.campingverneda.com\/blog\/wp-json\/wp\/v2\/users\/1"}],"replies":[{"embeddable":true,"href":"https:\/\/www.campingverneda.com\/blog\/wp-json\/wp\/v2\/comments?post=5164"}],"version-history":[{"count":1,"href":"https:\/\/www.campingverneda.com\/blog\/wp-json\/wp\/v2\/posts\/5164\/revisions"}],"predecessor-version":[{"id":5165,"href":"https:\/\/www.campingverneda.com\/blog\/wp-json\/wp\/v2\/posts\/5164\/revisions\/5165"}],"wp:featuredmedia":[{"embeddable":true,"href":"https:\/\/www.campingverneda.com\/blog\/wp-json\/wp\/v2\/media\/4901"}],"wp:attachment":[{"href":"https:\/\/www.campingverneda.com\/blog\/wp-json\/wp\/v2\/media?parent=5164"}],"wp:term":[{"taxonomy":"category","embeddable":true,"href":"https:\/\/www.campingverneda.com\/blog\/wp-json\/wp\/v2\/categories?post=5164"},{"taxonomy":"post_tag","embeddable":true,"href":"https:\/\/www.campingverneda.com\/blog\/wp-json\/wp\/v2\/tags?post=5164"}],"curies":[{"name":"wp","href":"https:\/\/api.w.org\/{rel}","templated":true}]}}