{"id":5149,"date":"2024-12-03T11:28:01","date_gmt":"2024-12-03T11:28:01","guid":{"rendered":"https:\/\/www.campingverneda.com\/blog\/?p=5149"},"modified":"2025-02-10T22:18:44","modified_gmt":"2025-02-10T22:18:44","slug":"invierno-a-lo-vida-verneda","status":"publish","type":"post","link":"https:\/\/www.campingverneda.com\/blog\/2024\/12\/03\/invierno-a-lo-vida-verneda\/","title":{"rendered":"Invierno a lo VIDA Verneda"},"content":{"rendered":"<p>Nos encanta el invierno a lo VIDA Verneda. Porque el invierno a lo VIDA Verneda significa despertar entre el silencio que trae el fr\u00edo a estas monta\u00f1as a los Pirineos, con el calor de la estufa dentro del bungalow de madera. La temporada de invierno representa paseos a otro ritmo, pasos cortos y disfrutando de cada momento entre los bosques que nos rodean en este valle de los Pirineos. Y tambi\u00e9n es ese momento en el que vemos que muchos ni\u00f1os y ni\u00f1as viven sus primeros momentos en contacto con la nieve, <strong>\u00bfhay algo m\u00e1s bonito que sentir la nieve por primera vez?<\/strong><\/p>\n<div id=\"attachment_5150\" style=\"width: 1500px\" class=\"wp-caption alignnone\"><a href=\"https:\/\/www.campingverneda.com\/blog\/2024\/12\/03\/invierno-a-lo-vida-verneda\/verneda-camping-bungalows-valdaran-4\/\" rel=\"attachment wp-att-5150\"><img aria-describedby=\"caption-attachment-5150\" decoding=\"async\" loading=\"lazy\" class=\" wp-image-5150\" src=\"http:\/\/www.campingverneda.com\/blog\/wp-content\/uploads\/2024\/12\/verneda-camping-bungalows-valdaran.png\" alt=\"Camping Verneda bungalows de madera\" width=\"1490\" height=\"621\" srcset=\"https:\/\/www.campingverneda.com\/blog\/wp-content\/uploads\/2024\/12\/verneda-camping-bungalows-valdaran-200x83.png 200w, https:\/\/www.campingverneda.com\/blog\/wp-content\/uploads\/2024\/12\/verneda-camping-bungalows-valdaran-300x125.png 300w, https:\/\/www.campingverneda.com\/blog\/wp-content\/uploads\/2024\/12\/verneda-camping-bungalows-valdaran-400x167.png 400w, https:\/\/www.campingverneda.com\/blog\/wp-content\/uploads\/2024\/12\/verneda-camping-bungalows-valdaran-600x250.png 600w, https:\/\/www.campingverneda.com\/blog\/wp-content\/uploads\/2024\/12\/verneda-camping-bungalows-valdaran-768x320.png 768w, https:\/\/www.campingverneda.com\/blog\/wp-content\/uploads\/2024\/12\/verneda-camping-bungalows-valdaran-800x333.png 800w, https:\/\/www.campingverneda.com\/blog\/wp-content\/uploads\/2024\/12\/verneda-camping-bungalows-valdaran.png 960w\" sizes=\"(max-width: 1490px) 100vw, 1490px\" \/><\/a><p id=\"caption-attachment-5150\" class=\"wp-caption-text\">Bungalows de madera en Camping Verneda<\/p><\/div>\n<p>Tras unas vacaciones necesarias para el equipo de <a href=\"https:\/\/www.campingverneda.com\/\" target=\"_blank\" rel=\"noopener\">Verneda Camping Mountain Resort,<\/a> volvemos el pr\u00f3ximo d\u00eda 4 de diciembre. Durante estas vacaciones de Verneda Camping Mountain Resort, adem\u00e1s de descansar para venir con las pilas cargadas, tambi\u00e9n hemos aprovechado para poner nuestros de bungalows de madera a punto para el invierno. Y tambi\u00e9n para realizar trabajos de mantenimiento, de esos que son muy necesarios pero que no siempre se ven, como son por ejemplo la poda de todos los \u00e1rboles as\u00ed como el reacondicionamiento del c\u00e9sped, para que teng\u00e1is esas parcelas y esas sombras que tanto os gustan durante la primavera y el verano.<br \/>\nAs\u00ed que ya tenemos todas las instalaciones preparadas para <strong>dar la bienvenida al fr\u00edo del invierno en la Val d\u2019Aran<\/strong> con todas las comodidades. Y es que, por ejemplo, por mucho fr\u00edo que pueda sentirse fuera, debes saber que cuando llegas a tu escapada a la monta\u00f1a a Verneda Camping Mountain Resort lo que te espera es tu bungalow calentito.<\/p>\n<p>A partir de ah\u00ed, prep\u00e1rate para <strong>disfrutar de tu visita a la Val d\u2019Aran durante el invierno<\/strong>. Si te gusta esquiar o hacer snowboard, ya sabes que entre estas monta\u00f1as tenemos la mejor estaci\u00f3n de esqu\u00ed de la pen\u00ednsula. Baqueira Beret ya ha comenzado la temporada de invierno, y eso se nota en el ambiente.<\/p>\n<div id=\"attachment_5151\" style=\"width: 1488px\" class=\"wp-caption alignnone\"><a href=\"https:\/\/www.campingverneda.com\/blog\/2024\/12\/03\/invierno-a-lo-vida-verneda\/verneda-camping-bungalows-valdaran-5\/\" rel=\"attachment wp-att-5151\"><img aria-describedby=\"caption-attachment-5151\" decoding=\"async\" loading=\"lazy\" class=\" wp-image-5151\" src=\"http:\/\/www.campingverneda.com\/blog\/wp-content\/uploads\/2024\/12\/verneda-camping-bungalows-valdaran-1.png\" alt=\"Bungalows de madera Camping Verneda\" width=\"1478\" height=\"616\" srcset=\"https:\/\/www.campingverneda.com\/blog\/wp-content\/uploads\/2024\/12\/verneda-camping-bungalows-valdaran-1-200x83.png 200w, https:\/\/www.campingverneda.com\/blog\/wp-content\/uploads\/2024\/12\/verneda-camping-bungalows-valdaran-1-300x125.png 300w, https:\/\/www.campingverneda.com\/blog\/wp-content\/uploads\/2024\/12\/verneda-camping-bungalows-valdaran-1-400x167.png 400w, https:\/\/www.campingverneda.com\/blog\/wp-content\/uploads\/2024\/12\/verneda-camping-bungalows-valdaran-1-600x250.png 600w, https:\/\/www.campingverneda.com\/blog\/wp-content\/uploads\/2024\/12\/verneda-camping-bungalows-valdaran-1-768x320.png 768w, https:\/\/www.campingverneda.com\/blog\/wp-content\/uploads\/2024\/12\/verneda-camping-bungalows-valdaran-1-800x333.png 800w, https:\/\/www.campingverneda.com\/blog\/wp-content\/uploads\/2024\/12\/verneda-camping-bungalows-valdaran-1.png 960w\" sizes=\"(max-width: 1478px) 100vw, 1478px\" \/><\/a><p id=\"caption-attachment-5151\" class=\"wp-caption-text\">Vacaciones de invierno en la Val d&#8217;Aran<\/p><\/div>\n<p>Pero tambi\u00e9n hay muchas otras actividades de invierno para disfrutar de una escapada a la monta\u00f1a, como rutas en raquetas, ambientazo en los pueblos del mejor apr\u00e8s-ski\u2026 El invierno en los Pirineos es cuando m\u00e1s se disfruta, y <strong>en Verneda Camping Mountain Resort te ofrecemos las mejores actividades de invierno<\/strong> para que quieras volver una y otra vez.<\/p>\n<p>S\u00edguenos en nuestros perfiles de<a href=\"https:\/\/www.instagram.com\/vida.verneda\/\" target=\"_blank\" rel=\"noopener\"> Instagram<\/a>, <a href=\"https:\/\/www.facebook.com\/VernedaCampingMountainResort\/\" target=\"_blank\" rel=\"noopener\">Facebook<\/a> y <a href=\"https:\/\/www.tiktok.com\/@vidaverneda?lang=es\" target=\"_blank\" rel=\"noopener\">TikTok<\/a> para ver de cerca el d\u00eda a d\u00eda del invierno a lo #VIDAVerneda.<\/p>\n","protected":false},"excerpt":{"rendered":"<p>Nos encanta el invierno a lo VIDA Verneda. Porque el invierno a lo VIDA Verneda significa despertar entre el silencio que trae el fr\u00edo a [&hellip;]<\/p>\n","protected":false},"author":1,"featured_media":4361,"comment_status":"open","ping_status":"open","sticky":false,"template":"","format":"standard","meta":[],"categories":[1452],"tags":[1298,1631,1867,750,1865,11,1866,1719,1824,1823,1868,818],"_links":{"self":[{"href":"https:\/\/www.campingverneda.com\/blog\/wp-json\/wp\/v2\/posts\/5149"}],"collection":[{"href":"https:\/\/www.campingverneda.com\/blog\/wp-json\/wp\/v2\/posts"}],"about":[{"href":"https:\/\/www.campingverneda.com\/blog\/wp-json\/wp\/v2\/types\/post"}],"author":[{"embeddable":true,"href":"https:\/\/www.campingverneda.com\/blog\/wp-json\/wp\/v2\/users\/1"}],"replies":[{"embeddable":true,"href":"https:\/\/www.campingverneda.com\/blog\/wp-json\/wp\/v2\/comments?post=5149"}],"version-history":[{"count":2,"href":"https:\/\/www.campingverneda.com\/blog\/wp-json\/wp\/v2\/posts\/5149\/revisions"}],"predecessor-version":[{"id":5153,"href":"https:\/\/www.campingverneda.com\/blog\/wp-json\/wp\/v2\/posts\/5149\/revisions\/5153"}],"wp:featuredmedia":[{"embeddable":true,"href":"https:\/\/www.campingverneda.com\/blog\/wp-json\/wp\/v2\/media\/4361"}],"wp:attachment":[{"href":"https:\/\/www.campingverneda.com\/blog\/wp-json\/wp\/v2\/media?parent=5149"}],"wp:term":[{"taxonomy":"category","embeddable":true,"href":"https:\/\/www.campingverneda.com\/blog\/wp-json\/wp\/v2\/categories?post=5149"},{"taxonomy":"post_tag","embeddable":true,"href":"https:\/\/www.campingverneda.com\/blog\/wp-json\/wp\/v2\/tags?post=5149"}],"curies":[{"name":"wp","href":"https:\/\/api.w.org\/{rel}","templated":true}]}}