{"id":5138,"date":"2024-11-18T22:05:09","date_gmt":"2024-11-18T22:05:09","guid":{"rendered":"https:\/\/www.campingverneda.com\/blog\/?p=5138"},"modified":"2024-11-18T22:05:10","modified_gmt":"2024-11-18T22:05:10","slug":"7-cosas-que-debes-hacer-este-invierno-en-la-montana","status":"publish","type":"post","link":"https:\/\/www.campingverneda.com\/blog\/2024\/11\/18\/7-cosas-que-debes-hacer-este-invierno-en-la-montana\/","title":{"rendered":"7 cosas que debes hacer este invierno en la monta\u00f1a"},"content":{"rendered":"<p>Este invierno en la Val d\u2019Aran est\u00e1 con la agenda a reventar. Hay muchos buenos planes para hacer este invierno si vienes a las monta\u00f1as que nos acogen en la Val d\u2019Aran. Este listado lo hemos pensado especialmente si vienes de escapada de fin de semana a este valle de los Pirineos. \u00a17 cosas que debes hacer este invierno para disfrutar de tu escapada a la monta\u00f1a!<\/p>\n<h3>1. Paseo por el Camin Reiau<\/h3>\n<p>En <a href=\"https:\/\/www.tiktok.com\/@vidaverneda?lang=es\">Verneda Camping Mountain Resort<\/a> somos un <strong>alojamiento pet friendly<\/strong>. Por esto, si vienes un fin de semana en invierno a la Val d\u2019Aran debes saber que tenemos<strong> entrada directa al Camin Reiau<\/strong>,<strong> un paseo que recorre los pueblos que forman la Val d\u2019Aran<\/strong>. Levantarse y dar el primer paseo del d\u00eda por el Camin Reiau con tu perro se convertir\u00e1 en <strong>la mejor forma de empezar el d\u00eda<\/strong> para ambos.<\/p>\n<div id=\"attachment_5139\" style=\"width: 1959px\" class=\"wp-caption alignnone\"><a href=\"https:\/\/www.campingverneda.com\/blog\/2024\/11\/18\/7-cosas-que-debes-hacer-este-invierno-en-la-montana\/verneda-camping-bungalows-2-2\/\" rel=\"attachment wp-att-5139\"><img aria-describedby=\"caption-attachment-5139\" decoding=\"async\" loading=\"lazy\" class=\"wp-image-5139 \" src=\"http:\/\/www.campingverneda.com\/blog\/wp-content\/uploads\/2024\/11\/verneda-camping-bungalows-2.png\" alt=\"planes en la val d'aran en invienro\" width=\"1949\" height=\"812\" srcset=\"https:\/\/www.campingverneda.com\/blog\/wp-content\/uploads\/2024\/11\/verneda-camping-bungalows-2-200x83.png 200w, https:\/\/www.campingverneda.com\/blog\/wp-content\/uploads\/2024\/11\/verneda-camping-bungalows-2-300x125.png 300w, https:\/\/www.campingverneda.com\/blog\/wp-content\/uploads\/2024\/11\/verneda-camping-bungalows-2-400x167.png 400w, https:\/\/www.campingverneda.com\/blog\/wp-content\/uploads\/2024\/11\/verneda-camping-bungalows-2-600x250.png 600w, https:\/\/www.campingverneda.com\/blog\/wp-content\/uploads\/2024\/11\/verneda-camping-bungalows-2-768x320.png 768w, https:\/\/www.campingverneda.com\/blog\/wp-content\/uploads\/2024\/11\/verneda-camping-bungalows-2-800x333.png 800w, https:\/\/www.campingverneda.com\/blog\/wp-content\/uploads\/2024\/11\/verneda-camping-bungalows-2.png 960w\" sizes=\"(max-width: 1949px) 100vw, 1949px\" \/><\/a><p id=\"caption-attachment-5139\" class=\"wp-caption-text\">Despertar desde nuestros bungalows de madera<\/p><\/div>\n<h3>2. Desayunar en Pan N\u00f2ste<\/h3>\n<p>\u00bfQu\u00e9 te gusta desayunar? <strong>Pan Noste es uno de nuestros lugares favoritos para desayunar<\/strong>, tanto deliciosos croissants como bocadillos con pan con tomate. Una buena forma de coger fuerzas para aprovechar cada momento de la escapada a la Val d\u2019Aran.<\/p>\n<h3>3. Ruta en raquetas<\/h3>\n<p>Avisamos: \u00a1quien se estrena en rutas en raqueta en la Val d\u2019Aran, siempre repite! En <a href=\"https:\/\/www.facebook.com\/VernedaCampingMountainResort\/\" target=\"_blank\" rel=\"noopener\">Verneda Camping Mountain Resort<\/a>\u00a0 os asesoramos sobre<a href=\"https:\/\/www.campingverneda.com\/invierno\" target=\"_blank\" rel=\"noopener\"> las mejores rutas para disfrutar del invierno en raquetas<\/a>.<\/p>\n<h3>4. Visitar Montgarri<\/h3>\n<p>El santuario de Montgarri, es una de las mejores ubicaciones para perderse en cualquier \u00e9poca del a\u00f1o. Seg\u00fan cantidad de nieve, puedes acceder caminando, o bien en raquetas.<\/p>\n<h3>5. Comer rico en Eth Corn\u00e8r<\/h3>\n<p>Si Eth Corn\u00e8r es uno de los restaurantes estrella de la Val d\u2019Aran ser\u00e1 por algo, \u00bfno? \u00bfSer\u00e1 que tiene el mejor secreto del valle? \u00bfSer\u00e1 que sus platos de caza son exquisitos? Si no lo conoces, no sabemos a qu\u00e9 est\u00e1s esperando.<\/p>\n<p><a href=\"https:\/\/www.campingverneda.com\/blog\/2024\/11\/18\/7-cosas-que-debes-hacer-este-invierno-en-la-montana\/verneda-camping-bungalows-4\/\" rel=\"attachment wp-att-5140\"><img decoding=\"async\" loading=\"lazy\" class=\"alignnone  wp-image-5140\" src=\"http:\/\/www.campingverneda.com\/blog\/wp-content\/uploads\/2024\/11\/verneda-camping-bungalows.png\" alt=\"buenos planes de invierno en la val d'aran\" width=\"1954\" height=\"814\" srcset=\"https:\/\/www.campingverneda.com\/blog\/wp-content\/uploads\/2024\/11\/verneda-camping-bungalows-200x83.png 200w, https:\/\/www.campingverneda.com\/blog\/wp-content\/uploads\/2024\/11\/verneda-camping-bungalows-300x125.png 300w, https:\/\/www.campingverneda.com\/blog\/wp-content\/uploads\/2024\/11\/verneda-camping-bungalows-400x167.png 400w, https:\/\/www.campingverneda.com\/blog\/wp-content\/uploads\/2024\/11\/verneda-camping-bungalows-600x250.png 600w, https:\/\/www.campingverneda.com\/blog\/wp-content\/uploads\/2024\/11\/verneda-camping-bungalows-768x320.png 768w, https:\/\/www.campingverneda.com\/blog\/wp-content\/uploads\/2024\/11\/verneda-camping-bungalows-800x333.png 800w, https:\/\/www.campingverneda.com\/blog\/wp-content\/uploads\/2024\/11\/verneda-camping-bungalows.png 960w\" sizes=\"(max-width: 1954px) 100vw, 1954px\" \/><\/a><\/p>\n<h3>6. Pueblos de la Val d\u2019Aran<\/h3>\n<p>La Val d\u2019Aran est\u00e1 formada por 33 pueblos, y todos son dignos de postal. Aprovecha la tarde para dar una vuelta por ellos y conocer rincones de cuento. Bagergue, Bausen y Arties son nuestros favoritos.<\/p>\n<h3>7. Tardeo en Fandango<\/h3>\n<p><a href=\"https:\/\/www.instagram.com\/fandango_baqueira\/\" target=\"_blank\" rel=\"noopener\">Fandango Baqueira<\/a> es el lugar perfecto para disfrutar del aut\u00e9ntico tardeo en Baqueira Beret. Buenos vinos, una carta gastron\u00f3mica exquisita y el mejor ambiente apr\u00e8s-ski<\/p>\n","protected":false},"excerpt":{"rendered":"<p>Este invierno en la Val d\u2019Aran est\u00e1 con la agenda a reventar. Hay muchos buenos planes para hacer este invierno si vienes a las monta\u00f1as [&hellip;]<\/p>\n","protected":false},"author":1,"featured_media":1783,"comment_status":"open","ping_status":"open","sticky":false,"template":"","format":"standard","meta":[],"categories":[1452,73,795],"tags":[1854,1860,1855,11,1719,1111,1147,740,1853,1857,1856,1858,1683,1684,1859,818],"_links":{"self":[{"href":"https:\/\/www.campingverneda.com\/blog\/wp-json\/wp\/v2\/posts\/5138"}],"collection":[{"href":"https:\/\/www.campingverneda.com\/blog\/wp-json\/wp\/v2\/posts"}],"about":[{"href":"https:\/\/www.campingverneda.com\/blog\/wp-json\/wp\/v2\/types\/post"}],"author":[{"embeddable":true,"href":"https:\/\/www.campingverneda.com\/blog\/wp-json\/wp\/v2\/users\/1"}],"replies":[{"embeddable":true,"href":"https:\/\/www.campingverneda.com\/blog\/wp-json\/wp\/v2\/comments?post=5138"}],"version-history":[{"count":2,"href":"https:\/\/www.campingverneda.com\/blog\/wp-json\/wp\/v2\/posts\/5138\/revisions"}],"predecessor-version":[{"id":5142,"href":"https:\/\/www.campingverneda.com\/blog\/wp-json\/wp\/v2\/posts\/5138\/revisions\/5142"}],"wp:featuredmedia":[{"embeddable":true,"href":"https:\/\/www.campingverneda.com\/blog\/wp-json\/wp\/v2\/media\/1783"}],"wp:attachment":[{"href":"https:\/\/www.campingverneda.com\/blog\/wp-json\/wp\/v2\/media?parent=5138"}],"wp:term":[{"taxonomy":"category","embeddable":true,"href":"https:\/\/www.campingverneda.com\/blog\/wp-json\/wp\/v2\/categories?post=5138"},{"taxonomy":"post_tag","embeddable":true,"href":"https:\/\/www.campingverneda.com\/blog\/wp-json\/wp\/v2\/tags?post=5138"}],"curies":[{"name":"wp","href":"https:\/\/api.w.org\/{rel}","templated":true}]}}