{"id":5132,"date":"2024-11-05T12:31:13","date_gmt":"2024-11-05T12:31:13","guid":{"rendered":"https:\/\/www.campingverneda.com\/blog\/?p=5132"},"modified":"2024-12-24T14:33:58","modified_gmt":"2024-12-24T14:33:58","slug":"planes-de-shopping-en-la-val-daran","status":"publish","type":"post","link":"https:\/\/www.campingverneda.com\/blog\/2024\/11\/05\/planes-de-shopping-en-la-val-daran\/","title":{"rendered":"Planes de shopping en la Val d\u2019Aran"},"content":{"rendered":"<p>La Val d\u2019Aran tiene much\u00edsimos planes de shopping. Depende de lo que busques en tu fin de semana en la Val d\u2019Aran, hoy os vamos a recomendar algunos de nuestros sitios favoritos para hacer shopping en la Val d\u2019Aran. Nos encantar\u00eda extendernos en un listado con m\u00e1s menciones, pero seguiremos hablando de los mejores planes de compras, planes gastron\u00f3micos, planes deportivos y todos los buenos planes en la Val deparan desde nuestro <a href=\"https:\/\/www.campingverneda.com\/blog\/\" target=\"_blank\" rel=\"noopener\">blog de Verneda Camping Mountain Resort<\/a>.<\/p>\n<div id=\"attachment_5133\" style=\"width: 2386px\" class=\"wp-caption alignnone\"><a href=\"https:\/\/www.campingverneda.com\/blog\/2024\/11\/05\/planes-de-shopping-en-la-val-daran\/verneda-camping-valdaran-catalunya\/\" rel=\"attachment wp-att-5133\"><img aria-describedby=\"caption-attachment-5133\" decoding=\"async\" loading=\"lazy\" class=\"wp-image-5133 \" src=\"http:\/\/www.campingverneda.com\/blog\/wp-content\/uploads\/2024\/11\/verneda-camping-valdaran-catalunya.png\" alt=\"Pueblos de la Val d'Aran\" width=\"2376\" height=\"990\" srcset=\"https:\/\/www.campingverneda.com\/blog\/wp-content\/uploads\/2024\/11\/verneda-camping-valdaran-catalunya-200x83.png 200w, https:\/\/www.campingverneda.com\/blog\/wp-content\/uploads\/2024\/11\/verneda-camping-valdaran-catalunya-300x125.png 300w, https:\/\/www.campingverneda.com\/blog\/wp-content\/uploads\/2024\/11\/verneda-camping-valdaran-catalunya-400x167.png 400w, https:\/\/www.campingverneda.com\/blog\/wp-content\/uploads\/2024\/11\/verneda-camping-valdaran-catalunya-600x250.png 600w, https:\/\/www.campingverneda.com\/blog\/wp-content\/uploads\/2024\/11\/verneda-camping-valdaran-catalunya-768x320.png 768w, https:\/\/www.campingverneda.com\/blog\/wp-content\/uploads\/2024\/11\/verneda-camping-valdaran-catalunya-800x333.png 800w, https:\/\/www.campingverneda.com\/blog\/wp-content\/uploads\/2024\/11\/verneda-camping-valdaran-catalunya.png 960w\" sizes=\"(max-width: 2376px) 100vw, 2376px\" \/><\/a><p id=\"caption-attachment-5133\" class=\"wp-caption-text\">Pueblos de la Val d&#8217;Aran<\/p><\/div>\n<h3>Shopping en Vielha<\/h3>\n<p>Para hacer un buen de compras necesitas desayunar bien. As\u00ed que <strong>para desayunar os recordamos Caf\u00e9 Nuevo en Vielha y el Bre\u00e7<\/strong>, ambos son espacios acogedores en el centro de Vielha con el mejor ambiente y desayuno dulce y salado.<\/p>\n<p>Si lo que est\u00e1s buscando en tu shopping en ropa de las mejores marcas, COPOS Skicenter es la tienda que est\u00e1s buscando en Vielha. <strong>COPOS Skicenter lleva m\u00e1s de 40 a\u00f1os siendo un referente en ropa de esqu\u00ed, bici y deportes outdoor en general<\/strong>. Cualquier cosa que est\u00e9s buscando en tu plan de compras en la Val d\u2019Aran, seguro que lo encuentras en<a href=\"https:\/\/www.instagram.com\/coposskicenter\/\" target=\"_blank\" rel=\"noopener\"> COPOS Skicenter<\/a>.<\/p>\n<p>Pero si estabas buscando hacer unas compras por Vielha para complementos para tu d\u00eda a d\u00eda,<strong> accesorios hechos a mano y de forma sostenible<\/strong>, te recomendamos que conozcas la t<strong>ienda Amber<\/strong>.<\/p>\n<p>Si eres de los que cuando visitas un lugar lo que te gusta es llevarte la comida t\u00edpica, en la Val d\u2019Aran hay varios lugares d\u00f3nde puedes encontrar la deliciosa Olha Aranesa, as\u00ed como zumos y cervezas artesanas hechas en la Val d\u2019Aran, una infinidad de dulces, y por supuesto, los alimentos estrella como son los embutidos de Ordo\u00f1ez y los yogures de Hormatgeria Irisa. Uno de los mejores lugares para visitar y encontrar todas estas delicias es el <strong>Galin Reiau<\/strong>, en el coraz\u00f3n de Vielha, la capital de la Val d\u2019Aran. Un lugar con un excelente trato la cliente que te ayudaran a escoger lo mejor de la Val d\u2019Aran para que lo disfrutes al calor de tu hogar.<\/p>\n<div id=\"attachment_5134\" style=\"width: 2391px\" class=\"wp-caption alignnone\"><a href=\"https:\/\/www.campingverneda.com\/blog\/2024\/11\/05\/planes-de-shopping-en-la-val-daran\/verneda-camping-valdaran-3\/\" rel=\"attachment wp-att-5134\"><img aria-describedby=\"caption-attachment-5134\" decoding=\"async\" loading=\"lazy\" class=\"wp-image-5134 \" src=\"http:\/\/www.campingverneda.com\/blog\/wp-content\/uploads\/2024\/11\/verneda-camping-valdaran.png\" alt=\"\" width=\"2381\" height=\"992\" srcset=\"https:\/\/www.campingverneda.com\/blog\/wp-content\/uploads\/2024\/11\/verneda-camping-valdaran-200x83.png 200w, https:\/\/www.campingverneda.com\/blog\/wp-content\/uploads\/2024\/11\/verneda-camping-valdaran-300x125.png 300w, https:\/\/www.campingverneda.com\/blog\/wp-content\/uploads\/2024\/11\/verneda-camping-valdaran-400x167.png 400w, https:\/\/www.campingverneda.com\/blog\/wp-content\/uploads\/2024\/11\/verneda-camping-valdaran-600x250.png 600w, https:\/\/www.campingverneda.com\/blog\/wp-content\/uploads\/2024\/11\/verneda-camping-valdaran-768x320.png 768w, https:\/\/www.campingverneda.com\/blog\/wp-content\/uploads\/2024\/11\/verneda-camping-valdaran-800x333.png 800w, https:\/\/www.campingverneda.com\/blog\/wp-content\/uploads\/2024\/11\/verneda-camping-valdaran.png 960w\" sizes=\"(max-width: 2381px) 100vw, 2381px\" \/><\/a><p id=\"caption-attachment-5134\" class=\"wp-caption-text\">Casarilh<\/p><\/div>\n<p>Seguiremos ampliando esta lista en nuestros perfiles de <a href=\"https:\/\/www.instagram.com\/vida.verneda\/\" target=\"_blank\" rel=\"noopener\">Instagram,<\/a> <a href=\"https:\/\/www.facebook.com\/VernedaCampingMountainResort\/\" target=\"_blank\" rel=\"noopener\">Facebook<\/a> y <a href=\"https:\/\/www.tiktok.com\/@vidaverneda?lang=es\" target=\"_blank\" rel=\"noopener\">TikTok<\/a>.<\/p>\n","protected":false},"excerpt":{"rendered":"<p>La Val d\u2019Aran tiene much\u00edsimos planes de shopping. Depende de lo que busques en tu fin de semana en la Val d\u2019Aran, hoy os vamos [&hellip;]<\/p>\n","protected":false},"author":1,"featured_media":3287,"comment_status":"open","ping_status":"open","sticky":false,"template":"","format":"standard","meta":[],"categories":[98],"tags":[1848,93,1043,11,1085,1836,1837,1835,1838,643,1847,1834,1833,1832,1852,1851,1850,1849,884,701,1828,1831,1830,1829,1846,1844,1843,1845,1841,1840,1839,1842,818],"_links":{"self":[{"href":"https:\/\/www.campingverneda.com\/blog\/wp-json\/wp\/v2\/posts\/5132"}],"collection":[{"href":"https:\/\/www.campingverneda.com\/blog\/wp-json\/wp\/v2\/posts"}],"about":[{"href":"https:\/\/www.campingverneda.com\/blog\/wp-json\/wp\/v2\/types\/post"}],"author":[{"embeddable":true,"href":"https:\/\/www.campingverneda.com\/blog\/wp-json\/wp\/v2\/users\/1"}],"replies":[{"embeddable":true,"href":"https:\/\/www.campingverneda.com\/blog\/wp-json\/wp\/v2\/comments?post=5132"}],"version-history":[{"count":2,"href":"https:\/\/www.campingverneda.com\/blog\/wp-json\/wp\/v2\/posts\/5132\/revisions"}],"predecessor-version":[{"id":5136,"href":"https:\/\/www.campingverneda.com\/blog\/wp-json\/wp\/v2\/posts\/5132\/revisions\/5136"}],"wp:featuredmedia":[{"embeddable":true,"href":"https:\/\/www.campingverneda.com\/blog\/wp-json\/wp\/v2\/media\/3287"}],"wp:attachment":[{"href":"https:\/\/www.campingverneda.com\/blog\/wp-json\/wp\/v2\/media?parent=5132"}],"wp:term":[{"taxonomy":"category","embeddable":true,"href":"https:\/\/www.campingverneda.com\/blog\/wp-json\/wp\/v2\/categories?post=5132"},{"taxonomy":"post_tag","embeddable":true,"href":"https:\/\/www.campingverneda.com\/blog\/wp-json\/wp\/v2\/tags?post=5132"}],"curies":[{"name":"wp","href":"https:\/\/api.w.org\/{rel}","templated":true}]}}