{"id":5128,"date":"2024-10-29T09:51:10","date_gmt":"2024-10-29T09:51:10","guid":{"rendered":"https:\/\/www.campingverneda.com\/blog\/?p=5128"},"modified":"2025-02-10T22:19:14","modified_gmt":"2025-02-10T22:19:14","slug":"escapada-a-la-montana","status":"publish","type":"post","link":"https:\/\/www.campingverneda.com\/blog\/2024\/10\/29\/escapada-a-la-montana\/","title":{"rendered":"Escapada a la monta\u00f1a"},"content":{"rendered":"<p>Ahora es ese momento del a\u00f1o en la que s\u00f3lo podemos pensar en una <strong>buena escapada a la monta\u00f1a<\/strong>. Y es que por estas fechas ya estamos contando los d\u00edas para hacer esa escapada a la monta\u00f1a que nos llena de vida.<\/p>\n<p>Adem\u00e1s, es cuesti\u00f3n de d\u00edas o pocas semanas que comience la <strong>temporada de nieve en la Val d\u2019Aran.<\/strong> Mientras llega la gran primera nevada de la temporada, la Val d\u2019Aran es el destino perfecto para una escapada a la monta\u00f1a.<\/p>\n<div id=\"attachment_5129\" style=\"width: 1973px\" class=\"wp-caption alignnone\"><a href=\"https:\/\/www.campingverneda.com\/blog\/2024\/10\/29\/escapada-a-la-montana\/verneda-camping-bungalows-3\/\" rel=\"attachment wp-att-5129\"><img aria-describedby=\"caption-attachment-5129\" decoding=\"async\" loading=\"lazy\" class=\"wp-image-5129 \" src=\"http:\/\/www.campingverneda.com\/blog\/wp-content\/uploads\/2024\/10\/verneda-camping-bungalows.png\" alt=\"Bungalows de madera en Verneda Camping Mountain resort\" width=\"1963\" height=\"818\" srcset=\"https:\/\/www.campingverneda.com\/blog\/wp-content\/uploads\/2024\/10\/verneda-camping-bungalows-200x83.png 200w, https:\/\/www.campingverneda.com\/blog\/wp-content\/uploads\/2024\/10\/verneda-camping-bungalows-300x125.png 300w, https:\/\/www.campingverneda.com\/blog\/wp-content\/uploads\/2024\/10\/verneda-camping-bungalows-400x167.png 400w, https:\/\/www.campingverneda.com\/blog\/wp-content\/uploads\/2024\/10\/verneda-camping-bungalows-600x250.png 600w, https:\/\/www.campingverneda.com\/blog\/wp-content\/uploads\/2024\/10\/verneda-camping-bungalows-768x320.png 768w, https:\/\/www.campingverneda.com\/blog\/wp-content\/uploads\/2024\/10\/verneda-camping-bungalows-800x333.png 800w, https:\/\/www.campingverneda.com\/blog\/wp-content\/uploads\/2024\/10\/verneda-camping-bungalows.png 960w\" sizes=\"(max-width: 1963px) 100vw, 1963px\" \/><\/a><p id=\"caption-attachment-5129\" class=\"wp-caption-text\">D\u00eda de cabana<\/p><\/div>\n<h3>La mejor escapada a la monta\u00f1a<\/h3>\n<p><strong>La mejor experiencia es esa en la que te das un tiempo de calidad contigo mismo, con tu pareja, con la familia o amigos y amigas.<\/strong> El tiempo pasa, y r\u00e1pido, as\u00ed que esos momentos en los que decides hacer una escapada a la monta\u00f1a es para permitirte disfrutar ese tiempo de calidad, con atenci\u00f3n, sin mirar el reloj, sin prisas\u2026 Ser\u00eda algo as\u00ed como mimetizarte con el ritmo de <a href=\"https:\/\/www.campingverneda.com\/entorno\" target=\"_blank\" rel=\"noopener\">la propia naturaleza que nos rodea<\/a> en Verneda Camping Mountain Resort.<\/p>\n<p>Durante las pr\u00f3ximas semanas el paisaje de la Val d\u2019Aran ir\u00e1 cambiando de su multicolor oto\u00f1o al manto blanco de nieve que todo lo cubre. \u00bfCu\u00e1l es tu mejor plan para una escapada a la monta\u00f1a? \u00bfEres m\u00e1s de rutas en bici por los puertos de monta\u00f1a o prefieres hacer mu\u00f1ecos de nieve?<\/p>\n<p>Por ejemplo, si tu plan perfecto para una escapada a la monta\u00f1a es caminar, ahora es un buen momento para hacer una<strong> ruta por la Artiga de Lin o pasear por el bosque de Conangles y a Val de Moli\u00e8res<\/strong>. A partir de cuando llegue la nieve, un plan que siempre se disfruta es hacer una ruta en raquetas, \u00a1y descubrir nuevas panor\u00e1micas de este valle de los Pirineos!<\/p>\n<p>La Val d\u2019Aran est\u00e1 llena de buenos planes para este oto\u00f1o-invierno, ahora s\u00f3lo tienes que planificar tu fin de semana. <a href=\"https:\/\/thelisresa.webcamp.fr\/?camping=verneda&amp;lang=es&amp;PHPSESSID=p956aihraoo1kohfln5n2vpofl\" target=\"_blank\" rel=\"noopener\">Organiza ya tu escapada a la monta\u00f1a en Verneda Camping Mountain Resort<\/a> y aprovecha el descuento activo en nuestros <a href=\"https:\/\/www.campingverneda.com\/bungalows\" target=\"_blank\" rel=\"noopener\">bungalows de madera<\/a>.<\/p>\n","protected":false},"excerpt":{"rendered":"<p>Ahora es ese momento del a\u00f1o en la que s\u00f3lo podemos pensar en una buena escapada a la monta\u00f1a. Y es que por estas fechas [&hellip;]<\/p>\n","protected":false},"author":1,"featured_media":3614,"comment_status":"open","ping_status":"open","sticky":false,"template":"","format":"standard","meta":[],"categories":[72],"tags":[1601,1266,11,1719,1827,1824,1823,1826,1193,1721,1468,1470,818,1825],"_links":{"self":[{"href":"https:\/\/www.campingverneda.com\/blog\/wp-json\/wp\/v2\/posts\/5128"}],"collection":[{"href":"https:\/\/www.campingverneda.com\/blog\/wp-json\/wp\/v2\/posts"}],"about":[{"href":"https:\/\/www.campingverneda.com\/blog\/wp-json\/wp\/v2\/types\/post"}],"author":[{"embeddable":true,"href":"https:\/\/www.campingverneda.com\/blog\/wp-json\/wp\/v2\/users\/1"}],"replies":[{"embeddable":true,"href":"https:\/\/www.campingverneda.com\/blog\/wp-json\/wp\/v2\/comments?post=5128"}],"version-history":[{"count":2,"href":"https:\/\/www.campingverneda.com\/blog\/wp-json\/wp\/v2\/posts\/5128\/revisions"}],"predecessor-version":[{"id":5131,"href":"https:\/\/www.campingverneda.com\/blog\/wp-json\/wp\/v2\/posts\/5128\/revisions\/5131"}],"wp:featuredmedia":[{"embeddable":true,"href":"https:\/\/www.campingverneda.com\/blog\/wp-json\/wp\/v2\/media\/3614"}],"wp:attachment":[{"href":"https:\/\/www.campingverneda.com\/blog\/wp-json\/wp\/v2\/media?parent=5128"}],"wp:term":[{"taxonomy":"category","embeddable":true,"href":"https:\/\/www.campingverneda.com\/blog\/wp-json\/wp\/v2\/categories?post=5128"},{"taxonomy":"post_tag","embeddable":true,"href":"https:\/\/www.campingverneda.com\/blog\/wp-json\/wp\/v2\/tags?post=5128"}],"curies":[{"name":"wp","href":"https:\/\/api.w.org\/{rel}","templated":true}]}}