{"id":5122,"date":"2024-10-21T12:09:37","date_gmt":"2024-10-21T12:09:37","guid":{"rendered":"https:\/\/www.campingverneda.com\/blog\/?p=5122"},"modified":"2024-12-24T14:34:16","modified_gmt":"2024-12-24T14:34:16","slug":"halloween-vs-castanada","status":"publish","type":"post","link":"https:\/\/www.campingverneda.com\/blog\/2024\/10\/21\/halloween-vs-castanada\/","title":{"rendered":"Halloween vs Casta\u00f1ada"},"content":{"rendered":"<p>Entramos en esos d\u00edas en los que viene la eterna pregunta de si celebramos Halloween o la Casta\u00f1ada, y en la Val d\u2019Aran lo tenemos todo. Este ser\u00e1 el primer puente desde la vuelta al cole, as\u00ed que hay ver todas las actividades que se ofrecen y hacer un buen plan seguro, sobre todo si tienes el plan de hacer una escapada en familia a la monta\u00f1a.<\/p>\n<p>En la Val d\u2019Aran celebramos ambos, Halloween y la Casta\u00f1ada Por ejemplo, en el <strong><a href=\"https:\/\/www.instagram.com\/visittredos\/\" target=\"_blank\" rel=\"noopener\">Camino de la Bruisha en Tred\u00f3s<\/a>, todo se ambienta para celebrar Halloween<\/strong>. Este camino es perfecto para hacer en familia, especialmente con los y las peques de casa. Aqu\u00ed los personajes cobran vida, m\u00e1s a\u00fan las brujas.<\/p>\n<p>Tambi\u00e9n se puede celebrar Halloween en Boss\u00f2st y Vielha con los diferentes pasajes del terror para adultos, y para ni\u00f1os y ni\u00f1as. Buenos planes para gritar un poquito de susto mientras disfrutamos de todo lo que hay en estos pueblos de la Val d\u2019Aran.<\/p>\n<div id=\"attachment_5124\" style=\"width: 1823px\" class=\"wp-caption alignnone\"><a href=\"https:\/\/www.campingverneda.com\/blog\/2024\/10\/21\/halloween-vs-castanada\/caminderabruisha\/\" rel=\"attachment wp-att-5124\"><img aria-describedby=\"caption-attachment-5124\" decoding=\"async\" loading=\"lazy\" class=\"wp-image-5124 \" src=\"http:\/\/www.campingverneda.com\/blog\/wp-content\/uploads\/2024\/10\/caminderabruisha.png\" alt=\"Camin dera Bruisha en la Val d'Aran\" width=\"1813\" height=\"1050\" srcset=\"https:\/\/www.campingverneda.com\/blog\/wp-content\/uploads\/2024\/10\/caminderabruisha-200x116.png 200w, https:\/\/www.campingverneda.com\/blog\/wp-content\/uploads\/2024\/10\/caminderabruisha-300x174.png 300w, https:\/\/www.campingverneda.com\/blog\/wp-content\/uploads\/2024\/10\/caminderabruisha-400x232.png 400w, https:\/\/www.campingverneda.com\/blog\/wp-content\/uploads\/2024\/10\/caminderabruisha-600x348.png 600w, https:\/\/www.campingverneda.com\/blog\/wp-content\/uploads\/2024\/10\/caminderabruisha-768x445.png 768w, https:\/\/www.campingverneda.com\/blog\/wp-content\/uploads\/2024\/10\/caminderabruisha.png 801w\" sizes=\"(max-width: 1813px) 100vw, 1813px\" \/><\/a><p id=\"caption-attachment-5124\" class=\"wp-caption-text\">Fuente: Torisme Val d&#8217;Aran<\/p><\/div>\n<h3>\u00bfQu\u00e9 es la Casta\u00f1ada?<\/h3>\n<p>Por supuesto, otro plan es celebrar <strong>la Casta\u00f1ada en la Val d\u2019Aran<\/strong>. La Casta\u00f1ada es una fiesta tradicional que nos gusta recordar y que se remonta tres siglos atr\u00e1s. La Casta\u00f1ada siempre se celebra durante la v\u00edspera del D\u00eda de Todos los Santos, el 31 de octubre. Podr\u00edamos decir que es una de las noches m\u00e1s festivas de todo el oto\u00f1o. Aparte de comer casta\u00f1as, otros alimentos t\u00edpicos de la Casta\u00f1ada y que no faltan en esta celebraci\u00f3n son los boniatos y los panellets.<\/p>\n<p>El origen d<strong>e la celebraci\u00f3n de la Casta\u00f1ada procede de una fiesta funeraria vinculada a los cultos paganos<\/strong>. Todo apunta a que esta fiesta de la Casta\u00f1ada empez\u00f3 a celebrarse a finales del siglo XVIII como representaci\u00f3n de un rito funerario en el que se quer\u00eda realzar un sentido simb\u00f3lico de comuni\u00f3n con el alma de las personas fallecidas con las casta\u00f1as. M\u00e1s concretamente, este rito se llevaba a cabo con el asado de las casta\u00f1as -ya que es cuando comienza la temporada- mientras se rezaban las tres partes del rosario.<\/p>\n<p>Aprovecha este primer puente de octubre y<strong> celebra Halloween y la Castanyada en la Val d\u2019Aran<\/strong>. Adem\u00e1s, en<a href=\"https:\/\/thelisresa.webcamp.fr\/list.php?camping=verneda&amp;track=292024&amp;type=2&amp;typelocation=0&amp;nb_pers=0&amp;begin=2024-10-21&amp;end=2024-10-26&amp;duration=5&amp;beginType=0&amp;tolerance=0&amp;lang=es&amp;PHPSESSID=p4c5ni15drptkoi6t3nf04kbvv\" target=\"_blank\" rel=\"noopener\"> Verneda Camping Mountain Resort<\/a> tenemos una <strong>promoci\u00f3n de hasta el 30% de descuento en nuestros bungalows de madera<\/strong>.<\/p>\n","protected":false},"excerpt":{"rendered":"<p>Entramos en esos d\u00edas en los que viene la eterna pregunta de si celebramos Halloween o la Casta\u00f1ada, y en la Val d\u2019Aran lo tenemos [&hellip;]<\/p>\n","protected":false},"author":1,"featured_media":5123,"comment_status":"open","ping_status":"open","sticky":false,"template":"","format":"standard","meta":[],"categories":[71],"tags":[1820,1613,1819,91,51,1043,11,1814,1818,1719,1816,1815,1813,1822,1821,1817,818],"_links":{"self":[{"href":"https:\/\/www.campingverneda.com\/blog\/wp-json\/wp\/v2\/posts\/5122"}],"collection":[{"href":"https:\/\/www.campingverneda.com\/blog\/wp-json\/wp\/v2\/posts"}],"about":[{"href":"https:\/\/www.campingverneda.com\/blog\/wp-json\/wp\/v2\/types\/post"}],"author":[{"embeddable":true,"href":"https:\/\/www.campingverneda.com\/blog\/wp-json\/wp\/v2\/users\/1"}],"replies":[{"embeddable":true,"href":"https:\/\/www.campingverneda.com\/blog\/wp-json\/wp\/v2\/comments?post=5122"}],"version-history":[{"count":2,"href":"https:\/\/www.campingverneda.com\/blog\/wp-json\/wp\/v2\/posts\/5122\/revisions"}],"predecessor-version":[{"id":5126,"href":"https:\/\/www.campingverneda.com\/blog\/wp-json\/wp\/v2\/posts\/5122\/revisions\/5126"}],"wp:featuredmedia":[{"embeddable":true,"href":"https:\/\/www.campingverneda.com\/blog\/wp-json\/wp\/v2\/media\/5123"}],"wp:attachment":[{"href":"https:\/\/www.campingverneda.com\/blog\/wp-json\/wp\/v2\/media?parent=5122"}],"wp:term":[{"taxonomy":"category","embeddable":true,"href":"https:\/\/www.campingverneda.com\/blog\/wp-json\/wp\/v2\/categories?post=5122"},{"taxonomy":"post_tag","embeddable":true,"href":"https:\/\/www.campingverneda.com\/blog\/wp-json\/wp\/v2\/tags?post=5122"}],"curies":[{"name":"wp","href":"https:\/\/api.w.org\/{rel}","templated":true}]}}