{"id":5116,"date":"2024-10-14T15:21:25","date_gmt":"2024-10-14T15:21:25","guid":{"rendered":"https:\/\/www.campingverneda.com\/blog\/?p=5116"},"modified":"2024-12-24T14:35:08","modified_gmt":"2024-12-24T14:35:08","slug":"temporada-de-camping-activa","status":"publish","type":"post","link":"https:\/\/www.campingverneda.com\/blog\/2024\/10\/14\/temporada-de-camping-activa\/","title":{"rendered":"Temporada de camping activa"},"content":{"rendered":"<p>La temporada de camping sigue activa en <a href=\"https:\/\/www.instagram.com\/vida.verneda\/\" target=\"_blank\" rel=\"noopener\">Verneda Camping Mountain Resort<\/a>. Estas son las \u00faltimas semanas para poder desconectar de la rutina del d\u00eda a d\u00eda y hacer lo que m\u00e1s te gusta: compartir momentos de camping rodeado de Naturaleza. Y es que <strong>la vida de camping es la vida mejor<\/strong>, eso todos lo sabemos\u2026 \u00a1pero pocos afortunados se atreven a vivirlo! \u00bfEn qu\u00e9 bando est\u00e1s, camping o no camping?<\/p>\n<p>Conc\u00e9dete una buena <strong>escapada a las monta\u00f1as de los Pirineos<\/strong> tras la vuelta al cole y las obligaciones de la rutina, y vente a<strong> disfrutar<\/strong> de todo lo bueno que caracterizada a la acampada.<\/p>\n<p>Adem\u00e1s, lo bueno de aprovechar esta temporada de camping en oto\u00f1o es que hay mayor sensaci\u00f3n de relax, y la temperatura es perfecta para dormir juntos debajo del saco de dormir. Y dormir juntos puede significar hacerlo con tu pareja, con tu madre, tu perro, gato, ni\u00f1a, ni\u00f1os\u2026 \u00bfHay algo m\u00e1s gustoso que meterse dentro del saco en buena compa\u00f1\u00eda con las temperaturas t\u00edpicas de oto\u00f1o? Uno de los grandes placeres de la vida\u2026<\/p>\n<div id=\"attachment_5117\" style=\"width: 2098px\" class=\"wp-caption alignnone\"><a href=\"https:\/\/www.campingverneda.com\/blog\/2024\/10\/14\/temporada-de-camping-activa\/verneda-otono-bungalows-valdaran\/\" rel=\"attachment wp-att-5117\"><img aria-describedby=\"caption-attachment-5117\" decoding=\"async\" loading=\"lazy\" class=\" wp-image-5117\" src=\"http:\/\/www.campingverneda.com\/blog\/wp-content\/uploads\/2024\/10\/Verneda-otono-bungalows-valdaran.jpg\" alt=\"Acampar en otono en camping verneda\" width=\"2088\" height=\"1073\" srcset=\"https:\/\/www.campingverneda.com\/blog\/wp-content\/uploads\/2024\/10\/Verneda-otono-bungalows-valdaran-200x103.jpg 200w, https:\/\/www.campingverneda.com\/blog\/wp-content\/uploads\/2024\/10\/Verneda-otono-bungalows-valdaran-300x154.jpg 300w, https:\/\/www.campingverneda.com\/blog\/wp-content\/uploads\/2024\/10\/Verneda-otono-bungalows-valdaran-400x206.jpg 400w, https:\/\/www.campingverneda.com\/blog\/wp-content\/uploads\/2024\/10\/Verneda-otono-bungalows-valdaran-600x308.jpg 600w, https:\/\/www.campingverneda.com\/blog\/wp-content\/uploads\/2024\/10\/Verneda-otono-bungalows-valdaran-768x395.jpg 768w, https:\/\/www.campingverneda.com\/blog\/wp-content\/uploads\/2024\/10\/Verneda-otono-bungalows-valdaran-800x411.jpg 800w, https:\/\/www.campingverneda.com\/blog\/wp-content\/uploads\/2024\/10\/Verneda-otono-bungalows-valdaran.jpg 1000w\" sizes=\"(max-width: 2088px) 100vw, 2088px\" \/><\/a><p id=\"caption-attachment-5117\" class=\"wp-caption-text\">Zona de camping<\/p><\/div>\n<p>Hay muchas formas de disfrutar de esta temporada del a\u00f1o, \u00a1y vivirla de camping en la Val d\u2019Aran es nuestra favorita!<\/p>\n<p>Y es que en oto\u00f1o en la Val d\u2019Aran es cuando comienza la temporada de setas, y es el momento de la berrea. \u00bfSe puede pedir m\u00e1s? Pues s\u00ed, hay muchas actividades para <strong>disfrutar de la Val d\u2019Aran en oto\u00f1o practicando Turismo Activo y Turismo Sostenible<\/strong> aparte de las mencionadas, como conocer Era CastanhAda o degustar la gastronom\u00eda local con los productos locales de temporada. \u00bfHas probado alguna vez un arroz con casta\u00f1as?<\/p>\n<p>Aprovechas estas semanas de oto\u00f1o y redescubre la Val d\u2019Aran. Una escapada a la monta\u00f1a siempre es una buena idea. Haz lo que te gusta y recorre este valle de los Pirineos. Disfruta con estos placeres simples de la vida.<\/p>\n","protected":false},"excerpt":{"rendered":"<p>La temporada de camping sigue activa en Verneda Camping Mountain Resort. Estas son las \u00faltimas semanas para poder desconectar de la rutina del d\u00eda a [&hellip;]<\/p>\n","protected":false},"author":1,"featured_media":5118,"comment_status":"open","ping_status":"open","sticky":false,"template":"","format":"standard","meta":[],"categories":[1],"tags":[1437,12,789,91,1812,51,1101,1043,11,318,627,818],"_links":{"self":[{"href":"https:\/\/www.campingverneda.com\/blog\/wp-json\/wp\/v2\/posts\/5116"}],"collection":[{"href":"https:\/\/www.campingverneda.com\/blog\/wp-json\/wp\/v2\/posts"}],"about":[{"href":"https:\/\/www.campingverneda.com\/blog\/wp-json\/wp\/v2\/types\/post"}],"author":[{"embeddable":true,"href":"https:\/\/www.campingverneda.com\/blog\/wp-json\/wp\/v2\/users\/1"}],"replies":[{"embeddable":true,"href":"https:\/\/www.campingverneda.com\/blog\/wp-json\/wp\/v2\/comments?post=5116"}],"version-history":[{"count":2,"href":"https:\/\/www.campingverneda.com\/blog\/wp-json\/wp\/v2\/posts\/5116\/revisions"}],"predecessor-version":[{"id":5120,"href":"https:\/\/www.campingverneda.com\/blog\/wp-json\/wp\/v2\/posts\/5116\/revisions\/5120"}],"wp:featuredmedia":[{"embeddable":true,"href":"https:\/\/www.campingverneda.com\/blog\/wp-json\/wp\/v2\/media\/5118"}],"wp:attachment":[{"href":"https:\/\/www.campingverneda.com\/blog\/wp-json\/wp\/v2\/media?parent=5116"}],"wp:term":[{"taxonomy":"category","embeddable":true,"href":"https:\/\/www.campingverneda.com\/blog\/wp-json\/wp\/v2\/categories?post=5116"},{"taxonomy":"post_tag","embeddable":true,"href":"https:\/\/www.campingverneda.com\/blog\/wp-json\/wp\/v2\/tags?post=5116"}],"curies":[{"name":"wp","href":"https:\/\/api.w.org\/{rel}","templated":true}]}}