{"id":5103,"date":"2024-09-30T15:41:36","date_gmt":"2024-09-30T15:41:36","guid":{"rendered":"https:\/\/www.campingverneda.com\/blog\/?p=5103"},"modified":"2024-10-21T11:50:44","modified_gmt":"2024-10-21T11:50:44","slug":"dia-mundial-del-habitat-2","status":"publish","type":"post","link":"https:\/\/www.campingverneda.com\/blog\/2024\/09\/30\/dia-mundial-del-habitat-2\/","title":{"rendered":"D\u00eda Mundial del H\u00e1bitat"},"content":{"rendered":"<p>El pr\u00f3ximo 7 de octubre es el D\u00eda Mundial del H\u00e1bitat y, como ya es costumbre, lo queremos celebrar con todos vosotros y vosotras.<\/p>\n<p>La<a href=\"https:\/\/www.campingverneda.com\/entorno\" target=\"_blank\" rel=\"noopener\"> Naturaleza es nuestro hogar en Verneda Camping Mountain Resort<\/a>, y por eso consideramos de vital importancia hacer divulgaci\u00f3n sobre la importancia de cuidarla. De hecho, c<strong>uidar y respetar los entornos naturales que nos rodean es nuestra responsabilidad moral,<\/strong> la de todos y todas. \u00bfCu\u00e1ndo fue la \u00faltima vez que hiciste una ruta por la monta\u00f1a? \u00bfHace cu\u00e1nto que no te despiertas escuchando \u00fanicamente el sonido de las hojas de los \u00e1rboles meci\u00e9ndose con el viento? \u00bfReconoces la flora y fauna que hay a tu paso cuando paseas entre bosques? <strong>\u00bfSabes distinguir los \u00e1rboles, plantas o aves que se encuentran en tu ciudad?<\/strong><\/p>\n<p>Este a\u00f1o, el D\u00eda Mundial del H\u00e1bitat se celebrara bajo el lema <strong>&#8220;Involucrar a los j\u00f3venes para crear un mejor futuro urbano\u201d.<\/strong> El objetivo de esta conmemoraci\u00f3n a nivel internacional es \u201cabordar los desaf\u00edos y oportunidades de la r\u00e1pida urbanizaci\u00f3n, centr\u00e1ndose en la <strong>participaci\u00f3n activa de las y los j\u00f3venes<\/strong> en la configuraci\u00f3n de ciudades y comunidades sostenibles. El mundo se est\u00e1 urbanizando r\u00e1pidamente, y muchos residentes urbanos en estos d\u00edas son j\u00f3venes, especialmente en algunos pa\u00edses de \u00c1frica y Asia\u201d.<\/p>\n<div id=\"attachment_5105\" style=\"width: 2098px\" class=\"wp-caption alignnone\"><a href=\"https:\/\/www.campingverneda.com\/blog\/2024\/09\/30\/dia-mundial-del-habitat-2\/val-daran-otono-turismoslow\/\" rel=\"attachment wp-att-5105\"><img aria-describedby=\"caption-attachment-5105\" decoding=\"async\" loading=\"lazy\" class=\" wp-image-5105\" src=\"http:\/\/www.campingverneda.com\/blog\/wp-content\/uploads\/2024\/09\/val-daran-otono-turismoslow.jpg\" alt=\"Val d'Aran en otno, un paraiso para los sentidos\" width=\"2088\" height=\"717\" srcset=\"https:\/\/www.campingverneda.com\/blog\/wp-content\/uploads\/2024\/09\/val-daran-otono-turismoslow-200x69.jpg 200w, https:\/\/www.campingverneda.com\/blog\/wp-content\/uploads\/2024\/09\/val-daran-otono-turismoslow-300x103.jpg 300w, https:\/\/www.campingverneda.com\/blog\/wp-content\/uploads\/2024\/09\/val-daran-otono-turismoslow-400x137.jpg 400w, https:\/\/www.campingverneda.com\/blog\/wp-content\/uploads\/2024\/09\/val-daran-otono-turismoslow-600x206.jpg 600w, https:\/\/www.campingverneda.com\/blog\/wp-content\/uploads\/2024\/09\/val-daran-otono-turismoslow-768x264.jpg 768w, https:\/\/www.campingverneda.com\/blog\/wp-content\/uploads\/2024\/09\/val-daran-otono-turismoslow-800x275.jpg 800w, https:\/\/www.campingverneda.com\/blog\/wp-content\/uploads\/2024\/09\/val-daran-otono-turismoslow-1024x352.jpg 1024w, https:\/\/www.campingverneda.com\/blog\/wp-content\/uploads\/2024\/09\/val-daran-otono-turismoslow.jpg 1200w\" sizes=\"(max-width: 2088px) 100vw, 2088px\" \/><\/a><p id=\"caption-attachment-5105\" class=\"wp-caption-text\">Disfrutar de la Val d&#8217;Aran en oto\u00f1o es una delicia para los sentidos<\/p><\/div>\n<p>Resulta fundamental guiar a los y las j\u00f3venes y peques de casa en esta educaci\u00f3n ambiental para que su generaci\u00f3n tenga conocimiento de la problem\u00e1tica y puedan generar soluciones desde una temprana edad. Y, lo que tambi\u00e9n es muy importante, es generar conversaciones din\u00e1micas entre diferentes comunidades para aprender y, sobre todo, inspirarnos. Esta comunicaci\u00f3n nos puede ayudar a resolver problemas que ya se han solucionado previamente en otros lugares.<\/p>\n<p>Para celebrar con vosotros y vosotras el D\u00eda Mundial del H\u00e1bitat, en Verneda Camping Mountain Resort <a href=\"https:\/\/thelisresa.webcamp.fr\/list.php?camping=verneda&amp;track=292024&amp;type=2&amp;typelocation=0&amp;nb_pers=0&amp;begin=2024-10-06&amp;end=2024-10-11&amp;duration=5&amp;beginType=0&amp;tolerance=0&amp;lang=es&amp;PHPSESSID=p4c5ni15drptkoi6t3nf04kbvv\" target=\"_blank\" rel=\"noopener\">hemos activado una<strong> promoci\u00f3n del 30% de descuento en todos nuestros bungalows<\/strong><\/a>. Nuestro objetivo es poder acercaros a nuestro entorno natural. <strong>Una escapada a la monta\u00f1a en familia durante el oto\u00f1o<\/strong> para conocer nuestro h\u00e1bitat es una manera reconocer este rinc\u00f3n de los Pirineos y aportar vuestra huella positiva a la naturaleza que nos rodea.<\/p>\n","protected":false},"excerpt":{"rendered":"<p>El pr\u00f3ximo 7 de octubre es el D\u00eda Mundial del H\u00e1bitat y, como ya es costumbre, lo queremos celebrar con todos vosotros y vosotras. La [&hellip;]<\/p>\n","protected":false},"author":1,"featured_media":5104,"comment_status":"open","ping_status":"open","sticky":false,"template":"","format":"standard","meta":[],"categories":[1276],"tags":[1807,91,1153,51,1101,11,690,1805,1806,1100,1146,1147,740,748,818],"_links":{"self":[{"href":"https:\/\/www.campingverneda.com\/blog\/wp-json\/wp\/v2\/posts\/5103"}],"collection":[{"href":"https:\/\/www.campingverneda.com\/blog\/wp-json\/wp\/v2\/posts"}],"about":[{"href":"https:\/\/www.campingverneda.com\/blog\/wp-json\/wp\/v2\/types\/post"}],"author":[{"embeddable":true,"href":"https:\/\/www.campingverneda.com\/blog\/wp-json\/wp\/v2\/users\/1"}],"replies":[{"embeddable":true,"href":"https:\/\/www.campingverneda.com\/blog\/wp-json\/wp\/v2\/comments?post=5103"}],"version-history":[{"count":2,"href":"https:\/\/www.campingverneda.com\/blog\/wp-json\/wp\/v2\/posts\/5103\/revisions"}],"predecessor-version":[{"id":5107,"href":"https:\/\/www.campingverneda.com\/blog\/wp-json\/wp\/v2\/posts\/5103\/revisions\/5107"}],"wp:featuredmedia":[{"embeddable":true,"href":"https:\/\/www.campingverneda.com\/blog\/wp-json\/wp\/v2\/media\/5104"}],"wp:attachment":[{"href":"https:\/\/www.campingverneda.com\/blog\/wp-json\/wp\/v2\/media?parent=5103"}],"wp:term":[{"taxonomy":"category","embeddable":true,"href":"https:\/\/www.campingverneda.com\/blog\/wp-json\/wp\/v2\/categories?post=5103"},{"taxonomy":"post_tag","embeddable":true,"href":"https:\/\/www.campingverneda.com\/blog\/wp-json\/wp\/v2\/tags?post=5103"}],"curies":[{"name":"wp","href":"https:\/\/api.w.org\/{rel}","templated":true}]}}