{"id":5097,"date":"2024-09-26T17:08:19","date_gmt":"2024-09-26T17:08:19","guid":{"rendered":"https:\/\/www.campingverneda.com\/blog\/?p=5097"},"modified":"2024-10-21T11:51:10","modified_gmt":"2024-10-21T11:51:10","slug":"cerramos-un-verano-por-lo-alto-gracias","status":"publish","type":"post","link":"https:\/\/www.campingverneda.com\/blog\/2024\/09\/26\/cerramos-un-verano-por-lo-alto-gracias\/","title":{"rendered":"Cerramos un verano por lo alto \u00a1Gracias!"},"content":{"rendered":"<p>Ahora s\u00ed que ha llegado el fin de la temporada de verano. Nos gusta aprovechar el verano hasta el \u00faltimo momento, pero ya se empieza a notar que los d\u00edas son m\u00e1s cortos, y las noches m\u00e1s frescas.<\/p>\n<p>Lo primero de todo, queremos <strong>dar las gracias a todas las personas que nos hab\u00e9is visitado todo este verano<\/strong>. Muchas gracias a las personas que ven\u00eds a disfrutar de la #VIDAVerneda al m\u00e1s puro estilo \u201cla vida de camping es la vida mejor\u201d, y especialmente a esas personas que ven\u00eds a\u00f1o tras a\u00f1o y que ya sois parte de la familia Verneda.<\/p>\n<p>Por supuesto, gracias a las personas que nos hab\u00e9is elegido por primera vez. Esperamos haber cumplido con vuestras expectativas durante vuestras vacaciones en la Val d\u2019Aran. \u00bfQu\u00e9 es eso que m\u00e1s os ha gustado? \u00bfHab\u00e9is echado algo de menos?<\/p>\n<p>Los y las que hay\u00e1is venido a<a href=\"https:\/\/www.campingverneda.com\/mountain-resort\" target=\"_blank\" rel=\"noopener\"> Verneda Camping Mountain Resort<\/a> en furgoneta, caravana, hay\u00e1is dormido en uno de nuestros bungalows de madera o simplemente hay\u00e1is pasado por aqu\u00ed a disfrutar de una paella en nuestro restaurante para daros un ba\u00f1o en nuestra piscina de cloraci\u00f3n salina: \u00a1MUCH\u00cdSIMAS GRACIAS!<\/p>\n<div id=\"attachment_5099\" style=\"width: 2084px\" class=\"wp-caption alignnone\"><a href=\"https:\/\/www.campingverneda.com\/blog\/2024\/09\/26\/cerramos-un-verano-por-lo-alto-gracias\/dcim100mediadji_0167-jpg\/\" rel=\"attachment wp-att-5099\"><img aria-describedby=\"caption-attachment-5099\" decoding=\"async\" loading=\"lazy\" class=\" wp-image-5099\" src=\"http:\/\/www.campingverneda.com\/blog\/wp-content\/uploads\/2024\/09\/Verneda-camping-resort-valdaran.jpg\" alt=\"Verano en camping verneda\" width=\"2074\" height=\"1167\" srcset=\"https:\/\/www.campingverneda.com\/blog\/wp-content\/uploads\/2024\/09\/Verneda-camping-resort-valdaran-200x113.jpg 200w, https:\/\/www.campingverneda.com\/blog\/wp-content\/uploads\/2024\/09\/Verneda-camping-resort-valdaran-300x169.jpg 300w, https:\/\/www.campingverneda.com\/blog\/wp-content\/uploads\/2024\/09\/Verneda-camping-resort-valdaran-400x225.jpg 400w, https:\/\/www.campingverneda.com\/blog\/wp-content\/uploads\/2024\/09\/Verneda-camping-resort-valdaran-600x338.jpg 600w, https:\/\/www.campingverneda.com\/blog\/wp-content\/uploads\/2024\/09\/Verneda-camping-resort-valdaran-768x432.jpg 768w, https:\/\/www.campingverneda.com\/blog\/wp-content\/uploads\/2024\/09\/Verneda-camping-resort-valdaran-800x450.jpg 800w, https:\/\/www.campingverneda.com\/blog\/wp-content\/uploads\/2024\/09\/Verneda-camping-resort-valdaran-1024x576.jpg 1024w, https:\/\/www.campingverneda.com\/blog\/wp-content\/uploads\/2024\/09\/Verneda-camping-resort-valdaran-1200x675.jpg 1200w, https:\/\/www.campingverneda.com\/blog\/wp-content\/uploads\/2024\/09\/Verneda-camping-resort-valdaran.jpg 1500w\" sizes=\"(max-width: 2074px) 100vw, 2074px\" \/><\/a><p id=\"caption-attachment-5099\" class=\"wp-caption-text\">Foto a\u00e9rea de Verneda Camping Mountain Resort<\/p><\/div>\n<p>Por supuesto, no habr\u00edamos pasado tan buen verano en este camping de los Pirineos sin nuestro equipo de trabajo. <strong>GRACIAS infinitas a esas personas que se dejan la piel todos los d\u00edas en verano para que la experiencia de quienes nos visitan sea la mejor<\/strong>. Gracias por tener siempre la mejor de las sonrisas, a pesar del calor, a pesar de la situaci\u00f3n que teng\u00e1is en vuestra vida personal\u2026 \u00a1Much\u00edsimas gracias! Sois el mejor equipo de trabajo que se podr\u00eda imaginar, y nos faltan las palabras de gratitud para agradecer todo el trabajo que hac\u00e9is en Verneda Camping Mountain Resort.<\/p>\n<p>Ahora es el fin de la temporada de verano, pero si tienes plan de venir a conocer la Val d\u2019Aran a todo color durante el oto\u00f1o, y con chaqueta puesta, apunta estas fechas importantes y otros datos de inter\u00e9s:<\/p>\n<ul>\n<li>Nuestro bar-restaurante y piscina gua esta cerrados desde el 8 de septiembre<\/li>\n<li>Nuestra zona de acampada y bungalows sigue abierta hasta noviembre.<\/li>\n<li>Durante el mes de noviembre cerramos nuestras instalaciones para darnos ese merecido descanso y volveremos a abrir del 5 al 7 de diciembre.<\/li>\n<\/ul>\n","protected":false},"excerpt":{"rendered":"<p>Ahora s\u00ed que ha llegado el fin de la temporada de verano. Nos gusta aprovechar el verano hasta el \u00faltimo momento, pero ya se empieza [&hellip;]<\/p>\n","protected":false},"author":1,"featured_media":5098,"comment_status":"open","ping_status":"open","sticky":false,"template":"","format":"standard","meta":[],"categories":[1,72],"tags":[1804,1537,914,51,1043,11,696,818],"_links":{"self":[{"href":"https:\/\/www.campingverneda.com\/blog\/wp-json\/wp\/v2\/posts\/5097"}],"collection":[{"href":"https:\/\/www.campingverneda.com\/blog\/wp-json\/wp\/v2\/posts"}],"about":[{"href":"https:\/\/www.campingverneda.com\/blog\/wp-json\/wp\/v2\/types\/post"}],"author":[{"embeddable":true,"href":"https:\/\/www.campingverneda.com\/blog\/wp-json\/wp\/v2\/users\/1"}],"replies":[{"embeddable":true,"href":"https:\/\/www.campingverneda.com\/blog\/wp-json\/wp\/v2\/comments?post=5097"}],"version-history":[{"count":3,"href":"https:\/\/www.campingverneda.com\/blog\/wp-json\/wp\/v2\/posts\/5097\/revisions"}],"predecessor-version":[{"id":5102,"href":"https:\/\/www.campingverneda.com\/blog\/wp-json\/wp\/v2\/posts\/5097\/revisions\/5102"}],"wp:featuredmedia":[{"embeddable":true,"href":"https:\/\/www.campingverneda.com\/blog\/wp-json\/wp\/v2\/media\/5098"}],"wp:attachment":[{"href":"https:\/\/www.campingverneda.com\/blog\/wp-json\/wp\/v2\/media?parent=5097"}],"wp:term":[{"taxonomy":"category","embeddable":true,"href":"https:\/\/www.campingverneda.com\/blog\/wp-json\/wp\/v2\/categories?post=5097"},{"taxonomy":"post_tag","embeddable":true,"href":"https:\/\/www.campingverneda.com\/blog\/wp-json\/wp\/v2\/tags?post=5097"}],"curies":[{"name":"wp","href":"https:\/\/api.w.org\/{rel}","templated":true}]}}