{"id":5087,"date":"2024-09-12T08:22:58","date_gmt":"2024-09-12T08:22:58","guid":{"rendered":"http:\/\/www.campingverneda.com\/blog\/?p=5087"},"modified":"2024-12-24T14:34:33","modified_gmt":"2024-12-24T14:34:33","slug":"bungalows-de-madera","status":"publish","type":"post","link":"https:\/\/www.campingverneda.com\/blog\/2024\/09\/12\/bungalows-de-madera\/","title":{"rendered":"Bungalows de madera"},"content":{"rendered":"<p>\u00bfCu\u00e1ntas veces has querido hacer una escapada a la monta\u00f1a aloj\u00e1ndote en un bungalow de madera? \u00bfCu\u00e1ntas veces has pensado c\u00f3mo ser\u00eda empezar el d\u00eda en un bungalow de madera con tus personas favoritas? \u00bfC\u00f3mo vivir\u00eda tu perro unos d\u00edas de vacaciones en un bungalow de madera rodeado, o rodeada, de naturaleza desde primera hora?<\/p>\n<p>Si alguna vez te has planteado alguna de estas preguntas, o todas ellas, ha llegado el momento de dejar de cuestionarte.<\/p>\n<div id=\"attachment_5088\" style=\"width: 1670px\" class=\"wp-caption alignnone\"><a href=\"http:\/\/www.campingverneda.com\/blog\/wp-content\/uploads\/2024\/09\/campingverneda-pletaaran-bungalow.jpg\"><img aria-describedby=\"caption-attachment-5088\" decoding=\"async\" loading=\"lazy\" class=\"wp-image-5088 size-full\" src=\"http:\/\/www.campingverneda.com\/blog\/wp-content\/uploads\/2024\/09\/campingverneda-pletaaran-bungalow.jpg\" alt=\"Bungalows en Camping Verneda\" width=\"1660\" height=\"745\" srcset=\"https:\/\/www.campingverneda.com\/blog\/wp-content\/uploads\/2024\/09\/campingverneda-pletaaran-bungalow-200x90.jpg 200w, https:\/\/www.campingverneda.com\/blog\/wp-content\/uploads\/2024\/09\/campingverneda-pletaaran-bungalow-300x135.jpg 300w, https:\/\/www.campingverneda.com\/blog\/wp-content\/uploads\/2024\/09\/campingverneda-pletaaran-bungalow-400x180.jpg 400w, https:\/\/www.campingverneda.com\/blog\/wp-content\/uploads\/2024\/09\/campingverneda-pletaaran-bungalow-600x269.jpg 600w, https:\/\/www.campingverneda.com\/blog\/wp-content\/uploads\/2024\/09\/campingverneda-pletaaran-bungalow-768x345.jpg 768w, https:\/\/www.campingverneda.com\/blog\/wp-content\/uploads\/2024\/09\/campingverneda-pletaaran-bungalow-800x359.jpg 800w, https:\/\/www.campingverneda.com\/blog\/wp-content\/uploads\/2024\/09\/campingverneda-pletaaran-bungalow-1024x460.jpg 1024w, https:\/\/www.campingverneda.com\/blog\/wp-content\/uploads\/2024\/09\/campingverneda-pletaaran-bungalow-1200x539.jpg 1200w, https:\/\/www.campingverneda.com\/blog\/wp-content\/uploads\/2024\/09\/campingverneda-pletaaran-bungalow-1536x689.jpg 1536w, https:\/\/www.campingverneda.com\/blog\/wp-content\/uploads\/2024\/09\/campingverneda-pletaaran-bungalow.jpg 1660w\" sizes=\"(max-width: 1660px) 100vw, 1660px\" \/><\/a><p id=\"caption-attachment-5088\" class=\"wp-caption-text\">Disfruta en familia de nuestras acogedoras caba\u00f1as de madera<\/p><\/div>\n<h3>Bungalows de madera hechos a medida<\/h3>\n<p><a href=\"https:\/\/www.campingverneda.com\/home\" target=\"_blank\" rel=\"noopener\">Verneda Camping Mountain Resort<\/a> tiene diferentes bungalows de madera hechos a medida. <strong>Bungalows de madera, o caba\u00f1as de madera, ubicados en una zona de gran privilegio natural.<\/strong><\/p>\n<p>\u00bfCon qui\u00e9n te gustar\u00eda compartir una escapada de fin de semana a la monta\u00f1a? \u00bfAlguna vez has visitado los Pirineos? \u00bfQu\u00e9 sabes de este valle de valles de los Pirineos? Aprovecha<a href=\"https:\/\/thelisresa.webcamp.fr\/list.php?camping=verneda&amp;track=292024&amp;type=2&amp;typelocation=0&amp;nb_pers=0&amp;begin=2024-10-06&amp;end=2024-10-11&amp;duration=5&amp;beginType=0&amp;tolerance=0&amp;lang=es&amp;PHPSESSID=p4c5ni15drptkoi6t3nf04kbvv\" target=\"_blank\" rel=\"noopener\"> la promoci\u00f3n activa de septiembre<\/a> y ven a dar respuesta positiva a todas estas preguntas.<\/p>\n<p>Bungalows, o caba\u00f1as de madera, dise\u00f1ados para que disfrutes de tu experiencia a la monta\u00f1a desde que llegas a Verneda Camping Mountain Resort. Y es que cada persona es un mundo, y cada familia, y cada cuadrilla o grupeta de amigos o amigas\u2026 Aqu\u00ed puedes ver los diferentes <strong>bungalows de madera<\/strong> que tenemos y, en vez de so\u00f1ar de c\u00f3mo ser\u00eda, ven y <strong>vive la Val d\u2019Aran en primera persona<\/strong>.<\/p>\n<div id=\"attachment_5089\" style=\"width: 1767px\" class=\"wp-caption alignnone\"><a href=\"http:\/\/www.campingverneda.com\/blog\/wp-content\/uploads\/2024\/09\/verneda-campig-bike-and-runn.jpg\"><img aria-describedby=\"caption-attachment-5089\" decoding=\"async\" loading=\"lazy\" class=\"wp-image-5089 size-full\" src=\"http:\/\/www.campingverneda.com\/blog\/wp-content\/uploads\/2024\/09\/verneda-campig-bike-and-runn.jpg\" alt=\"Turismo activo en Camping Verneda\" width=\"1757\" height=\"745\" srcset=\"https:\/\/www.campingverneda.com\/blog\/wp-content\/uploads\/2024\/09\/verneda-campig-bike-and-runn-200x85.jpg 200w, https:\/\/www.campingverneda.com\/blog\/wp-content\/uploads\/2024\/09\/verneda-campig-bike-and-runn-300x127.jpg 300w, https:\/\/www.campingverneda.com\/blog\/wp-content\/uploads\/2024\/09\/verneda-campig-bike-and-runn-400x170.jpg 400w, https:\/\/www.campingverneda.com\/blog\/wp-content\/uploads\/2024\/09\/verneda-campig-bike-and-runn-600x254.jpg 600w, https:\/\/www.campingverneda.com\/blog\/wp-content\/uploads\/2024\/09\/verneda-campig-bike-and-runn-768x326.jpg 768w, https:\/\/www.campingverneda.com\/blog\/wp-content\/uploads\/2024\/09\/verneda-campig-bike-and-runn-800x339.jpg 800w, https:\/\/www.campingverneda.com\/blog\/wp-content\/uploads\/2024\/09\/verneda-campig-bike-and-runn-940x400.jpg 940w, https:\/\/www.campingverneda.com\/blog\/wp-content\/uploads\/2024\/09\/verneda-campig-bike-and-runn-1024x434.jpg 1024w, https:\/\/www.campingverneda.com\/blog\/wp-content\/uploads\/2024\/09\/verneda-campig-bike-and-runn-1200x509.jpg 1200w, https:\/\/www.campingverneda.com\/blog\/wp-content\/uploads\/2024\/09\/verneda-campig-bike-and-runn-1536x651.jpg 1536w, https:\/\/www.campingverneda.com\/blog\/wp-content\/uploads\/2024\/09\/verneda-campig-bike-and-runn.jpg 1757w\" sizes=\"(max-width: 1757px) 100vw, 1757px\" \/><\/a><p id=\"caption-attachment-5089\" class=\"wp-caption-text\">Sigue la v\u00eda verde, el Camin Reiau con tu bicicleta<\/p><\/div>\n<h3>Escapada a la monta\u00f1a<\/h3>\n<p>Te guste m\u00e1s o menos la monta\u00f1a, hacer una buena escapada a esta zona natural es necesario. Si te gustan los deportes outdoor ya sabes de lo que hablamos: \u00a1vitamina para el alma!<\/p>\n<p>Pero si no sueles practicar deportes de monta\u00f1a, como senderismo, trail running, barrancos, escalada, ciclismo de monta\u00f1a, MTB, BTT, etc., debes saber que hacer una escapada a la monta\u00f1a ocasionalmente es \u00a1vitamina para el alma!<\/p>\n<p>Simplemente con el hecho de llegar y respirar, ya entiendes esto que te decimos. Adem\u00e1s, en la Val d\u2019Aran vas a encontrar una amplia oferta gastron\u00f3mica, termas, cultura\u2026 \u00a1Buenos planes para todos los gustos!<\/p>\n<p>Reserva ya tu bungalow de madera. Conoce la <a href=\"https:\/\/www.instagram.com\/vida.verneda\/\" target=\"_blank\" rel=\"noopener\">#VIDAVerneda<\/a>.<\/p>\n","protected":false},"excerpt":{"rendered":"<p>\u00bfCu\u00e1ntas veces has querido hacer una escapada a la monta\u00f1a aloj\u00e1ndote en un bungalow de madera? \u00bfCu\u00e1ntas veces has pensado c\u00f3mo ser\u00eda empezar el d\u00eda [&hellip;]<\/p>\n","protected":false},"author":1,"featured_media":4013,"comment_status":"open","ping_status":"open","sticky":false,"template":"","format":"standard","meta":[],"categories":[69],"tags":[1613,1797,50,733,1150,1564,51,1043,11,1798,1681,818],"_links":{"self":[{"href":"https:\/\/www.campingverneda.com\/blog\/wp-json\/wp\/v2\/posts\/5087"}],"collection":[{"href":"https:\/\/www.campingverneda.com\/blog\/wp-json\/wp\/v2\/posts"}],"about":[{"href":"https:\/\/www.campingverneda.com\/blog\/wp-json\/wp\/v2\/types\/post"}],"author":[{"embeddable":true,"href":"https:\/\/www.campingverneda.com\/blog\/wp-json\/wp\/v2\/users\/1"}],"replies":[{"embeddable":true,"href":"https:\/\/www.campingverneda.com\/blog\/wp-json\/wp\/v2\/comments?post=5087"}],"version-history":[{"count":1,"href":"https:\/\/www.campingverneda.com\/blog\/wp-json\/wp\/v2\/posts\/5087\/revisions"}],"predecessor-version":[{"id":5090,"href":"https:\/\/www.campingverneda.com\/blog\/wp-json\/wp\/v2\/posts\/5087\/revisions\/5090"}],"wp:featuredmedia":[{"embeddable":true,"href":"https:\/\/www.campingverneda.com\/blog\/wp-json\/wp\/v2\/media\/4013"}],"wp:attachment":[{"href":"https:\/\/www.campingverneda.com\/blog\/wp-json\/wp\/v2\/media?parent=5087"}],"wp:term":[{"taxonomy":"category","embeddable":true,"href":"https:\/\/www.campingverneda.com\/blog\/wp-json\/wp\/v2\/categories?post=5087"},{"taxonomy":"post_tag","embeddable":true,"href":"https:\/\/www.campingverneda.com\/blog\/wp-json\/wp\/v2\/tags?post=5087"}],"curies":[{"name":"wp","href":"https:\/\/api.w.org\/{rel}","templated":true}]}}