{"id":5082,"date":"2024-09-03T11:10:28","date_gmt":"2024-09-03T11:10:28","guid":{"rendered":"http:\/\/www.campingverneda.com\/blog\/?p=5082"},"modified":"2024-09-30T15:42:24","modified_gmt":"2024-09-30T15:42:24","slug":"la-vuelta-al-cole","status":"publish","type":"post","link":"https:\/\/www.campingverneda.com\/blog\/2024\/09\/03\/la-vuelta-al-cole\/","title":{"rendered":"La vuelta al cole"},"content":{"rendered":"<p>Sabemos que la vuelta al cole es dura, pero puede ser mejor. Parece que cuando llega septiembre, y empezamos con las clases y la rutina del colegio, se acaba el verano. Pero todav\u00eda nos quedan semanas de verano. Y, lo que es m\u00e1s importante, \u00a1a\u00fan tenemos una temporada larga de buen tiempo! As\u00ed que vamos a aprovechar esas buenas temperaturas que invitan a disfrutar de este valle de los Pirineos\u2026<\/p>\n<p>Que hayamos empezado el cole no est\u00e1 re\u00f1ido con disfrutar de los peque\u00f1os placeres de la vida. De hecho, si nos fijamos en el lado bueno de las cosas, la vuelta al cole es muy positiva.<\/p>\n<h3>Razones por las que nos gusta la vuelta al cole<\/h3>\n<p>&#8211; Nos reencontramos con nuestros amigos y amigas, escuchamos sus haza\u00f1as, y nos permitimos el privilegio de so\u00f1ar en nuestras pr\u00f3ximas aventuras del verano siguiente. Y esto se aplica tanto a los y las peques de casa como a los adultos funcionales, y disfuncionales.<br \/>\n&#8211; Tampoco va tan mal<strong> recuperar un poco de rutina<\/strong> y tener nuestros momentos personales de ida y vuelta del trabajo, o del cole.<br \/>\n&#8211; \u00a1Volvemos a <strong>matricularnos al gimnasio!<\/strong> Uno de los grandes cl\u00e1sicos de la vida moderna cuando llega septiembre.<\/p>\n<p>Pero lo mejor de la vuelta al cole es que se acaba la temporada alta, \u00a1as\u00ed que puedes disfrutar de tus escapadas a la monta\u00f1a al mejor precio! Y es que, por mucho que volvamos al cole, y a nuestra rutina, seguimos teniendo los fines de semana libres, \u00a1y buen tiempo!<\/p>\n<p>As\u00ed que septiembre es uno de esos meses en los que apetece que llegue el jueves o viernes para coger nuestras cosas y llegar a<a href=\"https:\/\/www.instagram.com\/vida.verneda\/\" target=\"_blank\" rel=\"noopener\"> Verneda Camping Mountain Resort<\/a> al mejor precio.<\/p>\n<div id=\"attachment_5083\" style=\"width: 2058px\" class=\"wp-caption alignnone\"><a href=\"http:\/\/www.campingverneda.com\/blog\/wp-content\/uploads\/2024\/09\/verneda-mountain-resort-valdaran.jpg\"><img aria-describedby=\"caption-attachment-5083\" decoding=\"async\" loading=\"lazy\" class=\"wp-image-5083\" src=\"http:\/\/www.campingverneda.com\/blog\/wp-content\/uploads\/2024\/09\/verneda-mountain-resort-valdaran-1024x711.jpg\" alt=\"Camping Verneda tu alojamiento alternativo en la Val d'Aran\" width=\"2048\" height=\"1422\" \/><\/a><p id=\"caption-attachment-5083\" class=\"wp-caption-text\">Septiembre en nuesrtos bungalows de madera<\/p><\/div>\n<h3>Lo mejor de las escapadas en septiembre<\/h3>\n<p>&#8211; Los buenos precios es un factor determinante, y que anima a cualquiera, \u00a1incluso sufriendo de depresi\u00f3n post-vacacional! Ahora tenemos unas promociones exclusivas para las pr\u00f3ximas semanas: para la <strong>primera quincena de septiembre<\/strong>, para aquellos que no hab\u00e9is podido descansar como merec\u00e9is os facilitamos nuestros <strong><a href=\"https:\/\/thelisresa.webcamp.fr\/list.php?camping=verneda&amp;track=292024&amp;type=2&amp;typelocation=2&amp;nb_pers=0&amp;begin=2024-09-11&amp;end=2024-09-15&amp;duration=4&amp;beginType=0&amp;tolerance=0&amp;lang=es&amp;PHPSESSID=hft3fbjthsetkenijn5115nmp8\" target=\"_blank\" rel=\"noopener\">bungalows con un 20% de descuento.<\/a><\/strong> Y si quieres escapar de la ciudad para <a href=\"https:\/\/thelisresa.webcamp.fr\/list.php?camping=verneda&amp;track=292024&amp;type=2&amp;typelocation=2&amp;nb_pers=0&amp;begin=2024-09-20&amp;end=2024-09-24&amp;duration=4&amp;beginType=0&amp;tolerance=0&amp;lang=es&amp;PHPSESSID=74c3h0jks0ik4tr7mil5qih14d\" target=\"_blank\" rel=\"noopener\"><strong>La Merc\u00e8 tenemos activo un descuento de hasta el 25%<\/strong> <\/a>en nuestros bungalows.<br \/>\n&#8211; No hay colas, ni caravanas\u2026 Puedes ir a cualquier sitio y te atienden enseguida, y bien.<br \/>\n&#8211; La monta\u00f1a es tuya, y de quien la quieras compartir.<\/p>\n<p>Si te quedaba alguna duda sobre lo bueno de la vuelta al cole, aqu\u00ed tienes ya muchas razones para disfrutarla. Aprovecha lo mejor de septiembre y vente a la Val d\u2019Aran. Te esperamos en Verneda Camping Mountain Resort para vivir el lado bueno de la vuelta al cole.<\/p>\n","protected":false},"excerpt":{"rendered":"<p>Sabemos que la vuelta al cole es dura, pero puede ser mejor. Parece que cuando llega septiembre, y empezamos con las clases y la rutina [&hellip;]<\/p>\n","protected":false},"author":1,"featured_media":4742,"comment_status":"open","ping_status":"open","sticky":false,"template":"","format":"standard","meta":[],"categories":[1,69],"tags":[17,12,467,1794,91,51,1790,11,809,1147,1795,1796,1791],"_links":{"self":[{"href":"https:\/\/www.campingverneda.com\/blog\/wp-json\/wp\/v2\/posts\/5082"}],"collection":[{"href":"https:\/\/www.campingverneda.com\/blog\/wp-json\/wp\/v2\/posts"}],"about":[{"href":"https:\/\/www.campingverneda.com\/blog\/wp-json\/wp\/v2\/types\/post"}],"author":[{"embeddable":true,"href":"https:\/\/www.campingverneda.com\/blog\/wp-json\/wp\/v2\/users\/1"}],"replies":[{"embeddable":true,"href":"https:\/\/www.campingverneda.com\/blog\/wp-json\/wp\/v2\/comments?post=5082"}],"version-history":[{"count":1,"href":"https:\/\/www.campingverneda.com\/blog\/wp-json\/wp\/v2\/posts\/5082\/revisions"}],"predecessor-version":[{"id":5084,"href":"https:\/\/www.campingverneda.com\/blog\/wp-json\/wp\/v2\/posts\/5082\/revisions\/5084"}],"wp:featuredmedia":[{"embeddable":true,"href":"https:\/\/www.campingverneda.com\/blog\/wp-json\/wp\/v2\/media\/4742"}],"wp:attachment":[{"href":"https:\/\/www.campingverneda.com\/blog\/wp-json\/wp\/v2\/media?parent=5082"}],"wp:term":[{"taxonomy":"category","embeddable":true,"href":"https:\/\/www.campingverneda.com\/blog\/wp-json\/wp\/v2\/categories?post=5082"},{"taxonomy":"post_tag","embeddable":true,"href":"https:\/\/www.campingverneda.com\/blog\/wp-json\/wp\/v2\/tags?post=5082"}],"curies":[{"name":"wp","href":"https:\/\/api.w.org\/{rel}","templated":true}]}}