{"id":5077,"date":"2024-08-20T10:57:23","date_gmt":"2024-08-20T10:57:23","guid":{"rendered":"http:\/\/www.campingverneda.com\/blog\/?p=5077"},"modified":"2024-09-03T11:11:09","modified_gmt":"2024-09-03T11:11:09","slug":"apurando-el-verano-hasta-el-final","status":"publish","type":"post","link":"https:\/\/www.campingverneda.com\/blog\/2024\/08\/20\/apurando-el-verano-hasta-el-final\/","title":{"rendered":"Apurando el verano hasta el final"},"content":{"rendered":"<p>El verano los apuramos hasta el final, porque el verano es un estado mental acompa\u00f1ado por el sol. Y ahora tenemos muy buen tiempo hasta pr\u00e1cticamente el comienzo del invierno.<\/p>\n<p>Por eso, si eres de las muchas personas que prefieren las <a href=\"https:\/\/www.instagram.com\/vida.verneda\/\" target=\"_blank\" rel=\"noopener\">vacaciones en septiembre<\/a>, te entendemos. Pero, \u00bfqui\u00e9nes eligen las vacaciones en septiembre y por qu\u00e9? Pues porque las vacaciones en septiembre permiten estar m\u00e1s tranquila y tranquilo, sin el bullicio de agosto. Adem\u00e1s de todo esto, otra de las mejores cosas de coger vacaciones en septiembre y elegir la monta\u00f1a como destino que que aqu\u00ed, rodeados y rodeadas de naturaleza, puedes respirar, coger aire, y cargar pilas antes de volver al ajetreo de la rutina \u00a1y la vuelta al cole!<\/p>\n<p>Entonces, \u00bftienes ya elegidos cu\u00e1les ser\u00e1n tus d\u00edas de vacaciones en septiembre?<strong> \u00a1Activamos promoci\u00f3n en septiembre!<\/strong><\/p>\n<p><a href=\"https:\/\/thelisresa.webcamp.fr\/list.php?camping=verneda&amp;track=782024&amp;type=2&amp;typelocation=2&amp;nb_pers=0&amp;begin=2024-09-20&amp;end=2024-09-23&amp;duration=3&amp;beginType=0&amp;tolerance=0&amp;lang=es&amp;PHPSESSID=16c9qatj22jfqrnbs77jp6qa4o\" target=\"_blank\" rel=\"noopener\">Reserva desde este enlace<\/a> y aprovecha los \u00faltimos d\u00edas del verano en la Val d\u2019Aran con tus personas favoritas, o tus animales favoritos. Vuelve a hacer todas esas cosas que te encantan, como subir a la monta\u00f1a, andar en bici, coger ese libro que se te resiste en la mesilla de noche\u2026 \u00a1O tambi\u00e9n puedes venir a no hacer nada! Esa maravillosa sensaci\u00f3n de desconectar y descansar de verdad, y que tan pocas veces nos permitimos en nuestro d\u00eda a d\u00eda.<\/p>\n<p>Esta promoci\u00f3n la activamos desde ya mismo, y la puedes aprovechar desde el 20 al 23. \u00bfCon qui\u00e9n quieres acabar este verano? \u00bfY c\u00f3mo quieres hacerlo?<\/p>\n<p>Lo mejor de venir a vernos en septiembre a la Val d\u2019Aran es que tienes muchas <a href=\"https:\/\/www.coposbike.com\/\">rutas para hacer en bici<\/a> o como senderista con calma, en familia, disfrutando de este momento de migraci\u00f3n de muchas aves del norte al sur, los perros gozan descubriendo caminos poco transitados, no hay que esperar para tomarse una buena birra artesana o un buen vino, y cenas donde quieras sin las largas colas habituales de las temporadas de m\u00e1xima ocupaci\u00f3n\u2026 <strong>\u00a1Ahora es el momento de visitar la Val d\u2019Aran!<\/strong><\/p>\n<div id=\"attachment_5078\" style=\"width: 2702px\" class=\"wp-caption alignnone\"><a href=\"http:\/\/www.campingverneda.com\/blog\/wp-content\/uploads\/2024\/08\/campingverneda-bungalows-maladeta-valdaran.jpg\"><img aria-describedby=\"caption-attachment-5078\" decoding=\"async\" loading=\"lazy\" class=\"wp-image-5078\" src=\"http:\/\/www.campingverneda.com\/blog\/wp-content\/uploads\/2024\/08\/campingverneda-bungalows-maladeta-valdaran-1024x566.jpg\" alt=\"Camping Verneda tu alojamiento alternativo en la Val d'Aran\" width=\"2692\" height=\"1488\" \/><\/a><p id=\"caption-attachment-5078\" class=\"wp-caption-text\">Bungalows de la pleta maladeta<\/p><\/div>\n<p>Adem\u00e1s, en septiembre tienes las siguientes actividades en este valle de los Pirineos:<\/p>\n<ul>\n<li>Vielha, la capital de la Val d\u2019Aran celebrar\u00e1 sus fiestas del 4 al 8 de septiembre<\/li>\n<li>Es el mejor momento para visitar la rutas rom\u00e1nica de Aran. En la que queremos destaca a visita a la iglesia de Vilac o de Arties.<\/li>\n<li>Sigue disfrutando de deportes acu\u00e1ticos como rafting o barraquismo.<\/li>\n<li>Aran Park, el parque de fauna de animales en semilibertad, sigue abierto.<\/li>\n<\/ul>\n<p>Aprovecha esta promoci\u00f3n y ven a la Val d\u2019Aran a terminar este verano como te mereces.<\/p>\n","protected":false},"excerpt":{"rendered":"<p>El verano los apuramos hasta el final, porque el verano es un estado mental acompa\u00f1ado por el sol. Y ahora tenemos muy buen tiempo hasta [&hellip;]<\/p>\n","protected":false},"author":1,"featured_media":5079,"comment_status":"open","ping_status":"open","sticky":false,"template":"","format":"standard","meta":[],"categories":[69],"tags":[1437,856,1790,11,913,1793,1792,1791,818,1211],"_links":{"self":[{"href":"https:\/\/www.campingverneda.com\/blog\/wp-json\/wp\/v2\/posts\/5077"}],"collection":[{"href":"https:\/\/www.campingverneda.com\/blog\/wp-json\/wp\/v2\/posts"}],"about":[{"href":"https:\/\/www.campingverneda.com\/blog\/wp-json\/wp\/v2\/types\/post"}],"author":[{"embeddable":true,"href":"https:\/\/www.campingverneda.com\/blog\/wp-json\/wp\/v2\/users\/1"}],"replies":[{"embeddable":true,"href":"https:\/\/www.campingverneda.com\/blog\/wp-json\/wp\/v2\/comments?post=5077"}],"version-history":[{"count":1,"href":"https:\/\/www.campingverneda.com\/blog\/wp-json\/wp\/v2\/posts\/5077\/revisions"}],"predecessor-version":[{"id":5080,"href":"https:\/\/www.campingverneda.com\/blog\/wp-json\/wp\/v2\/posts\/5077\/revisions\/5080"}],"wp:featuredmedia":[{"embeddable":true,"href":"https:\/\/www.campingverneda.com\/blog\/wp-json\/wp\/v2\/media\/5079"}],"wp:attachment":[{"href":"https:\/\/www.campingverneda.com\/blog\/wp-json\/wp\/v2\/media?parent=5077"}],"wp:term":[{"taxonomy":"category","embeddable":true,"href":"https:\/\/www.campingverneda.com\/blog\/wp-json\/wp\/v2\/categories?post=5077"},{"taxonomy":"post_tag","embeddable":true,"href":"https:\/\/www.campingverneda.com\/blog\/wp-json\/wp\/v2\/tags?post=5077"}],"curies":[{"name":"wp","href":"https:\/\/api.w.org\/{rel}","templated":true}]}}