{"id":5048,"date":"2024-07-23T13:59:28","date_gmt":"2024-07-23T13:59:28","guid":{"rendered":"http:\/\/www.campingverneda.com\/blog\/?p=5048"},"modified":"2024-07-23T13:59:28","modified_gmt":"2024-07-23T13:59:28","slug":"camping-para-toda-la-familia","status":"publish","type":"post","link":"https:\/\/www.campingverneda.com\/blog\/2024\/07\/23\/camping-para-toda-la-familia\/","title":{"rendered":"Camping para toda la familia"},"content":{"rendered":"<p>Este verano <strong>el mejor plan es ir de camping con toda la familia<\/strong>. Lo decimos sabiendo de lo que hablamos. Y es que nada es m\u00e1s divertido que esos viajes familiares de acampada.<\/p>\n<p>El viaje empieza cuando cargamos el coche. Aunque queramos ir ligeros y ligeras de equipaje, siempre vamos hasta arriba. Y, encima, siempre se nos olvida algo. Para esto, nuestra recomendaci\u00f3n desde <a href=\"https:\/\/www.instagram.com\/vida.verneda\/\" target=\"_blank\" rel=\"noopener\">Verneda Camping Mountain Resort<\/a>, y de todas esas personas que saben mucho sobre eficacia y productividad: Antes de hacer las maletas, y mucho antes de cargar el coche,<strong> \u00a1\u00a1\u00a1listas con lo que queremos, o debemos, llevar en nuestro viaje de vacaciones de verano!!!<\/strong><\/p>\n<p>Y todo sigue con m\u00e1s listas. \u00a1Es el momento de las listas de m\u00fasica para el viaje! Si vamos con ni\u00f1os y ni\u00f1as peques en el coche, los y las peques son quienes dictaminan la sesi\u00f3n musical, al menos hasta que se duerman. Si las vacaciones de verano son con adolescentes, lo ideal es llegar a un pacto con ellos: una canci\u00f3n eligen los y las adolescentes, y otra los y las mayores. La mejor forma de que todos aprendamos unos de otros.<\/p>\n<p>Lo mejor es cuando ya estamos en el destino, tras hacer el checkin, despu\u00e9s de haber disfrutado del paisaje de la Val d\u2019Aran hasta llegar a <a href=\"https:\/\/www.facebook.com\/VernedaCampingMountainResort\/\" target=\"_blank\" rel=\"noopener\">Verneda Camping Mountain Resort<\/a>. Salimos del coche. Respiramos aire puro de los Pirineos. Nos miramos unos a otros. \u00a1Y empezamos a montar la tienda de campa\u00f1a!<\/p>\n<div id=\"attachment_5049\" style=\"width: 1854px\" class=\"wp-caption alignnone\"><a href=\"http:\/\/www.campingverneda.com\/blog\/wp-content\/uploads\/2024\/07\/campingverneda_valdaran.jpg\"><img aria-describedby=\"caption-attachment-5049\" decoding=\"async\" loading=\"lazy\" class=\"wp-image-5049 \" src=\"http:\/\/www.campingverneda.com\/blog\/wp-content\/uploads\/2024\/07\/campingverneda_valdaran.jpg\" alt=\"Camping Verneda en la Val d'Aran\" width=\"1844\" height=\"1230\" srcset=\"https:\/\/www.campingverneda.com\/blog\/wp-content\/uploads\/2024\/07\/campingverneda_valdaran-200x133.jpg 200w, https:\/\/www.campingverneda.com\/blog\/wp-content\/uploads\/2024\/07\/campingverneda_valdaran-300x200.jpg 300w, https:\/\/www.campingverneda.com\/blog\/wp-content\/uploads\/2024\/07\/campingverneda_valdaran-400x267.jpg 400w, https:\/\/www.campingverneda.com\/blog\/wp-content\/uploads\/2024\/07\/campingverneda_valdaran-600x400.jpg 600w, https:\/\/www.campingverneda.com\/blog\/wp-content\/uploads\/2024\/07\/campingverneda_valdaran-768x512.jpg 768w, https:\/\/www.campingverneda.com\/blog\/wp-content\/uploads\/2024\/07\/campingverneda_valdaran-800x534.jpg 800w, https:\/\/www.campingverneda.com\/blog\/wp-content\/uploads\/2024\/07\/campingverneda_valdaran.jpg 1000w\" sizes=\"(max-width: 1844px) 100vw, 1844px\" \/><\/a><p id=\"caption-attachment-5049\" class=\"wp-caption-text\">Con la tienda montada \u00a1Nos vamos a descubrir le camping!<\/p><\/div>\n<p>Nunca somos derroteros. Por eso, tras unas cuantas risas, \u00a1la tienda de campa\u00f1as est\u00e1 montada! Prueba conseguida. Ahora ya podemos seguir organizando<strong> la rep\u00fablica independiente de nuestra familia, o grupo de amigos y amigas<\/strong>, en <a href=\"https:\/\/www.campingverneda.com\/camping\" target=\"_blank\" rel=\"noopener\">nuestra parcela<\/a>.<\/p>\n<p>El momento que llevabas todo el a\u00f1o esperando, ha llegado. Disfruta.<\/p>\n<p>Aprovecha cada momento de este verano para <strong>pasar tiempo de calidad con la familia<\/strong>. Ya sea estando de vacaciones en<a href=\"https:\/\/www.campingverneda.com\/home\" target=\"_blank\" rel=\"noopener\"> Verneda Camping Mountain Resort<\/a> o en cualquier otro lugar. Lo importante es estar juntos y juntas.<\/p>\n<p>\u00a1Buen verano!<\/p>\n","protected":false},"excerpt":{"rendered":"<p>Este verano el mejor plan es ir de camping con toda la familia. Lo decimos sabiendo de lo que hablamos. Y es que nada es [&hellip;]<\/p>\n","protected":false},"author":1,"featured_media":4455,"comment_status":"open","ping_status":"open","sticky":false,"template":"","format":"standard","meta":[],"categories":[1],"tags":[1552,1771,1770,91,51,1043,11,1772,1774,1773,818],"_links":{"self":[{"href":"https:\/\/www.campingverneda.com\/blog\/wp-json\/wp\/v2\/posts\/5048"}],"collection":[{"href":"https:\/\/www.campingverneda.com\/blog\/wp-json\/wp\/v2\/posts"}],"about":[{"href":"https:\/\/www.campingverneda.com\/blog\/wp-json\/wp\/v2\/types\/post"}],"author":[{"embeddable":true,"href":"https:\/\/www.campingverneda.com\/blog\/wp-json\/wp\/v2\/users\/1"}],"replies":[{"embeddable":true,"href":"https:\/\/www.campingverneda.com\/blog\/wp-json\/wp\/v2\/comments?post=5048"}],"version-history":[{"count":1,"href":"https:\/\/www.campingverneda.com\/blog\/wp-json\/wp\/v2\/posts\/5048\/revisions"}],"predecessor-version":[{"id":5050,"href":"https:\/\/www.campingverneda.com\/blog\/wp-json\/wp\/v2\/posts\/5048\/revisions\/5050"}],"wp:featuredmedia":[{"embeddable":true,"href":"https:\/\/www.campingverneda.com\/blog\/wp-json\/wp\/v2\/media\/4455"}],"wp:attachment":[{"href":"https:\/\/www.campingverneda.com\/blog\/wp-json\/wp\/v2\/media?parent=5048"}],"wp:term":[{"taxonomy":"category","embeddable":true,"href":"https:\/\/www.campingverneda.com\/blog\/wp-json\/wp\/v2\/categories?post=5048"},{"taxonomy":"post_tag","embeddable":true,"href":"https:\/\/www.campingverneda.com\/blog\/wp-json\/wp\/v2\/tags?post=5048"}],"curies":[{"name":"wp","href":"https:\/\/api.w.org\/{rel}","templated":true}]}}