{"id":5043,"date":"2024-07-17T10:09:31","date_gmt":"2024-07-17T10:09:31","guid":{"rendered":"http:\/\/www.campingverneda.com\/blog\/?p=5043"},"modified":"2024-09-03T11:11:31","modified_gmt":"2024-09-03T11:11:31","slug":"verano-en-la-val-daran","status":"publish","type":"post","link":"https:\/\/www.campingverneda.com\/blog\/2024\/07\/17\/verano-en-la-val-daran\/","title":{"rendered":"Verano en la Val d&#8217;Aran"},"content":{"rendered":"<p>Este verano lo queremos aprovechar al m\u00e1ximo, y siempre al m\u00e1s puro estilo de la #VIDAVerneda. El curso ha sido muy intenso, y ahora <strong>queremos disfrutar de cada momento de estas vacaciones haciendo lo que m\u00e1s nos gusta<\/strong>, y todo eso que hemos ido posponiendo estos meses atr\u00e1s, bien por falta de tiempo para hacerlo, o bien porque el tiempo metereol\u00f3gico no ha sido el \u00f3ptimo para poder gestionarlo y llevarlo a cabo.<\/p>\n<h3>Verano activo en el Pirineo<\/h3>\n<div id=\"attachment_5044\" style=\"width: 2570px\" class=\"wp-caption alignnone\"><a href=\"http:\/\/www.campingverneda.com\/blog\/wp-content\/uploads\/2024\/07\/verneda-turismoactivo-coposbike-scaled.jpg\"><img aria-describedby=\"caption-attachment-5044\" decoding=\"async\" loading=\"lazy\" class=\"wp-image-5044 size-full\" src=\"http:\/\/www.campingverneda.com\/blog\/wp-content\/uploads\/2024\/07\/verneda-turismoactivo-coposbike-scaled.jpg\" alt=\"Turismo activo en la Val d'Aran\" width=\"2560\" height=\"919\" srcset=\"https:\/\/www.campingverneda.com\/blog\/wp-content\/uploads\/2024\/07\/verneda-turismoactivo-coposbike-200x72.jpg 200w, https:\/\/www.campingverneda.com\/blog\/wp-content\/uploads\/2024\/07\/verneda-turismoactivo-coposbike-300x108.jpg 300w, https:\/\/www.campingverneda.com\/blog\/wp-content\/uploads\/2024\/07\/verneda-turismoactivo-coposbike-400x144.jpg 400w, https:\/\/www.campingverneda.com\/blog\/wp-content\/uploads\/2024\/07\/verneda-turismoactivo-coposbike-600x215.jpg 600w, https:\/\/www.campingverneda.com\/blog\/wp-content\/uploads\/2024\/07\/verneda-turismoactivo-coposbike-768x276.jpg 768w, https:\/\/www.campingverneda.com\/blog\/wp-content\/uploads\/2024\/07\/verneda-turismoactivo-coposbike-800x287.jpg 800w, https:\/\/www.campingverneda.com\/blog\/wp-content\/uploads\/2024\/07\/verneda-turismoactivo-coposbike-1024x368.jpg 1024w, https:\/\/www.campingverneda.com\/blog\/wp-content\/uploads\/2024\/07\/verneda-turismoactivo-coposbike-1200x431.jpg 1200w, https:\/\/www.campingverneda.com\/blog\/wp-content\/uploads\/2024\/07\/verneda-turismoactivo-coposbike-1536x551.jpg 1536w, https:\/\/www.campingverneda.com\/blog\/wp-content\/uploads\/2024\/07\/verneda-turismoactivo-coposbike-scaled.jpg 2560w\" sizes=\"(max-width: 2560px) 100vw, 2560px\" \/><\/a><p id=\"caption-attachment-5044\" class=\"wp-caption-text\">Rita guiada con Copos Bike<\/p><\/div>\n<p>El verano en el Pirineo da juego para muchas cosas, sobre todo si lo que te gusta es practicar Turismo Activo y, especialmente, Turismo Sostenible. As\u00ed que si <strong>has elegido la Val d\u2019Aran buscando practicar deporte al aire libre, has llegado al mejor de los escenarios<\/strong> para ello.<\/p>\n<p>\u00bfQu\u00e9 es lo que te gusta? \u00bfEn qu\u00e9 deporte te gustar\u00eda ponerte a prueba? \u00bfQu\u00e9 modalidad es esa que tienes pendiente practicar desde hace tiempo?<\/p>\n<p>No te quedes con ganas de probar algo, y hazlo todo. Este verano en la Val d\u2019Aran puedes hacer<strong> ciclismo en las mismas carreteras por las que tantas veces han corrido los ciclistas del Tour de Francia<\/strong>. Y si lo que te gusta es la bici pero de monta\u00f1a, aqu\u00ed tienes un mont\u00f3n de <strong>rutas de MTB y BTT<\/strong>. \u00a1Preg\u00fantanos la recepci\u00f3n de <a href=\"https:\/\/www.instagram.com\/vida.verneda\/\" target=\"_blank\" rel=\"noopener\">Verneda Camping Mountain Resort<\/a> y te damos toda la informaci\u00f3n que buscas!<\/p>\n<p>Adem\u00e1s, si quieres hacer una ruta en bici pero no has venido bien equipado\u2026 Don\u2019t worry! En<a href=\"https:\/\/www.coposbike.com\/\" target=\"_blank\" rel=\"noopener\"> COPOS Bike<\/a> tienes todo lo que necesitas para darte una buena vuelta sobre dos ruedas, incluso<strong> alquiler de ebikes para que llegues m\u00e1s lejos pedaleando meno<\/strong>s.<\/p>\n<p>Pero en este valle de los Pirineos tambi\u00e9n puedes practicar<strong> escalada, barrancos, senderismo, rafting\u2026<\/strong> \u00a1Piensa qu\u00e9 quieres hacer y nuestro equipo de V<a href=\"https:\/\/www.facebook.com\/VernedaCampingMountainResort\/\">erneda Camping Mountain Resort<\/a> te da las herramientas para ello!<\/p>\n<p>Organiza ya tus vacaciones de verano y disfruta de un Turismo Activo practicando Turismo Sostenible a lo #VIDAVerneda.<\/p>\n<p>\u00a1Felices vacaciones!<\/p>\n","protected":false},"excerpt":{"rendered":"<p>Este verano lo queremos aprovechar al m\u00e1ximo, y siempre al m\u00e1s puro estilo de la #VIDAVerneda. El curso ha sido muy intenso, y ahora queremos [&hellip;]<\/p>\n","protected":false},"author":1,"featured_media":5046,"comment_status":"open","ping_status":"open","sticky":false,"template":"","format":"standard","meta":[],"categories":[71],"tags":[1476,1064,1723,1769,51,1101,1043,1768,1468,1469,1470,1766,1767,627,818],"_links":{"self":[{"href":"https:\/\/www.campingverneda.com\/blog\/wp-json\/wp\/v2\/posts\/5043"}],"collection":[{"href":"https:\/\/www.campingverneda.com\/blog\/wp-json\/wp\/v2\/posts"}],"about":[{"href":"https:\/\/www.campingverneda.com\/blog\/wp-json\/wp\/v2\/types\/post"}],"author":[{"embeddable":true,"href":"https:\/\/www.campingverneda.com\/blog\/wp-json\/wp\/v2\/users\/1"}],"replies":[{"embeddable":true,"href":"https:\/\/www.campingverneda.com\/blog\/wp-json\/wp\/v2\/comments?post=5043"}],"version-history":[{"count":2,"href":"https:\/\/www.campingverneda.com\/blog\/wp-json\/wp\/v2\/posts\/5043\/revisions"}],"predecessor-version":[{"id":5047,"href":"https:\/\/www.campingverneda.com\/blog\/wp-json\/wp\/v2\/posts\/5043\/revisions\/5047"}],"wp:featuredmedia":[{"embeddable":true,"href":"https:\/\/www.campingverneda.com\/blog\/wp-json\/wp\/v2\/media\/5046"}],"wp:attachment":[{"href":"https:\/\/www.campingverneda.com\/blog\/wp-json\/wp\/v2\/media?parent=5043"}],"wp:term":[{"taxonomy":"category","embeddable":true,"href":"https:\/\/www.campingverneda.com\/blog\/wp-json\/wp\/v2\/categories?post=5043"},{"taxonomy":"post_tag","embeddable":true,"href":"https:\/\/www.campingverneda.com\/blog\/wp-json\/wp\/v2\/tags?post=5043"}],"curies":[{"name":"wp","href":"https:\/\/api.w.org\/{rel}","templated":true}]}}