{"id":5038,"date":"2024-07-09T09:45:38","date_gmt":"2024-07-09T09:45:38","guid":{"rendered":"http:\/\/www.campingverneda.com\/blog\/?p=5038"},"modified":"2024-09-16T13:46:11","modified_gmt":"2024-09-16T13:46:11","slug":"alquiler-de-neveras-en-camping-verneda","status":"publish","type":"post","link":"https:\/\/www.campingverneda.com\/blog\/2024\/07\/09\/alquiler-de-neveras-en-camping-verneda\/","title":{"rendered":"Alquiler de neveras disponibles"},"content":{"rendered":"<p>Nuestro mejor aliado en verano, sin ning\u00fan tipo de duda, son las neveras. Por eso, en Verneda Camping Mountain Resort este a\u00f1o ponemos a vuestra disposici\u00f3n alquiler de neveras. Y lo hacemos pensando especialmente en todas las persona que ven\u00eds a disfrutar de la zona de acampada y quer\u00e9is venir m\u00e1s ligeros de equipaje, \u00bfpara qu\u00e9 llevar algo m\u00e1s en el coche lleno de juguetes y ropa \u2018por si acaso\u2019 cuando lo tenemos en destino?<\/p>\n<p>Pues eso. El objetivo de <strong>tener neveras disponibles<\/strong> para vosotros durante el verano en<a href=\"https:\/\/www.campingverneda.com\/servicios\" target=\"_blank\" rel=\"noopener\"> Verneda Camping Mountain Resort<\/a> es que minimic\u00e9is el dramita de cargar todo para vuestras vacaciones. Y as\u00ed, simplemente, disfrut\u00e1is del camino.<\/p>\n<p>B\u00e1sicamente, el servicio de neveras disponibles es para que vuestra \u00fanica preocupaci\u00f3n sea qu\u00e9 playlist vais a poner en vuestro viaje a este valle de los Pirineos. Una vez que llegu\u00e9is a Verneda Camping Mountain Resort, la m\u00fasica la ponemos nosotros, especialmente los jueves en nuestras Es Nets deth Verneda.<\/p>\n<div id=\"attachment_5039\" style=\"width: 1847px\" class=\"wp-caption alignnone\"><a href=\"http:\/\/www.campingverneda.com\/blog\/wp-content\/uploads\/2024\/07\/campingverneda_acampada.jpg\"><img aria-describedby=\"caption-attachment-5039\" decoding=\"async\" loading=\"lazy\" class=\"wp-image-5039 \" src=\"http:\/\/www.campingverneda.com\/blog\/wp-content\/uploads\/2024\/07\/campingverneda_acampada-1024x432.jpg\" alt=\"Vernedea Camping Mountain Resort\" width=\"1837\" height=\"775\" srcset=\"https:\/\/www.campingverneda.com\/blog\/wp-content\/uploads\/2024\/07\/campingverneda_acampada-200x84.jpg 200w, https:\/\/www.campingverneda.com\/blog\/wp-content\/uploads\/2024\/07\/campingverneda_acampada-300x127.jpg 300w, https:\/\/www.campingverneda.com\/blog\/wp-content\/uploads\/2024\/07\/campingverneda_acampada-400x169.jpg 400w, https:\/\/www.campingverneda.com\/blog\/wp-content\/uploads\/2024\/07\/campingverneda_acampada-600x253.jpg 600w, https:\/\/www.campingverneda.com\/blog\/wp-content\/uploads\/2024\/07\/campingverneda_acampada-768x324.jpg 768w, https:\/\/www.campingverneda.com\/blog\/wp-content\/uploads\/2024\/07\/campingverneda_acampada-800x338.jpg 800w, https:\/\/www.campingverneda.com\/blog\/wp-content\/uploads\/2024\/07\/campingverneda_acampada-1024x432.jpg 1024w, https:\/\/www.campingverneda.com\/blog\/wp-content\/uploads\/2024\/07\/campingverneda_acampada-1200x506.jpg 1200w, https:\/\/www.campingverneda.com\/blog\/wp-content\/uploads\/2024\/07\/campingverneda_acampada.jpg 1500w\" sizes=\"(max-width: 1837px) 100vw, 1837px\" \/><\/a><p id=\"caption-attachment-5039\" class=\"wp-caption-text\">Neveras en la zona de final del camping<\/p><\/div>\n<p>Pero, \u00bfqu\u00e9 son Es Nets deth Verneda?<\/p>\n<p><strong>Es Nets deth Verneda son los conciertos al aire libre que tenemos todos los jueves de verano en Verneda Camping Mountain Resort.<\/strong> Un excelente plan para disfrutar este verano en familia y\/o con amigos y amigas. Siempre con conciertos de m\u00fasica bailonga que invitan a mover las caderas, bajo el cielo repleto de estrellas que tenemos siempre en verano en la Val d\u2019Aran.<\/p>\n<p>Para Es Nets deth Verneda, puedes olvidarte de la nevera y de hacer la cena y venir a probar la nueva carta en nuestro bar-restaurante.<\/p>\n<p>As\u00ed que ya sabes, intenta venir con el m\u00ednimo equipaje porque en Verneda Camping Mountain Resort tenemos de todo para que no eches de menos nada. A estas alturas del verano, s\u00f3lo nos faltas t\u00fa y tus personas favoritas para escribir vuestros pr\u00f3ximos buenos recuerdos. Si eres nuevo o nueva en la #VIDAVerneda, en cuanto llegues aqu\u00ed entender\u00e1s todo esto que te estamos comentando.<\/p>\n<p><strong>Disfruta el verano. Y recuerda que tenemos neveras disponibles.<\/strong><\/p>\n","protected":false},"excerpt":{"rendered":"<p>Nuestro mejor aliado en verano, sin ning\u00fan tipo de duda, son las neveras. Por eso, en Verneda Camping Mountain Resort este a\u00f1o ponemos a vuestra [&hellip;]<\/p>\n","protected":false},"author":1,"featured_media":5040,"comment_status":"open","ping_status":"open","sticky":false,"template":"","format":"standard","meta":[],"categories":[69],"tags":[1762,1566,1317,353,91,51,11,845,516,1764,1763,477,1765,1761,818],"_links":{"self":[{"href":"https:\/\/www.campingverneda.com\/blog\/wp-json\/wp\/v2\/posts\/5038"}],"collection":[{"href":"https:\/\/www.campingverneda.com\/blog\/wp-json\/wp\/v2\/posts"}],"about":[{"href":"https:\/\/www.campingverneda.com\/blog\/wp-json\/wp\/v2\/types\/post"}],"author":[{"embeddable":true,"href":"https:\/\/www.campingverneda.com\/blog\/wp-json\/wp\/v2\/users\/1"}],"replies":[{"embeddable":true,"href":"https:\/\/www.campingverneda.com\/blog\/wp-json\/wp\/v2\/comments?post=5038"}],"version-history":[{"count":1,"href":"https:\/\/www.campingverneda.com\/blog\/wp-json\/wp\/v2\/posts\/5038\/revisions"}],"predecessor-version":[{"id":5041,"href":"https:\/\/www.campingverneda.com\/blog\/wp-json\/wp\/v2\/posts\/5038\/revisions\/5041"}],"wp:featuredmedia":[{"embeddable":true,"href":"https:\/\/www.campingverneda.com\/blog\/wp-json\/wp\/v2\/media\/5040"}],"wp:attachment":[{"href":"https:\/\/www.campingverneda.com\/blog\/wp-json\/wp\/v2\/media?parent=5038"}],"wp:term":[{"taxonomy":"category","embeddable":true,"href":"https:\/\/www.campingverneda.com\/blog\/wp-json\/wp\/v2\/categories?post=5038"},{"taxonomy":"post_tag","embeddable":true,"href":"https:\/\/www.campingverneda.com\/blog\/wp-json\/wp\/v2\/tags?post=5038"}],"curies":[{"name":"wp","href":"https:\/\/api.w.org\/{rel}","templated":true}]}}