{"id":5024,"date":"2024-07-02T13:23:14","date_gmt":"2024-07-02T13:23:14","guid":{"rendered":"http:\/\/www.campingverneda.com\/blog\/?p=5024"},"modified":"2024-09-03T11:11:52","modified_gmt":"2024-09-03T11:11:52","slug":"agenda-de-verano-en-camping-verneda","status":"publish","type":"post","link":"https:\/\/www.campingverneda.com\/blog\/2024\/07\/02\/agenda-de-verano-en-camping-verneda\/","title":{"rendered":"Agenda de verano a lo #VIDAVerneda"},"content":{"rendered":"<p>El verano en Verneda Camping Mountain Resort ya ha comenzado. La piscina ya est\u00e1 abierta para todos los p\u00fablicos, igual que todas nuestras instalaciones se encuentran habilitadas para que esta temporada de verano sea inolvidable, tanto para ti como para tus compa\u00f1eros y compa\u00f1eras de viaje.<\/p>\n<p>La zona de <a href=\"https:\/\/www.campingverneda.com\/restaurante\" target=\"_blank\" rel=\"noopener\">bar-restaurante de Verneda Camping Mountain Resort<\/a> est\u00e1 abierta desde la hora del desayuno, a las 09h, hasta despu\u00e9s de las cenas, para disfrutar de la calma de la noche en buena compa\u00f1\u00eda y bajo la luz de la luna y las estrellas. Adem\u00e1s, debes saber que si no est\u00e1s alojado o alojada en los bungalows de madera o en las parcelas de acampada de Verneda Camping Mountain Resort, y vienes a comer al mediod\u00eda alguna de nuestras buen\u00edsimas paellas o fideu\u00e1, tambi\u00e9n tienes acceso a <a href=\"https:\/\/www.campingverneda.com\/piscina\" target=\"_blank\" rel=\"noopener\">nuestra piscina<\/a> para refrescarte en estas tardes de verano y calor.<\/p>\n<div id=\"attachment_5027\" style=\"width: 1784px\" class=\"wp-caption alignnone\"><a href=\"http:\/\/www.campingverneda.com\/blog\/wp-content\/uploads\/2024\/07\/verneda_camping_mountain_resort_vacaciones_en_familia_val_d_aran_pirineo.jpg\"><img aria-describedby=\"caption-attachment-5027\" decoding=\"async\" loading=\"lazy\" class=\"wp-image-5027 \" src=\"http:\/\/www.campingverneda.com\/blog\/wp-content\/uploads\/2024\/07\/verneda_camping_mountain_resort_vacaciones_en_familia_val_d_aran_pirineo.jpg\" alt=\"Es nets deth verneda en camping verneda\" width=\"1774\" height=\"1183\" srcset=\"https:\/\/www.campingverneda.com\/blog\/wp-content\/uploads\/2024\/07\/verneda_camping_mountain_resort_vacaciones_en_familia_val_d_aran_pirineo-200x133.jpg 200w, https:\/\/www.campingverneda.com\/blog\/wp-content\/uploads\/2024\/07\/verneda_camping_mountain_resort_vacaciones_en_familia_val_d_aran_pirineo-300x200.jpg 300w, https:\/\/www.campingverneda.com\/blog\/wp-content\/uploads\/2024\/07\/verneda_camping_mountain_resort_vacaciones_en_familia_val_d_aran_pirineo-400x267.jpg 400w, https:\/\/www.campingverneda.com\/blog\/wp-content\/uploads\/2024\/07\/verneda_camping_mountain_resort_vacaciones_en_familia_val_d_aran_pirineo-600x400.jpg 600w, https:\/\/www.campingverneda.com\/blog\/wp-content\/uploads\/2024\/07\/verneda_camping_mountain_resort_vacaciones_en_familia_val_d_aran_pirineo-768x512.jpg 768w, https:\/\/www.campingverneda.com\/blog\/wp-content\/uploads\/2024\/07\/verneda_camping_mountain_resort_vacaciones_en_familia_val_d_aran_pirineo-800x534.jpg 800w, https:\/\/www.campingverneda.com\/blog\/wp-content\/uploads\/2024\/07\/verneda_camping_mountain_resort_vacaciones_en_familia_val_d_aran_pirineo.jpg 1000w\" sizes=\"(max-width: 1774px) 100vw, 1774px\" \/><\/a><p id=\"caption-attachment-5027\" class=\"wp-caption-text\">Noches de conciertos al aire libre<\/p><\/div>\n<p>Este verano los buenos planes los tenemos ya s\u00faper asegurados. Enseguida vuelven los<strong> jueves de conciertos al aire libre o, lo que es lo mismo, Es Nets deth Verneda.<\/strong> Apunta las siguientes fechas en tu agenda para venir a desbloquear las caderas y pasar una buena noche:<\/p>\n<h3>Rumbita de la buena<\/h3>\n<p>\u00bfHay algo mejor durante el verano que suena noche de rumba? Pues s\u00ed, \u00a1tres noches de rumba!<\/p>\n<p>Sergi ya es de la familia, y viene el 17 de julio y el 22 de agosto para traernos a las noches de <a href=\"https:\/\/www.instagram.com\/vida.verneda\/\" target=\"_blank\" rel=\"noopener\">Verneda Camping Mountain Resort<\/a> lo mejor la rumba.<\/p>\n<p>Y el 8 de agosto se suma a nuestras noches de guitarra, risas y mucho bailoteo, es decir, de rumba, \u2018Antonio el remendao\u2019. \u00a1No os lo perd\u00e1is!<\/p>\n<h3>Pop, rock y pop-rock<\/h3>\n<p>Covers de las canciones de siempre, muchas con un estilo personal de nuestras bandas amigas, y siempre aportando muy buen ambiente. Guarda las siguientes fechas para que no se te escapen estos conciertos de verano al aire libre:<br \/>\n25 de julio: Mr Jack.<br \/>\n1 de agosto: David Portero<br \/>\n15 de agosto: The Beatles<\/p>\n<div id=\"attachment_5026\" style=\"width: 1805px\" class=\"wp-caption alignnone\"><a href=\"http:\/\/www.campingverneda.com\/blog\/wp-content\/uploads\/2024\/07\/campingverneda-circooco.jpg\"><img aria-describedby=\"caption-attachment-5026\" decoding=\"async\" loading=\"lazy\" class=\"wp-image-5026 \" src=\"http:\/\/www.campingverneda.com\/blog\/wp-content\/uploads\/2024\/07\/campingverneda-circooco-1024x684.jpg\" alt=\"Circoloco en camping verneda\" width=\"1795\" height=\"1199\" srcset=\"https:\/\/www.campingverneda.com\/blog\/wp-content\/uploads\/2024\/07\/campingverneda-circooco-200x134.jpg 200w, https:\/\/www.campingverneda.com\/blog\/wp-content\/uploads\/2024\/07\/campingverneda-circooco-300x200.jpg 300w, https:\/\/www.campingverneda.com\/blog\/wp-content\/uploads\/2024\/07\/campingverneda-circooco-400x267.jpg 400w, https:\/\/www.campingverneda.com\/blog\/wp-content\/uploads\/2024\/07\/campingverneda-circooco-600x401.jpg 600w, https:\/\/www.campingverneda.com\/blog\/wp-content\/uploads\/2024\/07\/campingverneda-circooco-768x513.jpg 768w, https:\/\/www.campingverneda.com\/blog\/wp-content\/uploads\/2024\/07\/campingverneda-circooco-800x534.jpg 800w, https:\/\/www.campingverneda.com\/blog\/wp-content\/uploads\/2024\/07\/campingverneda-circooco-1024x684.jpg 1024w, https:\/\/www.campingverneda.com\/blog\/wp-content\/uploads\/2024\/07\/campingverneda-circooco.jpg 1200w\" sizes=\"(max-width: 1795px) 100vw, 1795px\" \/><\/a><p id=\"caption-attachment-5026\" class=\"wp-caption-text\">Tardes de payasos y circo en Camping Verneda<\/p><\/div>\n<h3>Circoloco y mucha magia en los talleres infantiles<\/h3>\n<p>A partir del domingo 28 de julio y durante todos los domingos de agosto, vuelven a visitarnos nuestros magos y magas favoritos, ilusionistas, payasos y payasas\u2026 Las risas est\u00e1n aseguradas entre los y las peques de casa.<\/p>\n<p>Sigue nuestros perfiles de<a href=\"https:\/\/www.instagram.com\/vida.verneda\/\" target=\"_blank\" rel=\"noopener\"> Instagram<\/a>, <a href=\"https:\/\/www.facebook.com\/VernedaCampingMountainResort\/\" target=\"_blank\" rel=\"noopener\">Facebook<\/a> y <a href=\"https:\/\/www.tiktok.com\/@vidaverneda?lang=es\" target=\"_blank\" rel=\"noopener\">TikTok<\/a> para no perderte ninguno de nuestros <strong>buenos planes de verano en Verneda Camping Mountain Resort<\/strong>.<\/p>\n","protected":false},"excerpt":{"rendered":"<p>El verano en Verneda Camping Mountain Resort ya ha comenzado. La piscina ya est\u00e1 abierta para todos los p\u00fablicos, igual que todas nuestras instalaciones se [&hellip;]<\/p>\n","protected":false},"author":1,"featured_media":5025,"comment_status":"open","ping_status":"open","sticky":false,"template":"","format":"standard","meta":[],"categories":[72,69],"tags":[1240,751,1760,12,856,1217,1317,91,1732,11,818],"_links":{"self":[{"href":"https:\/\/www.campingverneda.com\/blog\/wp-json\/wp\/v2\/posts\/5024"}],"collection":[{"href":"https:\/\/www.campingverneda.com\/blog\/wp-json\/wp\/v2\/posts"}],"about":[{"href":"https:\/\/www.campingverneda.com\/blog\/wp-json\/wp\/v2\/types\/post"}],"author":[{"embeddable":true,"href":"https:\/\/www.campingverneda.com\/blog\/wp-json\/wp\/v2\/users\/1"}],"replies":[{"embeddable":true,"href":"https:\/\/www.campingverneda.com\/blog\/wp-json\/wp\/v2\/comments?post=5024"}],"version-history":[{"count":1,"href":"https:\/\/www.campingverneda.com\/blog\/wp-json\/wp\/v2\/posts\/5024\/revisions"}],"predecessor-version":[{"id":5028,"href":"https:\/\/www.campingverneda.com\/blog\/wp-json\/wp\/v2\/posts\/5024\/revisions\/5028"}],"wp:featuredmedia":[{"embeddable":true,"href":"https:\/\/www.campingverneda.com\/blog\/wp-json\/wp\/v2\/media\/5025"}],"wp:attachment":[{"href":"https:\/\/www.campingverneda.com\/blog\/wp-json\/wp\/v2\/media?parent=5024"}],"wp:term":[{"taxonomy":"category","embeddable":true,"href":"https:\/\/www.campingverneda.com\/blog\/wp-json\/wp\/v2\/categories?post=5024"},{"taxonomy":"post_tag","embeddable":true,"href":"https:\/\/www.campingverneda.com\/blog\/wp-json\/wp\/v2\/tags?post=5024"}],"curies":[{"name":"wp","href":"https:\/\/api.w.org\/{rel}","templated":true}]}}