{"id":4925,"date":"2024-06-18T09:11:44","date_gmt":"2024-06-18T09:11:44","guid":{"rendered":"http:\/\/www.campingverneda.com\/blog\/?p=4925"},"modified":"2024-07-17T10:11:10","modified_gmt":"2024-07-17T10:11:10","slug":"sant-joan-sin-pertardos","status":"publish","type":"post","link":"https:\/\/www.campingverneda.com\/blog\/2024\/06\/18\/sant-joan-sin-pertardos\/","title":{"rendered":"Sant Joan libre de petardos"},"content":{"rendered":"<p>\u00bfEs posible una noche de Sant Joan libre de petardos? En Verneda Camping Mountain Resort creemos que s\u00ed. Y as\u00ed lo vamos a celebrar.<\/p>\n<h3>\u00bfPor qu\u00e9 no queremos petardos en Sant Joan?<\/h3>\n<p>Aunque la tradici\u00f3n de la noche de Sant Joan parece que obliga a tirar petardos, el estruendo de los petardos causa muchos estragos entre las personas m\u00e1s vulnerables, y especialmente entre los animales. Para concienciar sobre las consecuencias en la salud de las personas vulnerables y los animales, el Comit\u00e9 de Veterinarios para la Protecci\u00f3n de los Animales y el Comit\u00e9 Asesor para la Cl\u00ednica de los Animales de Compa\u00f1\u00eda del COVB (Col\u00b7legi Oficial de Veterinaris de Barcelona) y la Comisi\u00f3n de Protecci\u00f3n de los Derechos de los Animales del ICAB (Ilustre Colegio de la Abogac\u00eda de Barcelona) han elaborado un <a href=\"https:\/\/www.covb.cat\/es\/actualitat\/noticies\/general\/el-ruido-de-la-pirotecnia-afecta-gravemente-a-las-personas-sensibles-y-a-la-mayoria-de-los-animales\/\" target=\"_blank\" rel=\"noopener\">comunicado alertando sobre c\u00f3mo la pirotecnia afecta a los animales<\/a>. Entre las consecuencias que destacan en este comunicado sobre<strong> c\u00f3mo el ruido de la pirotecnia afecta gravemente a las personas sensibles y a la mayor\u00eda de los animales<\/strong>, resaltamos:<\/p>\n<ul>\n<li>Personas en edad avanzada, con d\u00e9ficit cognitivo y enfermedades mentales, y beb\u00e9s y ni\u00f1os con hipersensibilidad al sonido entre los que m\u00e1s sufren.<\/li>\n<li>Los animales son mucho m\u00e1s sensibles a los sonidos que los humanos.<\/li>\n<li>El alto nivel de estr\u00e9s que provoca el ruido de los petardos, continuado en el tiempo, genera estr\u00e9s cr\u00f3nico, mucho m\u00e1s nocivo para la salud que la afectaci\u00f3n que provoca el estr\u00e9s agudo.<\/li>\n<li>En animales dom\u00e9sticos, los tratamientos por la ansiedad provocada por los petardos se incrementan un 80% alrededor de la verbena de San Juan.<\/li>\n<\/ul>\n<div id=\"attachment_4926\" style=\"width: 2570px\" class=\"wp-caption alignnone\"><a href=\"http:\/\/www.campingverneda.com\/blog\/wp-content\/uploads\/2024\/06\/campingverneda_dogfriendly_valdaran-scaled.jpg\"><img aria-describedby=\"caption-attachment-4926\" decoding=\"async\" loading=\"lazy\" class=\"wp-image-4926 size-full\" src=\"http:\/\/www.campingverneda.com\/blog\/wp-content\/uploads\/2024\/06\/campingverneda_dogfriendly_valdaran-scaled.jpg\" alt=\"Verneda Camping Mountain Resort\" width=\"2560\" height=\"1175\" srcset=\"https:\/\/www.campingverneda.com\/blog\/wp-content\/uploads\/2024\/06\/campingverneda_dogfriendly_valdaran-200x92.jpg 200w, https:\/\/www.campingverneda.com\/blog\/wp-content\/uploads\/2024\/06\/campingverneda_dogfriendly_valdaran-300x138.jpg 300w, https:\/\/www.campingverneda.com\/blog\/wp-content\/uploads\/2024\/06\/campingverneda_dogfriendly_valdaran-400x184.jpg 400w, https:\/\/www.campingverneda.com\/blog\/wp-content\/uploads\/2024\/06\/campingverneda_dogfriendly_valdaran-600x275.jpg 600w, https:\/\/www.campingverneda.com\/blog\/wp-content\/uploads\/2024\/06\/campingverneda_dogfriendly_valdaran-768x353.jpg 768w, https:\/\/www.campingverneda.com\/blog\/wp-content\/uploads\/2024\/06\/campingverneda_dogfriendly_valdaran-800x367.jpg 800w, https:\/\/www.campingverneda.com\/blog\/wp-content\/uploads\/2024\/06\/campingverneda_dogfriendly_valdaran-1024x470.jpg 1024w, https:\/\/www.campingverneda.com\/blog\/wp-content\/uploads\/2024\/06\/campingverneda_dogfriendly_valdaran-1200x551.jpg 1200w, https:\/\/www.campingverneda.com\/blog\/wp-content\/uploads\/2024\/06\/campingverneda_dogfriendly_valdaran-1536x705.jpg 1536w, https:\/\/www.campingverneda.com\/blog\/wp-content\/uploads\/2024\/06\/campingverneda_dogfriendly_valdaran-scaled.jpg 2560w\" sizes=\"(max-width: 2560px) 100vw, 2560px\" \/><\/a><p id=\"caption-attachment-4926\" class=\"wp-caption-text\">Perretes felices en VIDA Verneda<\/p><\/div>\n<p>Por todas estas razones, aunque los petardos sean una tradici\u00f3n, \u00bfpor qu\u00e9 debemos mantener una tradici\u00f3n que causa tanto da\u00f1os a las personas m\u00e1s vulnerables, a nuestros animales de compa\u00f1\u00eda y otros seres vivos? Quiz\u00e1s es el momento de concienciarnos, y disfrutar de la noche de Sant Joan manteniendo la tradici\u00f3n las hogueras, proyectar aquello que queremos atraer y pasando el tiempo con nuestras personas favoritas, sin explotar petardos a nuestro paso.<\/p>\n<p>As\u00ed que este a\u00f1o en<a href=\"https:\/\/www.instagram.com\/vida.verneda\/\" target=\"_blank\" rel=\"noopener\"> Verneda Camping Mountain Resort<\/a> te invitamos a <strong>pasar la noche de Sant Joan sin petardos<\/strong>, y qued\u00e1ndonos con lo bueno de la tradici\u00f3n de la noche de brujas. \u00bfTe unes al cambio?<\/p>\n<p>Vengas a o no a Verneda Camping Mountain Resort a pasar la noche de Sant Joan, \u00fanete a este cambio y evita explotar petardos que disturben la tranquilidad de las personas vulnerables y de los animales que nos rodean. \u00bfTienes ya en mente aquello que quieres atraer a partir de la noche de Sant Joan?<\/p>\n","protected":false},"excerpt":{"rendered":"<p>\u00bfEs posible una noche de Sant Joan libre de petardos? En Verneda Camping Mountain Resort creemos que s\u00ed. Y as\u00ed lo vamos a celebrar. \u00bfPor [&hellip;]<\/p>\n","protected":false},"author":1,"featured_media":1966,"comment_status":"open","ping_status":"open","sticky":false,"template":"","format":"standard","meta":[],"categories":[70,69],"tags":[1753,11,1756,1757,1752,1755,1754,818],"_links":{"self":[{"href":"https:\/\/www.campingverneda.com\/blog\/wp-json\/wp\/v2\/posts\/4925"}],"collection":[{"href":"https:\/\/www.campingverneda.com\/blog\/wp-json\/wp\/v2\/posts"}],"about":[{"href":"https:\/\/www.campingverneda.com\/blog\/wp-json\/wp\/v2\/types\/post"}],"author":[{"embeddable":true,"href":"https:\/\/www.campingverneda.com\/blog\/wp-json\/wp\/v2\/users\/1"}],"replies":[{"embeddable":true,"href":"https:\/\/www.campingverneda.com\/blog\/wp-json\/wp\/v2\/comments?post=4925"}],"version-history":[{"count":2,"href":"https:\/\/www.campingverneda.com\/blog\/wp-json\/wp\/v2\/posts\/4925\/revisions"}],"predecessor-version":[{"id":4949,"href":"https:\/\/www.campingverneda.com\/blog\/wp-json\/wp\/v2\/posts\/4925\/revisions\/4949"}],"wp:featuredmedia":[{"embeddable":true,"href":"https:\/\/www.campingverneda.com\/blog\/wp-json\/wp\/v2\/media\/1966"}],"wp:attachment":[{"href":"https:\/\/www.campingverneda.com\/blog\/wp-json\/wp\/v2\/media?parent=4925"}],"wp:term":[{"taxonomy":"category","embeddable":true,"href":"https:\/\/www.campingverneda.com\/blog\/wp-json\/wp\/v2\/categories?post=4925"},{"taxonomy":"post_tag","embeddable":true,"href":"https:\/\/www.campingverneda.com\/blog\/wp-json\/wp\/v2\/tags?post=4925"}],"curies":[{"name":"wp","href":"https:\/\/api.w.org\/{rel}","templated":true}]}}