{"id":4892,"date":"2024-05-09T14:00:05","date_gmt":"2024-05-09T14:00:05","guid":{"rendered":"http:\/\/www.campingverneda.com\/blog\/?p=4892"},"modified":"2024-09-03T11:13:04","modified_gmt":"2024-09-03T11:13:04","slug":"planes-para-vivir-la-primavera-en-aran","status":"publish","type":"post","link":"https:\/\/www.campingverneda.com\/blog\/2024\/05\/09\/planes-para-vivir-la-primavera-en-aran\/","title":{"rendered":"Primavera en Pirineos"},"content":{"rendered":"<p>La primavera en el Pirineo es todo un regalo para aprovechar al m\u00e1ximo. Ahora que los d\u00edas son m\u00e1s largos, la temperatura es la mejor del a\u00f1o, y los fines de semana apetecen ser compartidos, es cuando merece la pena organizarse y hacer una escapada a los Pirineos.<\/p>\n<p><strong>Qu\u00e9 hacer en primavera en los Pirineos<\/strong><\/p>\n<p>Los Pirineos son un <strong>sistema monta\u00f1oso que hace de frontera natural entre Andorra, Espa\u00f1a y Francia<\/strong>. Se extiende en direcci\u00f3n este-oeste a lo largo de 491 km aproximadamente, desde el cabo de Creus en el mar Mediterr\u00e1neo hasta su uni\u00f3n con la cordillera Cant\u00e1brica. Todo este sistema monta\u00f1oso est\u00e1 repleto de municipios, picos, montes, r\u00edos e historias \u00e9picas. Pero, como nos gusta tirar para casa, lo mejor de la primavera en los Pirineos lo encuentras en la Val d\u2019Aran.<\/p>\n<h3>La Val d\u2019Aran en familia<\/h3>\n<p>Si esta primavera est\u00e1s planeando una escapada de fin de semana en la Val d\u2019Aran en familia, hazlo. Aqu\u00ed hay actividades para todo tipo de familias, con adolescentes, ni\u00f1os peque\u00f1os, abuelos, con perro, con gatitos viajeros\u2026<\/p>\n<div id=\"attachment_4893\" style=\"width: 2153px\" class=\"wp-caption alignnone\"><a href=\"http:\/\/www.campingverneda.com\/blog\/wp-content\/uploads\/2024\/05\/verneda-valdaran-turismoactivo.png\"><img aria-describedby=\"caption-attachment-4893\" decoding=\"async\" loading=\"lazy\" class=\"wp-image-4893 \" src=\"http:\/\/www.campingverneda.com\/blog\/wp-content\/uploads\/2024\/05\/verneda-valdaran-turismoactivo.png\" alt=\"turismo activo en primavera en la Val d'Aran\" width=\"2143\" height=\"1002\" srcset=\"https:\/\/www.campingverneda.com\/blog\/wp-content\/uploads\/2024\/05\/verneda-valdaran-turismoactivo-200x94.png 200w, https:\/\/www.campingverneda.com\/blog\/wp-content\/uploads\/2024\/05\/verneda-valdaran-turismoactivo-300x140.png 300w, https:\/\/www.campingverneda.com\/blog\/wp-content\/uploads\/2024\/05\/verneda-valdaran-turismoactivo-400x187.png 400w, https:\/\/www.campingverneda.com\/blog\/wp-content\/uploads\/2024\/05\/verneda-valdaran-turismoactivo-600x281.png 600w, https:\/\/www.campingverneda.com\/blog\/wp-content\/uploads\/2024\/05\/verneda-valdaran-turismoactivo-768x359.png 768w, https:\/\/www.campingverneda.com\/blog\/wp-content\/uploads\/2024\/05\/verneda-valdaran-turismoactivo-800x374.png 800w, https:\/\/www.campingverneda.com\/blog\/wp-content\/uploads\/2024\/05\/verneda-valdaran-turismoactivo-1024x479.png 1024w, https:\/\/www.campingverneda.com\/blog\/wp-content\/uploads\/2024\/05\/verneda-valdaran-turismoactivo.png 1174w\" sizes=\"(max-width: 2143px) 100vw, 2143px\" \/><\/a><p id=\"caption-attachment-4893\" class=\"wp-caption-text\">Fuente: Torisme Val d&#8217;Aran<\/p><\/div>\n<h3>Con adolescentes<\/h3>\n<p>Todo depende de lo que les guste, que ya sabemos que en estas edades cada d\u00eda es un mundo. Pero para estimularles y sorprenderles con nuevas sensaciones, en primavera es un buen momento para hacer en familia <strong>actividades de aventura, como rafting o barrancos.<\/strong> Otro plan infalible en una <strong>ruta guiada en bici.<\/strong> Adem\u00e1s, para poder llegar m\u00e1s lejos con el menor pedaleo, y aprovechar m\u00e1s la ruta, se pueden alquilar ebikes en <a href=\"https:\/\/www.coposbike.com\/\" target=\"_blank\" rel=\"noopener\">COPOS Bike<\/a>.<\/p>\n<h3><strong>Con peques y abuelos<\/strong><\/h3>\n<p>Hay excursiones que merecen mucho la pena y que son para todos los p\u00fablicos. Pod\u00e9is acercaros a recepci\u00f3n y os damos toda la informaci\u00f3n.<\/p>\n<p>Tambi\u00e9n una buena opci\u00f3n de planes en familia en primavera es<strong> visitar Aran Park<\/strong>. El parque de fauna Aran Park est\u00e1 abierto todos los d\u00edas, incluidos domingos y festivos, hasta el pr\u00f3ximo 3 de noviembre. Aqu\u00ed podr\u00e9is descubrir la<strong> vida salvaje de las monta\u00f1as, y observar animales en semi-libertad<\/strong>: osos, linces, lobos, marmotas, buitres, grandes ciervos, ardillas y otros animales de monta\u00f1a presentes en su entorno natural.<\/p>\n<div id=\"attachment_4894\" style=\"width: 2153px\" class=\"wp-caption alignnone\"><a href=\"http:\/\/www.campingverneda.com\/blog\/wp-content\/uploads\/2024\/05\/aranpark_valdaran.png\"><img aria-describedby=\"caption-attachment-4894\" decoding=\"async\" loading=\"lazy\" class=\"wp-image-4894 \" src=\"http:\/\/www.campingverneda.com\/blog\/wp-content\/uploads\/2024\/05\/aranpark_valdaran.png\" alt=\"\" width=\"2143\" height=\"1125\" srcset=\"https:\/\/www.campingverneda.com\/blog\/wp-content\/uploads\/2024\/05\/aranpark_valdaran-200x105.png 200w, https:\/\/www.campingverneda.com\/blog\/wp-content\/uploads\/2024\/05\/aranpark_valdaran-300x158.png 300w, https:\/\/www.campingverneda.com\/blog\/wp-content\/uploads\/2024\/05\/aranpark_valdaran-400x210.png 400w, https:\/\/www.campingverneda.com\/blog\/wp-content\/uploads\/2024\/05\/aranpark_valdaran-600x315.png 600w, https:\/\/www.campingverneda.com\/blog\/wp-content\/uploads\/2024\/05\/aranpark_valdaran-768x403.png 768w, https:\/\/www.campingverneda.com\/blog\/wp-content\/uploads\/2024\/05\/aranpark_valdaran-800x420.png 800w, https:\/\/www.campingverneda.com\/blog\/wp-content\/uploads\/2024\/05\/aranpark_valdaran-1024x538.png 1024w, https:\/\/www.campingverneda.com\/blog\/wp-content\/uploads\/2024\/05\/aranpark_valdaran.png 1158w\" sizes=\"(max-width: 2143px) 100vw, 2143px\" \/><\/a><p id=\"caption-attachment-4894\" class=\"wp-caption-text\">Fuentre: Torisme Val d&#8217;Aran<\/p><\/div>\n<p>Aprovecha lo mejor de la primavera en familia y ven a conocer la <a href=\"https:\/\/www.instagram.com\/vida.verneda\/\" target=\"_blank\" rel=\"noopener\">#VIDAVerneda<\/a>.<\/p>\n","protected":false},"excerpt":{"rendered":"<p>La primavera en el Pirineo es todo un regalo para aprovechar al m\u00e1ximo. Ahora que los d\u00edas son m\u00e1s largos, la temperatura es la mejor [&hellip;]<\/p>\n","protected":false},"author":1,"featured_media":4895,"comment_status":"open","ping_status":"open","sticky":false,"template":"","format":"standard","meta":[],"categories":[230],"tags":[1739,662,1741,1742,149,1717,51,935,1737,1080,911,1736,1318,199,1740,1738,818],"_links":{"self":[{"href":"https:\/\/www.campingverneda.com\/blog\/wp-json\/wp\/v2\/posts\/4892"}],"collection":[{"href":"https:\/\/www.campingverneda.com\/blog\/wp-json\/wp\/v2\/posts"}],"about":[{"href":"https:\/\/www.campingverneda.com\/blog\/wp-json\/wp\/v2\/types\/post"}],"author":[{"embeddable":true,"href":"https:\/\/www.campingverneda.com\/blog\/wp-json\/wp\/v2\/users\/1"}],"replies":[{"embeddable":true,"href":"https:\/\/www.campingverneda.com\/blog\/wp-json\/wp\/v2\/comments?post=4892"}],"version-history":[{"count":3,"href":"https:\/\/www.campingverneda.com\/blog\/wp-json\/wp\/v2\/posts\/4892\/revisions"}],"predecessor-version":[{"id":4898,"href":"https:\/\/www.campingverneda.com\/blog\/wp-json\/wp\/v2\/posts\/4892\/revisions\/4898"}],"wp:featuredmedia":[{"embeddable":true,"href":"https:\/\/www.campingverneda.com\/blog\/wp-json\/wp\/v2\/media\/4895"}],"wp:attachment":[{"href":"https:\/\/www.campingverneda.com\/blog\/wp-json\/wp\/v2\/media?parent=4892"}],"wp:term":[{"taxonomy":"category","embeddable":true,"href":"https:\/\/www.campingverneda.com\/blog\/wp-json\/wp\/v2\/categories?post=4892"},{"taxonomy":"post_tag","embeddable":true,"href":"https:\/\/www.campingverneda.com\/blog\/wp-json\/wp\/v2\/tags?post=4892"}],"curies":[{"name":"wp","href":"https:\/\/api.w.org\/{rel}","templated":true}]}}