{"id":4874,"date":"2024-04-17T08:03:27","date_gmt":"2024-04-17T08:03:27","guid":{"rendered":"http:\/\/www.campingverneda.com\/blog\/?p=4874"},"modified":"2024-09-16T13:29:29","modified_gmt":"2024-09-16T13:29:29","slug":"hablemos-del-verano","status":"publish","type":"post","link":"https:\/\/www.campingverneda.com\/blog\/2024\/04\/17\/hablemos-del-verano\/","title":{"rendered":"Hablemos del verano"},"content":{"rendered":"<p>Ya estamos a pocas semanas de empezar el verano a lo #VIDAVerneda. \u00bfTienes tus vacaciones organizadas? Ya sabes que cuando hablamos de verano en <a href=\"https:\/\/www.campingverneda.com\/\" target=\"_blank\" rel=\"noopener\">Verneda Camping Mountain Resort<\/a> hablamos de vacaciones en la monta\u00f1a, rodeados de naturaleza en su estado m\u00e1s puro, y buen\u00edsimos planes para toda la familia.<\/p>\n<div id=\"attachment_4875\" style=\"width: 1702px\" class=\"wp-caption alignnone\"><a href=\"http:\/\/www.campingverneda.com\/blog\/wp-content\/uploads\/2024\/04\/campingverneda-vacaciones-valdaranJPG.jpg\"><img aria-describedby=\"caption-attachment-4875\" decoding=\"async\" loading=\"lazy\" class=\"wp-image-4875 \" src=\"http:\/\/www.campingverneda.com\/blog\/wp-content\/uploads\/2024\/04\/campingverneda-vacaciones-valdaranJPG.jpg\" alt=\"Verneda Mountain resort\" width=\"1692\" height=\"780\" srcset=\"https:\/\/www.campingverneda.com\/blog\/wp-content\/uploads\/2024\/04\/campingverneda-vacaciones-valdaranJPG-200x92.jpg 200w, https:\/\/www.campingverneda.com\/blog\/wp-content\/uploads\/2024\/04\/campingverneda-vacaciones-valdaranJPG-300x138.jpg 300w, https:\/\/www.campingverneda.com\/blog\/wp-content\/uploads\/2024\/04\/campingverneda-vacaciones-valdaranJPG-400x184.jpg 400w, https:\/\/www.campingverneda.com\/blog\/wp-content\/uploads\/2024\/04\/campingverneda-vacaciones-valdaranJPG-600x277.jpg 600w, https:\/\/www.campingverneda.com\/blog\/wp-content\/uploads\/2024\/04\/campingverneda-vacaciones-valdaranJPG-768x354.jpg 768w, https:\/\/www.campingverneda.com\/blog\/wp-content\/uploads\/2024\/04\/campingverneda-vacaciones-valdaranJPG-800x369.jpg 800w, https:\/\/www.campingverneda.com\/blog\/wp-content\/uploads\/2024\/04\/campingverneda-vacaciones-valdaranJPG.jpg 1000w\" sizes=\"(max-width: 1692px) 100vw, 1692px\" \/><\/a><p id=\"caption-attachment-4875\" class=\"wp-caption-text\">Vacaciones de Camping en la Val d&#8217;Aran<\/p><\/div>\n<h3>Verano a lo #VIDAVerneda<\/h3>\n<p>Cuando vienes en buena compa\u00f1\u00eda a pasar el verano a lo #VIDAVerneda sabes que los buenos planes est\u00e1n asegurados, especialmente si vienes con ni\u00f1os y ni\u00f1as. Tambi\u00e9n son buenas vacaciones de verano en la monta\u00f1a cuando te alojas en Verneda Camping Mountain Resort con tu mascota, ya sea perro, gata, hur\u00f3n, tortuga\u2026 \u00a1Aqu\u00ed todos los animales son bienvenidos!<\/p>\n<p>Pero, \u00bfqu\u00e9 es eso a lo que llamamos \u2018verano a lo #VIDAVerneda?<\/p>\n<ul>\n<li><strong>Despertarse con calma, sin prisa<\/strong>, y escuchando el canto de los p\u00e1jaros que viven en nuestros \u00e1rboles centenarios y alrededor de los bosques que nos rodean.<\/li>\n<li><strong>Desayuna al aire libre<\/strong>. Si est\u00e1s alojado o alojada en nuestros bungalows, en las terrazas de nuestras caba\u00f1as de madera. Y si te alojas en la zona de acampada, ya sabes c\u00f3mo.<\/li>\n<li>Excursiones por la monta\u00f1a, <strong>rutas guiadas de senderismo o en bici<\/strong>. Descubrir con tus compa\u00f1eros y compa\u00f1eras de viaje los paisajes m\u00e1s espectaculares, esos que provocan el \u2018reseteo\u2019 de tu mente. Os recordamos que para aquellas personas aojadas en le camping, ofrecemos unas programaci\u00f3n gratuita de senderismo de forma diaria.<\/li>\n<li>Comer a la sombra de los \u00e1rboles que rodean nuestro restaurante cualquiera de nuestros platos. Y despu\u00e9s de una buena comida, una siesta a la sombra y con el murmullo del r\u00edo Garona. \u00a1Todo un placer!<\/li>\n<li><strong>Tardes de piscina<\/strong> de cloraci\u00f3n salina.<\/li>\n<li><strong>Talleres infantiles, y domingos de Circoloco<\/strong>. Los mejores planes para los peques de la casa. Adem\u00e1s de hacer nuevos amigos y amigas, aprenden a cuidar y respetar los ecosistemas naturales mientras se divierten, \u00a1y r\u00eden a carcajadas! Y mientras madres y padres tienen un merecido descanso, \u00a1que ya hac\u00e9is mucho durante el a\u00f1o!<\/li>\n<li><strong>Noches de conciertos al aire libre<\/strong> y bajo las estrellas. Siempre es un buen plan desbloquear un poco las caderas y disfrutar de las noches de verano con m\u00fasica en directo.<\/li>\n<\/ul>\n<div id=\"attachment_4876\" style=\"width: 2570px\" class=\"wp-caption alignnone\"><a href=\"http:\/\/www.campingverneda.com\/blog\/wp-content\/uploads\/2024\/04\/campingverneda-actividadesinafnatiles-scaled.jpg\"><img aria-describedby=\"caption-attachment-4876\" decoding=\"async\" loading=\"lazy\" class=\"wp-image-4876 size-full\" src=\"http:\/\/www.campingverneda.com\/blog\/wp-content\/uploads\/2024\/04\/campingverneda-actividadesinafnatiles-scaled.jpg\" alt=\"Camping Verneda actividades y circo para los m\u00e1s peque\u00f1os\" width=\"2560\" height=\"1179\" srcset=\"https:\/\/www.campingverneda.com\/blog\/wp-content\/uploads\/2024\/04\/campingverneda-actividadesinafnatiles-200x92.jpg 200w, https:\/\/www.campingverneda.com\/blog\/wp-content\/uploads\/2024\/04\/campingverneda-actividadesinafnatiles-300x138.jpg 300w, https:\/\/www.campingverneda.com\/blog\/wp-content\/uploads\/2024\/04\/campingverneda-actividadesinafnatiles-400x184.jpg 400w, https:\/\/www.campingverneda.com\/blog\/wp-content\/uploads\/2024\/04\/campingverneda-actividadesinafnatiles-600x276.jpg 600w, https:\/\/www.campingverneda.com\/blog\/wp-content\/uploads\/2024\/04\/campingverneda-actividadesinafnatiles-768x354.jpg 768w, https:\/\/www.campingverneda.com\/blog\/wp-content\/uploads\/2024\/04\/campingverneda-actividadesinafnatiles-800x368.jpg 800w, https:\/\/www.campingverneda.com\/blog\/wp-content\/uploads\/2024\/04\/campingverneda-actividadesinafnatiles-1024x472.jpg 1024w, https:\/\/www.campingverneda.com\/blog\/wp-content\/uploads\/2024\/04\/campingverneda-actividadesinafnatiles-1200x553.jpg 1200w, https:\/\/www.campingverneda.com\/blog\/wp-content\/uploads\/2024\/04\/campingverneda-actividadesinafnatiles-1536x707.jpg 1536w, https:\/\/www.campingverneda.com\/blog\/wp-content\/uploads\/2024\/04\/campingverneda-actividadesinafnatiles-scaled.jpg 2560w\" sizes=\"(max-width: 2560px) 100vw, 2560px\" \/><\/a><p id=\"caption-attachment-4876\" class=\"wp-caption-text\">Circoloco con Betty, nuestra payasa favorita que nunca falta<\/p><\/div>\n<p>Planifica ya tu verano a lo #VIDAVerneda y vente a pasar unas vacaciones memorables disfrutando de los peque\u00f1os placeres de la vida con tus personas favoritas. \u00a1Y trae a tu mascota, no lo dejes en casa!<\/p>\n","protected":false},"excerpt":{"rendered":"<p>Ya estamos a pocas semanas de empezar el verano a lo #VIDAVerneda. \u00bfTienes tus vacaciones organizadas? Ya sabes que cuando hablamos de verano en Verneda [&hellip;]<\/p>\n","protected":false},"author":1,"featured_media":4877,"comment_status":"open","ping_status":"open","sticky":false,"template":"","format":"standard","meta":[],"categories":[1,72,69],"tags":[49,1730,1729,1151,1647,1192,1240,914,1732,11,696,1468,1731,94,818,16],"_links":{"self":[{"href":"https:\/\/www.campingverneda.com\/blog\/wp-json\/wp\/v2\/posts\/4874"}],"collection":[{"href":"https:\/\/www.campingverneda.com\/blog\/wp-json\/wp\/v2\/posts"}],"about":[{"href":"https:\/\/www.campingverneda.com\/blog\/wp-json\/wp\/v2\/types\/post"}],"author":[{"embeddable":true,"href":"https:\/\/www.campingverneda.com\/blog\/wp-json\/wp\/v2\/users\/1"}],"replies":[{"embeddable":true,"href":"https:\/\/www.campingverneda.com\/blog\/wp-json\/wp\/v2\/comments?post=4874"}],"version-history":[{"count":1,"href":"https:\/\/www.campingverneda.com\/blog\/wp-json\/wp\/v2\/posts\/4874\/revisions"}],"predecessor-version":[{"id":4878,"href":"https:\/\/www.campingverneda.com\/blog\/wp-json\/wp\/v2\/posts\/4874\/revisions\/4878"}],"wp:featuredmedia":[{"embeddable":true,"href":"https:\/\/www.campingverneda.com\/blog\/wp-json\/wp\/v2\/media\/4877"}],"wp:attachment":[{"href":"https:\/\/www.campingverneda.com\/blog\/wp-json\/wp\/v2\/media?parent=4874"}],"wp:term":[{"taxonomy":"category","embeddable":true,"href":"https:\/\/www.campingverneda.com\/blog\/wp-json\/wp\/v2\/categories?post=4874"},{"taxonomy":"post_tag","embeddable":true,"href":"https:\/\/www.campingverneda.com\/blog\/wp-json\/wp\/v2\/tags?post=4874"}],"curies":[{"name":"wp","href":"https:\/\/api.w.org\/{rel}","templated":true}]}}