{"id":4868,"date":"2024-04-10T07:47:49","date_gmt":"2024-04-10T07:47:49","guid":{"rendered":"http:\/\/www.campingverneda.com\/blog\/?p=4868"},"modified":"2024-04-10T07:47:49","modified_gmt":"2024-04-10T07:47:49","slug":"tu-alojamiento-sostenible","status":"publish","type":"post","link":"https:\/\/www.campingverneda.com\/blog\/2024\/04\/10\/tu-alojamiento-sostenible\/","title":{"rendered":"Tu alojamiento sostenible"},"content":{"rendered":"<p>Todos los a\u00f1os trabajamos para mejorar nuestras instalaciones y que seamos tu alojamiento sostenible. Nos parece fundamental adaptar Verneda Camping Mountain Resort para promover la conservaci\u00f3n del paisaje natural que nos acoge. Por esto, inauguramos una nueva temporada de primavera-verano con muchas novedades.<\/p>\n<div id=\"attachment_4869\" style=\"width: 2031px\" class=\"wp-caption alignnone\"><a href=\"http:\/\/www.campingverneda.com\/blog\/wp-content\/uploads\/2024\/04\/campingverneda-mountainresorts-sostenibilidad-valdaran.jpg\"><img aria-describedby=\"caption-attachment-4869\" decoding=\"async\" loading=\"lazy\" class=\"wp-image-4869\" src=\"http:\/\/www.campingverneda.com\/blog\/wp-content\/uploads\/2024\/04\/campingverneda-mountainresorts-sostenibilidad-valdaran.jpg\" alt=\"Verneda Camping Mountain resort destino sostenible\" width=\"2021\" height=\"1350\" \/><\/a><p id=\"caption-attachment-4869\" class=\"wp-caption-text\">Recogida selectiva en nuestro recinto<\/p><\/div>\n<p>Algunas de razones por las que somos tu alojamiento sostenible, y que quiz\u00e1s no sab\u00edas, son:<\/p>\n<ul>\n<li>Durante los d\u00edas fr\u00edos, y todo el invierno, calentamos muchos de nuestros bungalows con <strong>estufa de pellet<\/strong>. El pellet es un material natural que evita la emisi\u00f3n de gases de efecto invernadero.<\/li>\n<li>Tenemos una <strong>depuradora propia<\/strong>, lo que proporciona un ambiente m\u00e1s limpio y saludable, mientras cuidamos y conservamos el agua.<\/li>\n<li>Cultivamos nuestras zonas verdes con plantas que promueven la polinizaci\u00f3n.<\/li>\n<li>Por supuesto, contamos de<strong> zona de recogida de basura selectiva<\/strong>, fomentando as\u00ed el reciclaje.<\/li>\n<li>Desde nuestra recepci\u00f3n, te asesoramos sobre un sinf\u00edn de actividades de Turismo Sostenible. Para que conozcas cada rinc\u00f3n de la Val d\u2019Aran minimizando tu huella ambiental.<\/li>\n<li>Todo nuestro equipo de mantenimiento trabaja con veh\u00edculos el\u00e9ctricos para ser m\u00e1s eficientes y ecol\u00f3gicos.<\/li>\n<li>Nuestra <strong>piscina es de cloraci\u00f3n salina<\/strong>, evitando de esta manera contaminarla con qu\u00edmicos.<\/li>\n<li>Nuestras luces son <strong>LED<\/strong> y con <strong>sensor de movimiento<\/strong>, para evitar que se usen cuando no son necesarias, y cuando lo hagan sea con un consumo \u00f3ptimo. En las actividades infantiles que realizamos \u00fanicamente durante los meses de verano, fomentamos los buenos h\u00e1bitos, el reciclaje, la sostenibilidad y sobre el cuidado y correcto mantenimiento de la naturaleza.<\/li>\n<\/ul>\n<div id=\"attachment_4870\" style=\"width: 1980px\" class=\"wp-caption alignnone\"><a href=\"http:\/\/www.campingverneda.com\/blog\/wp-content\/uploads\/2024\/04\/campingverneda-mountainresort-valdaran.jpg\"><img aria-describedby=\"caption-attachment-4870\" decoding=\"async\" loading=\"lazy\" class=\"wp-image-4870 \" src=\"http:\/\/www.campingverneda.com\/blog\/wp-content\/uploads\/2024\/04\/campingverneda-mountainresort-valdaran.jpg\" alt=\"Camping Verneda asostenibilidad\" width=\"1970\" height=\"1316\" srcset=\"https:\/\/www.campingverneda.com\/blog\/wp-content\/uploads\/2024\/04\/campingverneda-mountainresort-valdaran-200x134.jpg 200w, https:\/\/www.campingverneda.com\/blog\/wp-content\/uploads\/2024\/04\/campingverneda-mountainresort-valdaran-300x200.jpg 300w, https:\/\/www.campingverneda.com\/blog\/wp-content\/uploads\/2024\/04\/campingverneda-mountainresort-valdaran-400x267.jpg 400w, https:\/\/www.campingverneda.com\/blog\/wp-content\/uploads\/2024\/04\/campingverneda-mountainresort-valdaran-600x401.jpg 600w, https:\/\/www.campingverneda.com\/blog\/wp-content\/uploads\/2024\/04\/campingverneda-mountainresort-valdaran-768x513.jpg 768w, https:\/\/www.campingverneda.com\/blog\/wp-content\/uploads\/2024\/04\/campingverneda-mountainresort-valdaran-800x534.jpg 800w, https:\/\/www.campingverneda.com\/blog\/wp-content\/uploads\/2024\/04\/campingverneda-mountainresort-valdaran.jpg 1000w\" sizes=\"(max-width: 1970px) 100vw, 1970px\" \/><\/a><p id=\"caption-attachment-4870\" class=\"wp-caption-text\">Rincones de nuestro recinto<\/p><\/div>\n<p>Estamos trabajando por incluir en nuestra <a href=\"https:\/\/www.campingverneda.com\/\" target=\"_blank\" rel=\"noopener\">p\u00e1gina web<\/a> una nueva categor\u00eda en la que te explicamos estas acciones y muchas m\u00e1s. Adem\u00e1s, si est\u00e1s pensando en venir a <a href=\"https:\/\/www.instagram.com\/vida.verneda\/\">Verneda Camping Mountain Resort<\/a> este verano, debes saber que en las actividades infantiles que tenemos, siempre promovemos el cuidado y respeto ambiental.<\/p>\n<p>\u00bfTe gustar\u00eda unirte al cambio? Todo empieza en uno mismo. Elige unas vacaciones m\u00e1s sostenibles y sigue aprendiendo a c\u00f3mo cuidar la Naturaleza que nos rodea.<\/p>\n","protected":false},"excerpt":{"rendered":"<p>Todos los a\u00f1os trabajamos para mejorar nuestras instalaciones y que seamos tu alojamiento sostenible. Nos parece fundamental adaptar Verneda Camping Mountain Resort para promover la [&hellip;]<\/p>\n","protected":false},"author":1,"featured_media":4871,"comment_status":"open","ping_status":"open","sticky":false,"template":"","format":"standard","meta":[],"categories":[795,1276],"tags":[1663,1337,1664,12,914,495,428,1101,1544,11,696,1728,1726,627,1104,301,1727,818],"_links":{"self":[{"href":"https:\/\/www.campingverneda.com\/blog\/wp-json\/wp\/v2\/posts\/4868"}],"collection":[{"href":"https:\/\/www.campingverneda.com\/blog\/wp-json\/wp\/v2\/posts"}],"about":[{"href":"https:\/\/www.campingverneda.com\/blog\/wp-json\/wp\/v2\/types\/post"}],"author":[{"embeddable":true,"href":"https:\/\/www.campingverneda.com\/blog\/wp-json\/wp\/v2\/users\/1"}],"replies":[{"embeddable":true,"href":"https:\/\/www.campingverneda.com\/blog\/wp-json\/wp\/v2\/comments?post=4868"}],"version-history":[{"count":2,"href":"https:\/\/www.campingverneda.com\/blog\/wp-json\/wp\/v2\/posts\/4868\/revisions"}],"predecessor-version":[{"id":4873,"href":"https:\/\/www.campingverneda.com\/blog\/wp-json\/wp\/v2\/posts\/4868\/revisions\/4873"}],"wp:featuredmedia":[{"embeddable":true,"href":"https:\/\/www.campingverneda.com\/blog\/wp-json\/wp\/v2\/media\/4871"}],"wp:attachment":[{"href":"https:\/\/www.campingverneda.com\/blog\/wp-json\/wp\/v2\/media?parent=4868"}],"wp:term":[{"taxonomy":"category","embeddable":true,"href":"https:\/\/www.campingverneda.com\/blog\/wp-json\/wp\/v2\/categories?post=4868"},{"taxonomy":"post_tag","embeddable":true,"href":"https:\/\/www.campingverneda.com\/blog\/wp-json\/wp\/v2\/tags?post=4868"}],"curies":[{"name":"wp","href":"https:\/\/api.w.org\/{rel}","templated":true}]}}