{"id":4860,"date":"2024-04-02T10:41:44","date_gmt":"2024-04-02T10:41:44","guid":{"rendered":"http:\/\/www.campingverneda.com\/blog\/?p=4860"},"modified":"2024-09-16T13:28:46","modified_gmt":"2024-09-16T13:28:46","slug":"escapada-de-fin-de-semana","status":"publish","type":"post","link":"https:\/\/www.campingverneda.com\/blog\/2024\/04\/02\/escapada-de-fin-de-semana\/","title":{"rendered":"Escapada de fin de semana"},"content":{"rendered":"<p>Si est\u00e1s pensando en hacer una escapada de fin de semana a la Val d\u2019Aran, lo m\u00e1s importante es organizarte un buen planning. \u00bfVienes con ganas de descansar? \u00bfEst\u00e1s deseando de perderte por la monta\u00f1a? \u00bfTe gustar\u00eda conocer lo mejor de la gastronom\u00eda aranesa?<\/p>\n<p>Aunque el tiempo sea vol\u00e1til y creas que un fin de semana pasa volando, en la Val d\u2019Aran vas a disfrutar al m\u00e1ximo de tu escapada de fin de semana.<strong> En este valle de los Pirineos tenemos todo lo que buscas, y lo que no sab\u00edas que podr\u00edas descubrir<\/strong>. Cada d\u00eda puede ser una gran oportunidad para desconectar y conectar y, sobre todo, para sentir la Val d\u2019Aran en primera persona.<\/p>\n<p>Hazlo durante los fines de semana de primavera con nuestra promoci\u00f3n exclusiva de hasta un 35% de descuento en nuestros bungalows de madera. Puedes acceder a la promoci\u00f3n haciendo clic en <a href=\"https:\/\/thelisresa.webcamp.fr\/list.php?camping=verneda&amp;track=2732024&amp;type=2&amp;typelocation=0&amp;nb_pers=0&amp;begin=2024-05-10&amp;end=2024-05-17&amp;duration=7&amp;beginType=0&amp;tolerance=0&amp;lang=es&amp;PHPSESSID=9o324fpkfrfabn5q99t2l6cvdm\">este enlace<\/a>.<\/p>\n<div id=\"attachment_4863\" style=\"width: 1437px\" class=\"wp-caption alignnone\"><a href=\"http:\/\/www.campingverneda.com\/blog\/wp-content\/uploads\/2024\/04\/verneda-camping-bungalows.jpg\"><img aria-describedby=\"caption-attachment-4863\" decoding=\"async\" loading=\"lazy\" class=\"wp-image-4863 \" src=\"http:\/\/www.campingverneda.com\/blog\/wp-content\/uploads\/2024\/04\/verneda-camping-bungalows.jpg\" alt=\"vacaciones en la Val d'Aran en Verneda Camping Mountain Resort\" width=\"1427\" height=\"1070\" srcset=\"https:\/\/www.campingverneda.com\/blog\/wp-content\/uploads\/2024\/04\/verneda-camping-bungalows-200x150.jpg 200w, https:\/\/www.campingverneda.com\/blog\/wp-content\/uploads\/2024\/04\/verneda-camping-bungalows-300x225.jpg 300w, https:\/\/www.campingverneda.com\/blog\/wp-content\/uploads\/2024\/04\/verneda-camping-bungalows-400x300.jpg 400w, https:\/\/www.campingverneda.com\/blog\/wp-content\/uploads\/2024\/04\/verneda-camping-bungalows-600x450.jpg 600w, https:\/\/www.campingverneda.com\/blog\/wp-content\/uploads\/2024\/04\/verneda-camping-bungalows-768x576.jpg 768w, https:\/\/www.campingverneda.com\/blog\/wp-content\/uploads\/2024\/04\/verneda-camping-bungalows-800x600.jpg 800w, https:\/\/www.campingverneda.com\/blog\/wp-content\/uploads\/2024\/04\/verneda-camping-bungalows.jpg 1000w\" sizes=\"(max-width: 1427px) 100vw, 1427px\" \/><\/a><p id=\"caption-attachment-4863\" class=\"wp-caption-text\">En familia en nuestro bungalow Borda Suite<\/p><\/div>\n<p>La primavera ya est\u00e1 aqu\u00ed, as\u00ed que ahora los buenos tienen m\u00e1s horas de luz y, lo m\u00e1s importante, mejor temperatura para disfrutar de d\u00eda y de noche.<\/p>\n<h3>Ruta en bici<\/h3>\n<p>Tengas el nivel que tengas, una buena ruta en bici siempre es un buen plan. En el Valle de Aran puedes elegir entre rutas en bici por carretera o rutas en bici por monta\u00f1a. T\u00fa cu\u00e9ntanos qu\u00e9 te apetece, y cu\u00e1l es tu nivel, y te asesoramos para que disfrutas de tu escapada de fin de semana sobre ruedas.<\/p>\n<p>Adem\u00e1s, si lo tuyo no es pedalear en exceso, en COPOS Bikes alquilan ebikes para que llegues m\u00e1s lejos con menos esfuerzo.<\/p>\n<div id=\"attachment_4861\" style=\"width: 1479px\" class=\"wp-caption alignnone\"><a href=\"http:\/\/www.campingverneda.com\/blog\/wp-content\/uploads\/2024\/04\/campingverneda-btt-valdaran.jpg\"><img aria-describedby=\"caption-attachment-4861\" decoding=\"async\" loading=\"lazy\" class=\"wp-image-4861 \" src=\"http:\/\/www.campingverneda.com\/blog\/wp-content\/uploads\/2024\/04\/campingverneda-btt-valdaran.jpg\" alt=\"Val d'Aran destino bicicleta de montana\" width=\"1469\" height=\"1102\" srcset=\"https:\/\/www.campingverneda.com\/blog\/wp-content\/uploads\/2024\/04\/campingverneda-btt-valdaran-200x150.jpg 200w, https:\/\/www.campingverneda.com\/blog\/wp-content\/uploads\/2024\/04\/campingverneda-btt-valdaran-300x225.jpg 300w, https:\/\/www.campingverneda.com\/blog\/wp-content\/uploads\/2024\/04\/campingverneda-btt-valdaran-400x300.jpg 400w, https:\/\/www.campingverneda.com\/blog\/wp-content\/uploads\/2024\/04\/campingverneda-btt-valdaran-600x450.jpg 600w, https:\/\/www.campingverneda.com\/blog\/wp-content\/uploads\/2024\/04\/campingverneda-btt-valdaran-768x576.jpg 768w, https:\/\/www.campingverneda.com\/blog\/wp-content\/uploads\/2024\/04\/campingverneda-btt-valdaran-800x600.jpg 800w, https:\/\/www.campingverneda.com\/blog\/wp-content\/uploads\/2024\/04\/campingverneda-btt-valdaran.jpg 1000w\" sizes=\"(max-width: 1469px) 100vw, 1469px\" \/><\/a><p id=\"caption-attachment-4861\" class=\"wp-caption-text\">Ruta en bici por Sant Joan de Toran<\/p><\/div>\n<h3>Senderismo<\/h3>\n<p>Lo mismo, en la Val d\u2019Aran hay un n\u00famero casi infinito de rutas para caminar. Adem\u00e1s, si vienes con ni\u00f1os y ni\u00f1as peques, es un buen plan para que conozcan la flora y fauna local. \u00a1Y que cada paso sea una nueva aventura!<\/p>\n<p><strong>Pueblos de la Val d\u2019Aran<\/strong><\/p>\n<p>La Val d\u2019Aran est\u00e1 formada por 33 pueblos, muchos de ellos a m\u00e1s de 1.000m de altura. Aqu\u00ed encontrar\u00e1s muchos tesoros eclesi\u00e1sticos de estilo Rom\u00e1nico, adem\u00e1s de escenarios muy instagrameables.<\/p>\n<h3>Gastronom\u00eda<\/h3>\n<p>Una de las mayores riquezas de nuestro valle pirenaico es la gran oferta gastron\u00f3mica. Cocina tradicional aranesa cocinada a fuego lento, recetas cl\u00e1sicas reinventadas\u2026 Aqu\u00ed comer bien es ley. As\u00ed que cu\u00e9ntanos qu\u00e9 te gustar\u00eda, y en la recepci\u00f3n de Verneda Camping Mountain Resort te asesoramos para que puedas saborear lo mejor de nuestra gastronom\u00eda.<\/p>\n<div id=\"attachment_4862\" style=\"width: 1427px\" class=\"wp-caption alignnone\"><a href=\"http:\/\/www.campingverneda.com\/blog\/wp-content\/uploads\/2024\/04\/campingverneda-escunhau.jpg\"><img aria-describedby=\"caption-attachment-4862\" decoding=\"async\" loading=\"lazy\" class=\"wp-image-4862 \" src=\"http:\/\/www.campingverneda.com\/blog\/wp-content\/uploads\/2024\/04\/campingverneda-escunhau.jpg\" alt=\"Camping Verneda turismo slow en la Val d'Aran\" width=\"1417\" height=\"1063\" srcset=\"https:\/\/www.campingverneda.com\/blog\/wp-content\/uploads\/2024\/04\/campingverneda-escunhau-200x150.jpg 200w, https:\/\/www.campingverneda.com\/blog\/wp-content\/uploads\/2024\/04\/campingverneda-escunhau-300x225.jpg 300w, https:\/\/www.campingverneda.com\/blog\/wp-content\/uploads\/2024\/04\/campingverneda-escunhau-400x300.jpg 400w, https:\/\/www.campingverneda.com\/blog\/wp-content\/uploads\/2024\/04\/campingverneda-escunhau-600x450.jpg 600w, https:\/\/www.campingverneda.com\/blog\/wp-content\/uploads\/2024\/04\/campingverneda-escunhau-768x576.jpg 768w, https:\/\/www.campingverneda.com\/blog\/wp-content\/uploads\/2024\/04\/campingverneda-escunhau-800x600.jpg 800w, https:\/\/www.campingverneda.com\/blog\/wp-content\/uploads\/2024\/04\/campingverneda-escunhau.jpg 1000w\" sizes=\"(max-width: 1417px) 100vw, 1417px\" \/><\/a><p id=\"caption-attachment-4862\" class=\"wp-caption-text\">Iglesia de Sant P\u00e8ir d&#8217;Escunhau<\/p><\/div>\n<p>Organiza ya tu escapada de fin de semana y siente la <a href=\"https:\/\/www.instagram.com\/vida.verneda\/\">#VIDAVerneda<\/a>.<\/p>\n","protected":false},"excerpt":{"rendered":"<p>Si est\u00e1s pensando en hacer una escapada de fin de semana a la Val d\u2019Aran, lo m\u00e1s importante es organizarte un buen planning. \u00bfVienes con [&hellip;]<\/p>\n","protected":false},"author":1,"featured_media":4864,"comment_status":"open","ping_status":"open","sticky":false,"template":"","format":"standard","meta":[],"categories":[230],"tags":[1723,914,51,11,696,935,809,1719,1706,847,741,787,1720,1724,1725,1721,1722,94,1020],"_links":{"self":[{"href":"https:\/\/www.campingverneda.com\/blog\/wp-json\/wp\/v2\/posts\/4860"}],"collection":[{"href":"https:\/\/www.campingverneda.com\/blog\/wp-json\/wp\/v2\/posts"}],"about":[{"href":"https:\/\/www.campingverneda.com\/blog\/wp-json\/wp\/v2\/types\/post"}],"author":[{"embeddable":true,"href":"https:\/\/www.campingverneda.com\/blog\/wp-json\/wp\/v2\/users\/1"}],"replies":[{"embeddable":true,"href":"https:\/\/www.campingverneda.com\/blog\/wp-json\/wp\/v2\/comments?post=4860"}],"version-history":[{"count":2,"href":"https:\/\/www.campingverneda.com\/blog\/wp-json\/wp\/v2\/posts\/4860\/revisions"}],"predecessor-version":[{"id":5085,"href":"https:\/\/www.campingverneda.com\/blog\/wp-json\/wp\/v2\/posts\/4860\/revisions\/5085"}],"wp:featuredmedia":[{"embeddable":true,"href":"https:\/\/www.campingverneda.com\/blog\/wp-json\/wp\/v2\/media\/4864"}],"wp:attachment":[{"href":"https:\/\/www.campingverneda.com\/blog\/wp-json\/wp\/v2\/media?parent=4860"}],"wp:term":[{"taxonomy":"category","embeddable":true,"href":"https:\/\/www.campingverneda.com\/blog\/wp-json\/wp\/v2\/categories?post=4860"},{"taxonomy":"post_tag","embeddable":true,"href":"https:\/\/www.campingverneda.com\/blog\/wp-json\/wp\/v2\/tags?post=4860"}],"curies":[{"name":"wp","href":"https:\/\/api.w.org\/{rel}","templated":true}]}}