{"id":4779,"date":"2024-02-13T11:39:32","date_gmt":"2024-02-13T11:39:32","guid":{"rendered":"http:\/\/www.campingverneda.com\/blog\/?p=4779"},"modified":"2024-09-16T13:40:12","modified_gmt":"2024-09-16T13:40:12","slug":"bordeta-luxe-tu-bungalow-de-madera","status":"publish","type":"post","link":"https:\/\/www.campingverneda.com\/blog\/2024\/02\/13\/bordeta-luxe-tu-bungalow-de-madera\/","title":{"rendered":"Bordeta Luxe, tu bungalow de madera"},"content":{"rendered":"<p>&nbsp;<\/p>\n<div id=\"attachment_4780\" style=\"width: 414px\" class=\"wp-caption alignright\"><a href=\"http:\/\/www.campingverneda.com\/blog\/wp-content\/uploads\/2024\/02\/campingverneda-bungalows.png\"><img aria-describedby=\"caption-attachment-4780\" decoding=\"async\" loading=\"lazy\" class=\"wp-image-4780 \" src=\"http:\/\/www.campingverneda.com\/blog\/wp-content\/uploads\/2024\/02\/campingverneda-bungalows.png\" alt=\"Bungalows de madera en el coraz\u00f3n del vall de aran\" width=\"404\" height=\"515\" srcset=\"https:\/\/www.campingverneda.com\/blog\/wp-content\/uploads\/2024\/02\/campingverneda-bungalows-200x255.png 200w, https:\/\/www.campingverneda.com\/blog\/wp-content\/uploads\/2024\/02\/campingverneda-bungalows-235x300.png 235w, https:\/\/www.campingverneda.com\/blog\/wp-content\/uploads\/2024\/02\/campingverneda-bungalows-400x510.png 400w, https:\/\/www.campingverneda.com\/blog\/wp-content\/uploads\/2024\/02\/campingverneda-bungalows-600x765.png 600w, https:\/\/www.campingverneda.com\/blog\/wp-content\/uploads\/2024\/02\/campingverneda-bungalows-768x979.png 768w, https:\/\/www.campingverneda.com\/blog\/wp-content\/uploads\/2024\/02\/campingverneda-bungalows-800x1019.png 800w, https:\/\/www.campingverneda.com\/blog\/wp-content\/uploads\/2024\/02\/campingverneda-bungalows-804x1024.png 804w, https:\/\/www.campingverneda.com\/blog\/wp-content\/uploads\/2024\/02\/campingverneda-bungalows.png 868w\" sizes=\"(max-width: 404px) 100vw, 404px\" \/><\/a><p id=\"caption-attachment-4780\" class=\"wp-caption-text\">Bordeta Luxe, comodidad y confort hechos con madera pirenaica<\/p><\/div>\n<p>\u00bfC\u00f3mo te imaginas unas vacaciones perfectas en la monta\u00f1a? \u00bfEres m\u00e1s de hacer escapadas de fin de semana en familia? \u00bfo con amigos y amigas? Sea como fuere tu compa\u00f1\u00eda perfecta para escapadas de fin de semana, la Bordeta Luxe es tu bungalow de madera ideal.<\/p>\n<p>Los <a href=\"https:\/\/www.campingverneda.com\/bordeta-luxe\" target=\"_blank\" rel=\"noopener\">bungalows Bordeta Luxe de Verneda Camping Mountain Resort<\/a> est\u00e1n dise\u00f1ados basados en el estilo tradicional de la Val d\u2019Aran. Estos bungalows est\u00e1n construidos con madera pirenaica. Dos plantas de bungalow con capacidad para 4 personas y equipados con todo lo necesario para vuestra comodidad, porque aqu\u00ed las escapadas a la monta\u00f1a tambi\u00e9n son sin\u00f3nimo de confort.<\/p>\n<p>En <a href=\"https:\/\/www.instagram.com\/vida.verneda\/\" target=\"_blank\" rel=\"noopener\">Verneda Camping Montain Resort<\/a> tenemos cuatro bungalows Bordeta Luxe que reciben los nombres <strong>Montlude, Montcorbison, Malh Blanc y Moli\u00e8res<\/strong>, que tambi\u00e9n son los picos m\u00e1s representativos de la Val d\u2019Aran. \u00bfNo conoces ninguno? Entonces ya tienes un plan recomendado para cuando veng\u00e1is a visitarnos. Y si no eres de coleccionar subidas a picos, tambi\u00e9n puedes elegir alguna de nuestras<strong> rutas guiadas<\/strong>.<\/p>\n<p>Estos bungalows de madera est\u00e1n divididos en dos platas, la planta baja y el altillo. En la planta baja se encuentra el sal\u00f3n-comedor con un sof\u00e1, cocina totalmente equipada, y ba\u00f1o completo con plato de ducha. El altillo, en el mismo espacio, cuenta con una cama doble y una litera con dos camas individuales. Adem\u00e1s, <strong>en todos nuestros bungalows los animales son bienvenidos<\/strong>. Y, tambi\u00e9n todos nuestros b<strong>ungalows cuentan con wi-fi<\/strong> (aunque si tienes la oportunidad de desconectar unos d\u00edas, lo recomendamos); terraza equipada para desayunar, comer o cenar con calma, leer un buen libro o simplemente no hacer nada; <strong>ropa de cama y toallas incluidas, televisi\u00f3n\u2026<\/strong><\/p>\n<p>Si est\u00e1s planificando vuestra escapada de fin de semana en invierno, olv\u00eddate del fr\u00edo porque nuestros bungalows cuentan con calefacci\u00f3n y cuando llegu\u00e9is a la Val d\u2019Aran ya estar\u00e1n calentitos esperando a que entr\u00e9is y empec\u00e9is a disfrutar desde el primer momento de vuestros d\u00edas libres en este valle de los Pirineos.<\/p>\n","protected":false},"excerpt":{"rendered":"<p>&nbsp; \u00bfC\u00f3mo te imaginas unas vacaciones perfectas en la monta\u00f1a? \u00bfEres m\u00e1s de hacer escapadas de fin de semana en familia? \u00bfo con amigos y [&hellip;]<\/p>\n","protected":false},"author":1,"featured_media":2729,"comment_status":"open","ping_status":"open","sticky":false,"template":"","format":"standard","meta":[],"categories":[69],"tags":[1670,1613,1702,733,1437,751,64,1043,11,1700,1701,1699,126,818],"_links":{"self":[{"href":"https:\/\/www.campingverneda.com\/blog\/wp-json\/wp\/v2\/posts\/4779"}],"collection":[{"href":"https:\/\/www.campingverneda.com\/blog\/wp-json\/wp\/v2\/posts"}],"about":[{"href":"https:\/\/www.campingverneda.com\/blog\/wp-json\/wp\/v2\/types\/post"}],"author":[{"embeddable":true,"href":"https:\/\/www.campingverneda.com\/blog\/wp-json\/wp\/v2\/users\/1"}],"replies":[{"embeddable":true,"href":"https:\/\/www.campingverneda.com\/blog\/wp-json\/wp\/v2\/comments?post=4779"}],"version-history":[{"count":2,"href":"https:\/\/www.campingverneda.com\/blog\/wp-json\/wp\/v2\/posts\/4779\/revisions"}],"predecessor-version":[{"id":4782,"href":"https:\/\/www.campingverneda.com\/blog\/wp-json\/wp\/v2\/posts\/4779\/revisions\/4782"}],"wp:featuredmedia":[{"embeddable":true,"href":"https:\/\/www.campingverneda.com\/blog\/wp-json\/wp\/v2\/media\/2729"}],"wp:attachment":[{"href":"https:\/\/www.campingverneda.com\/blog\/wp-json\/wp\/v2\/media?parent=4779"}],"wp:term":[{"taxonomy":"category","embeddable":true,"href":"https:\/\/www.campingverneda.com\/blog\/wp-json\/wp\/v2\/categories?post=4779"},{"taxonomy":"post_tag","embeddable":true,"href":"https:\/\/www.campingverneda.com\/blog\/wp-json\/wp\/v2\/tags?post=4779"}],"curies":[{"name":"wp","href":"https:\/\/api.w.org\/{rel}","templated":true}]}}