{"id":4775,"date":"2024-02-06T09:51:09","date_gmt":"2024-02-06T09:51:09","guid":{"rendered":"http:\/\/www.campingverneda.com\/blog\/?p=4775"},"modified":"2024-09-16T13:39:38","modified_gmt":"2024-09-16T13:39:38","slug":"reserva-tus-vacaciones-de-verano-en-camping-verneda","status":"publish","type":"post","link":"https:\/\/www.campingverneda.com\/blog\/2024\/02\/06\/reserva-tus-vacaciones-de-verano-en-camping-verneda\/","title":{"rendered":"Reserva tus vacaciones y empieza a so\u00f1ar con el verano"},"content":{"rendered":"<div id=\"attachment_4640\" style=\"width: 210px\" class=\"wp-caption alignright\"><a href=\"http:\/\/www.campingverneda.com\/blog\/wp-content\/uploads\/2023\/08\/campingverneda-valdaranJPG-scaled.jpg\"><img aria-describedby=\"caption-attachment-4640\" decoding=\"async\" loading=\"lazy\" class=\"size-medium wp-image-4640\" src=\"http:\/\/www.campingverneda.com\/blog\/wp-content\/uploads\/2023\/08\/campingverneda-valdaranJPG-200x300.jpg\" alt=\"Camping Verneda\" width=\"200\" height=\"300\" srcset=\"https:\/\/www.campingverneda.com\/blog\/wp-content\/uploads\/2023\/08\/campingverneda-valdaranJPG-200x300.jpg 200w, https:\/\/www.campingverneda.com\/blog\/wp-content\/uploads\/2023\/08\/campingverneda-valdaranJPG-400x599.jpg 400w, https:\/\/www.campingverneda.com\/blog\/wp-content\/uploads\/2023\/08\/campingverneda-valdaranJPG-600x899.jpg 600w, https:\/\/www.campingverneda.com\/blog\/wp-content\/uploads\/2023\/08\/campingverneda-valdaranJPG-683x1024.jpg 683w, https:\/\/www.campingverneda.com\/blog\/wp-content\/uploads\/2023\/08\/campingverneda-valdaranJPG-768x1151.jpg 768w, https:\/\/www.campingverneda.com\/blog\/wp-content\/uploads\/2023\/08\/campingverneda-valdaranJPG-800x1199.jpg 800w, https:\/\/www.campingverneda.com\/blog\/wp-content\/uploads\/2023\/08\/campingverneda-valdaranJPG-1025x1536.jpg 1025w, https:\/\/www.campingverneda.com\/blog\/wp-content\/uploads\/2023\/08\/campingverneda-valdaranJPG-1200x1798.jpg 1200w, https:\/\/www.campingverneda.com\/blog\/wp-content\/uploads\/2023\/08\/campingverneda-valdaranJPG-1367x2048.jpg 1367w, https:\/\/www.campingverneda.com\/blog\/wp-content\/uploads\/2023\/08\/campingverneda-valdaranJPG-scaled.jpg 1708w\" sizes=\"(max-width: 200px) 100vw, 200px\" \/><\/a><p id=\"caption-attachment-4640\" class=\"wp-caption-text\">Cuidamos de ti y de los tuyos<\/p><\/div>\n<p>Aunque a\u00fan estemos en plena temporada de invierno, y nos encanta disfrutarla con todo lo que la nieve nos trae, en Verneda Camping Mountain Resort <strong>planificar tus reservas de verano tiene premio. <\/strong>\u00a1Y es que cu\u00e1nto antes te organices y reserves, antes podr\u00e1s escoger!<strong><br \/>\n<\/strong><\/p>\n<p>Si ya sabes que vas a venir otro verano a la Val d\u2019Aran porque te encanta <strong>aprovechar tus vacaciones estivales en nuestras monta\u00f1as de los Pirineos, con excursiones familiares, perdi\u00e9ndote entre nuestros bosques acompa\u00f1ado o acompa\u00f1ada de tu perro, actividades y talleres infantiles<\/strong> para que los y las peques de casa aprendan a cuidar de la naturaleza y que hagan nuevos amigos y amigas, y est\u00e1s deseando de pasar otro verano disfrutando de todo lo dem\u00e1s que representa la #VIDAVerneda: \u00a1Ahora es el momento de hacer tu reserva!<\/p>\n<p><strong>\u00bfC\u00f3mo te gusta pasar las vacaciones?<\/strong> Si prefieres la comodidad de un <a href=\"https:\/\/www.campingverneda.com\/bungalows\" target=\"_blank\" rel=\"noopener\">bungalow de madera hecho a medida<\/a> y perfectamente equipado, o eres m\u00e1s de <a href=\"https:\/\/www.campingverneda.com\/camping\">acampada cl\u00e1sica<\/a> con tu tienda de monta\u00f1a, o lo que m\u00e1s te gusta es v<a href=\"https:\/\/www.campingverneda.com\/autocaravanas-y-campers\">iajar con tu furgoneta<\/a> o autocaravana, en <strong>Verneda Camping Mountain Resort , tenemos todo lo que necesitas<\/strong> para hacer de tus vacaciones una experiencia inolvidable.<\/p>\n<p>Planifica ya tus vacaciones de verano en este valle de valles de los Pirineos y empieza a contar los d\u00edas para volver a los amaneceres con el canturreo de la fauna local, las rutas guiadas por la monta\u00f1a, las paellas con sobremesa sin prisa bajo la sombra de nuestros \u00e1rboles centenarios -con siesta incluida-, las tardes infinitas en nuestra piscina climatizada de cloraci\u00f3n salina y tobog\u00e1n, los d\u00edas de Circoloco con las risas aseguradas de mayores y peque\u00f1os, las noches de conciertos en directo bajo las estrellas y, en definitiva, creando los mejores recuerdos con tu compa\u00f1\u00eda favorita.<\/p>\n<p>Vive este verano como te gusta y reserva ya tus vacaciones de verano en la Val d\u2019Aran a lo #VIDAVerneda.<\/p>\n","protected":false},"excerpt":{"rendered":"<p>Aunque a\u00fan estemos en plena temporada de invierno, y nos encanta disfrutarla con todo lo que la nieve nos trae, en Verneda Camping Mountain Resort [&hellip;]<\/p>\n","protected":false},"author":1,"featured_media":4777,"comment_status":"open","ping_status":"open","sticky":false,"template":"","format":"standard","meta":[],"categories":[72],"tags":[1697,1613,812,12,856,91,11,1698,1696,1694,1538,818,1695],"_links":{"self":[{"href":"https:\/\/www.campingverneda.com\/blog\/wp-json\/wp\/v2\/posts\/4775"}],"collection":[{"href":"https:\/\/www.campingverneda.com\/blog\/wp-json\/wp\/v2\/posts"}],"about":[{"href":"https:\/\/www.campingverneda.com\/blog\/wp-json\/wp\/v2\/types\/post"}],"author":[{"embeddable":true,"href":"https:\/\/www.campingverneda.com\/blog\/wp-json\/wp\/v2\/users\/1"}],"replies":[{"embeddable":true,"href":"https:\/\/www.campingverneda.com\/blog\/wp-json\/wp\/v2\/comments?post=4775"}],"version-history":[{"count":4,"href":"https:\/\/www.campingverneda.com\/blog\/wp-json\/wp\/v2\/posts\/4775\/revisions"}],"predecessor-version":[{"id":4786,"href":"https:\/\/www.campingverneda.com\/blog\/wp-json\/wp\/v2\/posts\/4775\/revisions\/4786"}],"wp:featuredmedia":[{"embeddable":true,"href":"https:\/\/www.campingverneda.com\/blog\/wp-json\/wp\/v2\/media\/4777"}],"wp:attachment":[{"href":"https:\/\/www.campingverneda.com\/blog\/wp-json\/wp\/v2\/media?parent=4775"}],"wp:term":[{"taxonomy":"category","embeddable":true,"href":"https:\/\/www.campingverneda.com\/blog\/wp-json\/wp\/v2\/categories?post=4775"},{"taxonomy":"post_tag","embeddable":true,"href":"https:\/\/www.campingverneda.com\/blog\/wp-json\/wp\/v2\/tags?post=4775"}],"curies":[{"name":"wp","href":"https:\/\/api.w.org\/{rel}","templated":true}]}}