{"id":4768,"date":"2024-01-30T12:16:08","date_gmt":"2024-01-30T12:16:08","guid":{"rendered":"http:\/\/www.campingverneda.com\/blog\/?p=4768"},"modified":"2024-09-16T13:33:23","modified_gmt":"2024-09-16T13:33:23","slug":"el-top3-de-buenos-planes-en-la-nieve","status":"publish","type":"post","link":"https:\/\/www.campingverneda.com\/blog\/2024\/01\/30\/el-top3-de-buenos-planes-en-la-nieve\/","title":{"rendered":"El TOP3 de buenos planes en la nieve"},"content":{"rendered":"<div id=\"attachment_4769\" style=\"width: 522px\" class=\"wp-caption alignright\"><a href=\"http:\/\/www.campingverneda.com\/blog\/2024\/01\/30\/el-top3-de-buenos-planes-en-la-nieve\/campingverneda-raquetas-valdaran\/\" rel=\"attachment wp-att-4769\"><img aria-describedby=\"caption-attachment-4769\" decoding=\"async\" loading=\"lazy\" class=\" wp-image-4769\" src=\"http:\/\/www.campingverneda.com\/blog\/wp-content\/uploads\/2024\/01\/campingverneda-raquetas-valdaran.png\" alt=\"Buenos planes en la Val d'Aran\" width=\"512\" height=\"669\" srcset=\"https:\/\/www.campingverneda.com\/blog\/wp-content\/uploads\/2024\/01\/campingverneda-raquetas-valdaran-200x261.png 200w, https:\/\/www.campingverneda.com\/blog\/wp-content\/uploads\/2024\/01\/campingverneda-raquetas-valdaran-230x300.png 230w, https:\/\/www.campingverneda.com\/blog\/wp-content\/uploads\/2024\/01\/campingverneda-raquetas-valdaran-400x522.png 400w, https:\/\/www.campingverneda.com\/blog\/wp-content\/uploads\/2024\/01\/campingverneda-raquetas-valdaran-600x784.png 600w, https:\/\/www.campingverneda.com\/blog\/wp-content\/uploads\/2024\/01\/campingverneda-raquetas-valdaran.png 647w\" sizes=\"(max-width: 512px) 100vw, 512px\" \/><\/a><p id=\"caption-attachment-4769\" class=\"wp-caption-text\">Paseo con raquetas<\/p><\/div>\n<p>Si buscas cu\u00e1les son los buenos planes en la nieve, esto te interesa. Pero antes, \u00bfc\u00f3mo est\u00e1is pasando esta temporada de invierno en la Val d\u2019Aran? \u00bfQu\u00e9 paseos por el bosque os gusta m\u00e1s recorrer con nieve? \u00bfCu\u00e1l es ese plan que siempre repet\u00eds? \u00bfY el plan que os queda siempre pendiente? \u00bfCu\u00e1ntas pistas hab\u00e9is recorrido en Baqueira Beret? Si es que s\u00ed, \u00bfqu\u00e9 os parecen los nuevos trazados?<\/p>\n<p>Para los y las que a\u00fan no hab\u00e9is podido subir a este valle de los Pirineos, y est\u00e1is organizando planes para vuestra escapada a la nieve, para quienes sub\u00eds frecuentemente y busc\u00e1is planes diferentes, o para los y las que no conoc\u00e9is la Val d\u2019Aran y est\u00e1is buscando informaci\u00f3n para convenceros, hoy os dejamos este <strong>TOP3 de buenos planes para disfrutar de la temporada de invierno en la nieve<\/strong>.<\/p>\n<h3><strong>Ruta en raquetas<\/strong><\/h3>\n<p>Uno de nuestros planes favoritos en temporada de nieve es ponernos las raquetas y perdernos por alguno de los bosques que hay en las monta\u00f1as que forman la Val d\u2019Aran. Y si lo de perderos no suena a buen plan, lo mejor es hacer una<strong> ruta guiada con <a href=\"https:\/\/www.instagram.com\/coposskicenter\/\" target=\"_blank\" rel=\"noopener\">COPOS Skicenter<\/a><\/strong>.<\/p>\n<p>Entre los beneficios de hacer una ruta guiada en raquetas es que llegas a otros lugares donde no llegar\u00edas si no conoces al dedillo estas monta\u00f1as de los Pirineos, y podr\u00e1s alucinar con <strong>las mejores panor\u00e1micas del valle<\/strong> en la mejor compa\u00f1\u00eda.<\/p>\n<h3><strong>Esqu\u00ed de traves\u00eda en Baqueira Beret<\/strong><\/h3>\n<p>El esqu\u00ed de traves\u00eda, tambi\u00e9n llamado <strong>skimo o esqu\u00ed de monta\u00f1a es una modalidad de esqu\u00ed en la que subes por la monta\u00f1a con esqu\u00eds de traves\u00eda y bajas esquiando por zonas de nieve virgen.<\/strong> Mientras subimos por la monta\u00f1a, los esqu\u00eds los llevamos en la espalda o bien cubri\u00e9ndolos con la piel de foca para evitar el deslizamiento y poder subir sin resbalarnos.<\/p>\n<p>Si ya est\u00e1s especializado en el esqu\u00ed alpino y te gustar\u00eda pasar una jornada de nieve diferente, preg\u00fantanos por nuestras<strong> rutas de esqu\u00ed de traves\u00eda para que conozcas Baqueira Beret u otros lugares de nuestro valle desde una perspectiva diferente<\/strong>. \u00a1Un buen plan de nieve que nunca falla!<\/p>\n<h3><strong>Gastronom\u00eda local<\/strong><\/h3>\n<p>Por supuesto, un plan obligatorio cuando vienes en invierno a la Val d\u2019Aran es hacer una ruta gastron\u00f3mica. Durante la temporada en la que la nieve viste las monta\u00f1as de este valle de valles,<strong> los restaurantes hacen gala de los platos tradicionales, y cada uno les da su propia firma de autor<\/strong>. Aqu\u00ed comer bien es ley, y tambi\u00e9n es la mejor forma de cargar pilas para cargar fuerzas y seguir haciendo buenos planes durante el invierno.<\/p>\n<p>S\u00edguenos en nuestro <a href=\"https:\/\/www.instagram.com\/vida.verneda\/\" target=\"_blank\" rel=\"noopener\">perfil de Instagram <\/a>y nuestra <a href=\"https:\/\/www.facebook.com\/VernedaCampingMountainResort\/\" target=\"_blank\" rel=\"noopener\">p\u00e1gina de Facebook<\/a> para estar al d\u00eda de otros buenos planes en la Val d\u2019Aran durante la temporada de nieve.<\/p>\n","protected":false},"excerpt":{"rendered":"<p>Si buscas cu\u00e1les son los buenos planes en la nieve, esto te interesa. Pero antes, \u00bfc\u00f3mo est\u00e1is pasando esta temporada de invierno en la Val [&hellip;]<\/p>\n","protected":false},"author":1,"featured_media":4770,"comment_status":"open","ping_status":"open","sticky":false,"template":"","format":"standard","meta":[],"categories":[1452],"tags":[93,91,11,1687,1689,1692,1686,1688,1691,1011,1268,1682,1680,1681,1683,1684,1685,217,1690,1693,818,40],"_links":{"self":[{"href":"https:\/\/www.campingverneda.com\/blog\/wp-json\/wp\/v2\/posts\/4768"}],"collection":[{"href":"https:\/\/www.campingverneda.com\/blog\/wp-json\/wp\/v2\/posts"}],"about":[{"href":"https:\/\/www.campingverneda.com\/blog\/wp-json\/wp\/v2\/types\/post"}],"author":[{"embeddable":true,"href":"https:\/\/www.campingverneda.com\/blog\/wp-json\/wp\/v2\/users\/1"}],"replies":[{"embeddable":true,"href":"https:\/\/www.campingverneda.com\/blog\/wp-json\/wp\/v2\/comments?post=4768"}],"version-history":[{"count":6,"href":"https:\/\/www.campingverneda.com\/blog\/wp-json\/wp\/v2\/posts\/4768\/revisions"}],"predecessor-version":[{"id":4789,"href":"https:\/\/www.campingverneda.com\/blog\/wp-json\/wp\/v2\/posts\/4768\/revisions\/4789"}],"wp:featuredmedia":[{"embeddable":true,"href":"https:\/\/www.campingverneda.com\/blog\/wp-json\/wp\/v2\/media\/4770"}],"wp:attachment":[{"href":"https:\/\/www.campingverneda.com\/blog\/wp-json\/wp\/v2\/media?parent=4768"}],"wp:term":[{"taxonomy":"category","embeddable":true,"href":"https:\/\/www.campingverneda.com\/blog\/wp-json\/wp\/v2\/categories?post=4768"},{"taxonomy":"post_tag","embeddable":true,"href":"https:\/\/www.campingverneda.com\/blog\/wp-json\/wp\/v2\/tags?post=4768"}],"curies":[{"name":"wp","href":"https:\/\/api.w.org\/{rel}","templated":true}]}}