{"id":4759,"date":"2024-01-23T11:05:32","date_gmt":"2024-01-23T11:05:32","guid":{"rendered":"http:\/\/www.campingverneda.com\/blog\/?p=4759"},"modified":"2024-02-27T09:45:21","modified_gmt":"2024-02-27T09:45:21","slug":"llega-la-44a-marxa-beret","status":"publish","type":"post","link":"https:\/\/www.campingverneda.com\/blog\/2024\/01\/23\/llega-la-44a-marxa-beret\/","title":{"rendered":"Llega la 44\u00aa Marxa Beret"},"content":{"rendered":"<div id=\"attachment_4761\" style=\"width: 398px\" class=\"wp-caption alignright\"><a href=\"http:\/\/www.campingverneda.com\/blog\/2024\/01\/23\/llega-la-44a-marxa-beret\/marxaberet-baqueira\/\" rel=\"attachment wp-att-4761\"><img aria-describedby=\"caption-attachment-4761\" decoding=\"async\" loading=\"lazy\" class=\" wp-image-4761\" src=\"http:\/\/www.campingverneda.com\/blog\/wp-content\/uploads\/2024\/01\/marxaberet-baqueira.png\" alt=\"\" width=\"388\" height=\"413\" srcset=\"https:\/\/www.campingverneda.com\/blog\/wp-content\/uploads\/2024\/01\/marxaberet-baqueira-200x213.png 200w, https:\/\/www.campingverneda.com\/blog\/wp-content\/uploads\/2024\/01\/marxaberet-baqueira-282x300.png 282w, https:\/\/www.campingverneda.com\/blog\/wp-content\/uploads\/2024\/01\/marxaberet-baqueira-400x426.png 400w, https:\/\/www.campingverneda.com\/blog\/wp-content\/uploads\/2024\/01\/marxaberet-baqueira-600x638.png 600w, https:\/\/www.campingverneda.com\/blog\/wp-content\/uploads\/2024\/01\/marxaberet-baqueira-768x817.png 768w, https:\/\/www.campingverneda.com\/blog\/wp-content\/uploads\/2024\/01\/marxaberet-baqueira-800x851.png 800w, https:\/\/www.campingverneda.com\/blog\/wp-content\/uploads\/2024\/01\/marxaberet-baqueira.png 846w\" sizes=\"(max-width: 388px) 100vw, 388px\" \/><\/a><p id=\"caption-attachment-4761\" class=\"wp-caption-text\">Fuente: Marxa Beret<\/p><\/div>\n<p>El pr\u00f3ximo 4 de febrero nos volvemos a ver todos y todas en la esperada Marxa Beret. La Marxa Beret es la <strong>marcha popular de esqu\u00ed de fondo incluida en el calendario FIS de carreras populares y Copa de Espa\u00f1a de larga distancia<\/strong>. Una jornada que nos encanta vivir con todos y todas. Siempre muy emocionante y, sobre todo, con el mejor ambiente.<\/p>\n<h3>Inscripciones para la Marxa Beret<\/h3>\n<p>Si a\u00fan no te has realizado tu inscripci\u00f3n online para participar en esta nueva edici\u00f3n de la Marxa Beret, el viernes 2 de febrero y el s\u00e1bado 3 de febrero podr\u00e1s inscribirte en la sala de inscripciones. La <strong>44\u00aa edici\u00f3n de la Marxa Beret dar\u00e1 el pistoletazo de salida el domingo 4 de febrero a las 10h desde el Pla de Beret<\/strong>. Para la salida de la Marxa Beret, se crear\u00e1 una primera parrilla de salida ELITE para los corredores con menos de 150 puntos FIS en la Lista 2022\/2023 que est\u00e9n inscritos en la prueba de 42 km, y los corredores\/as clasificados entre los 10 primeros hombres, o 5 primeras mujeres de la distancia de 42 km de 2023 de la Marxa.<\/p>\n<p>Para que esos d\u00edas de la Marxa Beret est\u00e9s descansado o descansada para participar, con todas las comodidades, y acompa\u00f1ado siempre de tus personas favoritas para animarte durante toda la marcha popular, en <a href=\"https:\/\/www.instagram.com\/vida.verneda\/\" target=\"_blank\" rel=\"noopener\">Verneda Camping Mountain Resort<\/a> os ofecemos todo lo que necesit\u00e1is. Y entre las necesidades m\u00e1s concretas: confort y tranquilidad para reponer fuerzas.. \u00bfCu\u00e1ntas personas ven\u00eds a disfrutar de un fin de semana de nieve, deporte y desconexi\u00f3n en la naturaleza? <a href=\"https:\/\/www.campingverneda.com\/bungalows\">Elige el bungalow de madera<\/a> que mejor se adapte a ti y a tus compa\u00f1eros y compa\u00f1eras de viaje. Preoc\u00fapate s\u00f3lo de disfrutar la experiencia de participar en la 44\u00aa edici\u00f3n de la Marxa Beret.<\/p>\n<p>Recuerda que \u00fanicamente se permite utilizar la t\u00e9cnica cl\u00e1sica, nunca de patinador. Y para garantizar que todos los participantes cumplen esta norma, la organizaci\u00f3n habilitar\u00e1 controles en los que se observar\u00e1 todo el recorrido. Y <strong>es obligatorio que todos los participantes est\u00e9n en posesi\u00f3n de un seguro de accidentes que cubra la participaci\u00f3n<\/strong> en esta prueba. <a href=\"https:\/\/www.marxaberet.com\/inscribirse\/reglamento\/\">Aqu\u00ed podr\u00e1s consultar todo el reglamento<\/a>.<\/p>\n<p>\u00a1Nos vemos en la 44\u00aa Marxa Beret!<\/p>\n","protected":false},"excerpt":{"rendered":"<p>El pr\u00f3ximo 4 de febrero nos volvemos a ver todos y todas en la esperada Marxa Beret. La Marxa Beret es la marcha popular de [&hellip;]<\/p>\n","protected":false},"author":1,"featured_media":4760,"comment_status":"open","ping_status":"open","sticky":false,"template":"","format":"standard","meta":[],"categories":[1452],"tags":[1678,1630,1674,11,1672,1677,1675,1673,1671,107,1676,1679,818],"_links":{"self":[{"href":"https:\/\/www.campingverneda.com\/blog\/wp-json\/wp\/v2\/posts\/4759"}],"collection":[{"href":"https:\/\/www.campingverneda.com\/blog\/wp-json\/wp\/v2\/posts"}],"about":[{"href":"https:\/\/www.campingverneda.com\/blog\/wp-json\/wp\/v2\/types\/post"}],"author":[{"embeddable":true,"href":"https:\/\/www.campingverneda.com\/blog\/wp-json\/wp\/v2\/users\/1"}],"replies":[{"embeddable":true,"href":"https:\/\/www.campingverneda.com\/blog\/wp-json\/wp\/v2\/comments?post=4759"}],"version-history":[{"count":5,"href":"https:\/\/www.campingverneda.com\/blog\/wp-json\/wp\/v2\/posts\/4759\/revisions"}],"predecessor-version":[{"id":4804,"href":"https:\/\/www.campingverneda.com\/blog\/wp-json\/wp\/v2\/posts\/4759\/revisions\/4804"}],"wp:featuredmedia":[{"embeddable":true,"href":"https:\/\/www.campingverneda.com\/blog\/wp-json\/wp\/v2\/media\/4760"}],"wp:attachment":[{"href":"https:\/\/www.campingverneda.com\/blog\/wp-json\/wp\/v2\/media?parent=4759"}],"wp:term":[{"taxonomy":"category","embeddable":true,"href":"https:\/\/www.campingverneda.com\/blog\/wp-json\/wp\/v2\/categories?post=4759"},{"taxonomy":"post_tag","embeddable":true,"href":"https:\/\/www.campingverneda.com\/blog\/wp-json\/wp\/v2\/tags?post=4759"}],"curies":[{"name":"wp","href":"https:\/\/api.w.org\/{rel}","templated":true}]}}