{"id":4749,"date":"2024-01-10T13:43:57","date_gmt":"2024-01-10T13:43:57","guid":{"rendered":"http:\/\/www.campingverneda.com\/blog\/?p=4749"},"modified":"2024-09-16T13:27:32","modified_gmt":"2024-09-16T13:27:32","slug":"sostenibilidad-en-verneda-camping-mountain-resort","status":"publish","type":"post","link":"https:\/\/www.campingverneda.com\/blog\/2024\/01\/10\/sostenibilidad-en-verneda-camping-mountain-resort\/","title":{"rendered":"Un invierno m\u00e1s sostenible"},"content":{"rendered":"<div id=\"attachment_4750\" style=\"width: 361px\" class=\"wp-caption alignright\"><a href=\"http:\/\/www.campingverneda.com\/blog\/2024\/01\/10\/sostenibilidad-en-verneda-camping-mountain-resort\/vernedacamping-vielha-bungalows\/\" rel=\"attachment wp-att-4750\"><img aria-describedby=\"caption-attachment-4750\" decoding=\"async\" loading=\"lazy\" class=\" wp-image-4750\" src=\"http:\/\/www.campingverneda.com\/blog\/wp-content\/uploads\/2024\/01\/vernedacamping-vielha-bungalows-scaled.jpg\" alt=\"Verneda Camping Mountain Resort bungalows en la Val d'Aran\" width=\"351\" height=\"526\" srcset=\"https:\/\/www.campingverneda.com\/blog\/wp-content\/uploads\/2024\/01\/vernedacamping-vielha-bungalows-200x300.jpg 200w, https:\/\/www.campingverneda.com\/blog\/wp-content\/uploads\/2024\/01\/vernedacamping-vielha-bungalows-400x599.jpg 400w, https:\/\/www.campingverneda.com\/blog\/wp-content\/uploads\/2024\/01\/vernedacamping-vielha-bungalows-600x899.jpg 600w, https:\/\/www.campingverneda.com\/blog\/wp-content\/uploads\/2024\/01\/vernedacamping-vielha-bungalows-683x1024.jpg 683w, https:\/\/www.campingverneda.com\/blog\/wp-content\/uploads\/2024\/01\/vernedacamping-vielha-bungalows-768x1151.jpg 768w, https:\/\/www.campingverneda.com\/blog\/wp-content\/uploads\/2024\/01\/vernedacamping-vielha-bungalows-800x1199.jpg 800w, https:\/\/www.campingverneda.com\/blog\/wp-content\/uploads\/2024\/01\/vernedacamping-vielha-bungalows-1025x1536.jpg 1025w, https:\/\/www.campingverneda.com\/blog\/wp-content\/uploads\/2024\/01\/vernedacamping-vielha-bungalows-1200x1798.jpg 1200w, https:\/\/www.campingverneda.com\/blog\/wp-content\/uploads\/2024\/01\/vernedacamping-vielha-bungalows-1367x2048.jpg 1367w, https:\/\/www.campingverneda.com\/blog\/wp-content\/uploads\/2024\/01\/vernedacamping-vielha-bungalows-scaled.jpg 1708w\" sizes=\"(max-width: 351px) 100vw, 351px\" \/><\/a><p id=\"caption-attachment-4750\" class=\"wp-caption-text\">Bungalow Garona de nuestras caba\u00f1as Pleta Aran<\/p><\/div>\n<p>Cada d\u00eda es m\u00e1s y m\u00e1s importante adaptarnos en nuestro trabajo y en el d\u00eda a d\u00eda a nuevas formas de actuaci\u00f3n para ser m\u00e1s sostenibles. Nos encontramos en una situaci\u00f3n de emergencia clim\u00e1tica, una cuesti\u00f3n que nos afecta a todos y todas, sin importar de d\u00f3nde seamos. Por esto, <strong>contribuir a un cambio de los h\u00e1bitos es vital,<\/strong> y urgente.<\/p>\n<p>En Verneda Camping Mountain Resort hace ya varios a\u00f1os que<strong> estamos trabajando hacia un modelo de turismo m\u00e1s sostenible, m\u00e1s responsable<\/strong>. Este formato de Turismo Sostenible que defendemos no es s\u00f3lo en las actividades que proponemos sino que, como no pod\u00eda ser de otra forma, intentamos dar ejemplo con nuestras propias acciones de marca.<\/p>\n<p>Por ejemplo, entre esas peque\u00f1as acciones que contribuyen al cambio, utilizamos <strong>materiales locales para la construcci\u00f3n de nuestros bungalows de madera<\/strong>, y los calentamos con chimeneas de pellets, minimizando los niveles de emisiones de CO2. Adem\u00e1s, contamos con una depuradora propia, y todos los veh\u00edculos para el mantenimiento de las instalaciones de Verneda Camping Mountain Resort por parte de nuestro equipo son el\u00e9ctricos.<\/p>\n<p>Tambi\u00e9n, para mantener nuestras zonas verdes en buen estado, <strong>sembramos c\u00e9sped natural, y plantas y \u00e1rboles aut\u00f3ctonos<\/strong> que favorece la visita de p\u00e1jaros, mariposas y otros seres imprescindibles para fomentar la <strong>polinizaci\u00f3n<\/strong> de nuestras monta\u00f1as, y tenemos unos <strong>ponis y caballos que son familia de la #VIDAVerneda<\/strong>, y nos ayudan a tener siempre algunas zonas de nuestro recinto en perfecto estado.<\/p>\n<p>En <a href=\"https:\/\/www.campingverneda.com\/\" target=\"_blank\" rel=\"noopener\">nuestra web<\/a> puedes consultar toda la informaci\u00f3n de nuestras acciones m\u00e1s ecofriendly, y todas las que est\u00e1n por llegar este nuevo a\u00f1o os las iremos narrando d\u00eda a d\u00eda desde nuestro <a href=\"https:\/\/www.instagram.com\/vida.verneda\/\">perfil de Instagram<\/a>.<\/p>\n<p>El cambio clim\u00e1tico es real, por eso cada acci\u00f3n es importante. Este invierno, y siempre, <strong>elige siempre las opciones m\u00e1s concienciadas con la naturaleza, las alternativas que trabajan diariamente para disminuir la huella ambiental<\/strong>, y conservar en el mejor estado el mundo que cohabitamos.<\/p>\n","protected":false},"excerpt":{"rendered":"<p>Cada d\u00eda es m\u00e1s y m\u00e1s importante adaptarnos en nuestro trabajo y en el d\u00eda a d\u00eda a nuevas formas de actuaci\u00f3n para ser m\u00e1s [&hellip;]<\/p>\n","protected":false},"author":1,"featured_media":4316,"comment_status":"open","ping_status":"open","sticky":false,"template":"","format":"standard","meta":[],"categories":[1276],"tags":[1666,1663,1613,1665,1664,1160,1101,11,627,818,1667],"_links":{"self":[{"href":"https:\/\/www.campingverneda.com\/blog\/wp-json\/wp\/v2\/posts\/4749"}],"collection":[{"href":"https:\/\/www.campingverneda.com\/blog\/wp-json\/wp\/v2\/posts"}],"about":[{"href":"https:\/\/www.campingverneda.com\/blog\/wp-json\/wp\/v2\/types\/post"}],"author":[{"embeddable":true,"href":"https:\/\/www.campingverneda.com\/blog\/wp-json\/wp\/v2\/users\/1"}],"replies":[{"embeddable":true,"href":"https:\/\/www.campingverneda.com\/blog\/wp-json\/wp\/v2\/comments?post=4749"}],"version-history":[{"count":2,"href":"https:\/\/www.campingverneda.com\/blog\/wp-json\/wp\/v2\/posts\/4749\/revisions"}],"predecessor-version":[{"id":4752,"href":"https:\/\/www.campingverneda.com\/blog\/wp-json\/wp\/v2\/posts\/4749\/revisions\/4752"}],"wp:featuredmedia":[{"embeddable":true,"href":"https:\/\/www.campingverneda.com\/blog\/wp-json\/wp\/v2\/media\/4316"}],"wp:attachment":[{"href":"https:\/\/www.campingverneda.com\/blog\/wp-json\/wp\/v2\/media?parent=4749"}],"wp:term":[{"taxonomy":"category","embeddable":true,"href":"https:\/\/www.campingverneda.com\/blog\/wp-json\/wp\/v2\/categories?post=4749"},{"taxonomy":"post_tag","embeddable":true,"href":"https:\/\/www.campingverneda.com\/blog\/wp-json\/wp\/v2\/tags?post=4749"}],"curies":[{"name":"wp","href":"https:\/\/api.w.org\/{rel}","templated":true}]}}