{"id":4744,"date":"2024-01-02T10:11:39","date_gmt":"2024-01-02T10:11:39","guid":{"rendered":"http:\/\/www.campingverneda.com\/blog\/?p=4744"},"modified":"2024-01-30T12:17:42","modified_gmt":"2024-01-30T12:17:42","slug":"feliz-entrada-al-2024","status":"publish","type":"post","link":"https:\/\/www.campingverneda.com\/blog\/2024\/01\/02\/feliz-entrada-al-2024\/","title":{"rendered":"Feliz entrada al 2024"},"content":{"rendered":"<div id=\"attachment_4745\" style=\"width: 333px\" class=\"wp-caption alignright\"><a href=\"http:\/\/www.campingverneda.com\/blog\/2024\/01\/02\/feliz-entrada-al-2024\/campingverneda-bungalows-4\/\" rel=\"attachment wp-att-4745\"><img aria-describedby=\"caption-attachment-4745\" decoding=\"async\" loading=\"lazy\" class=\" wp-image-4745\" src=\"http:\/\/www.campingverneda.com\/blog\/wp-content\/uploads\/2024\/01\/campingverneda-bungalows-scaled.jpg\" alt=\"\" width=\"323\" height=\"484\" srcset=\"https:\/\/www.campingverneda.com\/blog\/wp-content\/uploads\/2024\/01\/campingverneda-bungalows-200x300.jpg 200w, https:\/\/www.campingverneda.com\/blog\/wp-content\/uploads\/2024\/01\/campingverneda-bungalows-400x599.jpg 400w, https:\/\/www.campingverneda.com\/blog\/wp-content\/uploads\/2024\/01\/campingverneda-bungalows-600x899.jpg 600w, https:\/\/www.campingverneda.com\/blog\/wp-content\/uploads\/2024\/01\/campingverneda-bungalows-683x1024.jpg 683w, https:\/\/www.campingverneda.com\/blog\/wp-content\/uploads\/2024\/01\/campingverneda-bungalows-768x1151.jpg 768w, https:\/\/www.campingverneda.com\/blog\/wp-content\/uploads\/2024\/01\/campingverneda-bungalows-800x1199.jpg 800w, https:\/\/www.campingverneda.com\/blog\/wp-content\/uploads\/2024\/01\/campingverneda-bungalows-1025x1536.jpg 1025w, https:\/\/www.campingverneda.com\/blog\/wp-content\/uploads\/2024\/01\/campingverneda-bungalows-1200x1798.jpg 1200w, https:\/\/www.campingverneda.com\/blog\/wp-content\/uploads\/2024\/01\/campingverneda-bungalows-1367x2048.jpg 1367w, https:\/\/www.campingverneda.com\/blog\/wp-content\/uploads\/2024\/01\/campingverneda-bungalows-scaled.jpg 1708w\" sizes=\"(max-width: 323px) 100vw, 323px\" \/><\/a><p id=\"caption-attachment-4745\" class=\"wp-caption-text\">Vacaciones de calma a lo #VIDAVerneda<\/p><\/div>\n<p>\u00bfC\u00f3mo hab\u00e9is entrado a este nuevo a\u00f1o? \u00bfEmpezasteis el a\u00f1o con todos los rituales cl\u00e1sicos? En <a href=\"https:\/\/www.campingverneda.com\/\" target=\"_blank\" rel=\"noopener\">Verneda Camping Mountain Resort<\/a> hemos iniciado el nuevo a\u00f1o como m\u00e1s nos gusta, en nuestras monta\u00f1as, dando un buen paseo en la mejor compa\u00f1\u00eda y agradeciendo todo lo que hemos aprendido, y todo lo bueno que est\u00e1 por llegar este nuevo a\u00f1o.<\/p>\n<p>Lo primero que queremos destacar es que, para recibir a los Reyes Magos, tenemos una<strong><a href=\"https:\/\/thelisresa.webcamp.fr\/list.php?camping=verneda&amp;track=24122023&amp;type=2&amp;typelocation=0&amp;nb_pers=0&amp;begin=2024-01-04&amp;end=2024-01-07&amp;duration=3&amp;beginType=0&amp;tolerance=0&amp;lang=es&amp;PHPSESSID=k6bssav8jh0t80uit1pbnptrlv\"> s\u00faper promoci\u00f3n del 4 al 7 de enero de un 20% de descuento<\/a> en nuestros<\/strong> <strong>bungalows<\/strong> de madera.<\/p>\n<p>Ahora, mientras llegan los Reyes Magos de Oriente, los que est\u00e1is por aqu\u00ed pasando vuestras vacaciones de Navidad, o los que hab\u00e9is venido estas semanas previas, hab\u00e9is podido <strong>escribir vuestra carta a los Reyes Magos y dejarla en nuestro buz\u00f3n de la recepci\u00f3n\u2026 \u00a1Y esa carta tiene premio!<\/strong> As\u00ed que durante los pr\u00f3ximos d\u00edas estad muy atentos y atentas a nuestro <a href=\"https:\/\/www.instagram.com\/vida.verneda\/\">perfil de Instagram<\/a> ya que os iremos dando algunas pistas hasta que lleguen los Reyes Magos y sus camellos, a los cuales siempre les dejamos agua y comida para que carguen fuerzas para continuar con su m\u00e1gica noche repleta de trabajo.<\/p>\n<p>Y ya con las vacaciones navide\u00f1as finalizadas, el nuevo a\u00f1o 2024 empieza con muchos eventos y buenos planes, como nos gusta. Uno de esos fines de semana que tenemos marcado en rojo y que estamos deseando de que llegue es el del <strong>27 de enero al 1 de febrero,<\/strong> cuando vuelve por tercer a\u00f1o consecutivo el F<a href=\"https:\/\/www.freerideworldtour.com\/events\/2024-baqueira-beret-pro\/\" target=\"_blank\" rel=\"noopener\">reeride World Tour a Baqueira Beret.<\/a> Si te gustan las bajadas vertiginosas, y mantener el coraz\u00f3n en un pu\u00f1o viendo a los mejores y las mejores riders del mundo, entonces no puedes perderte el FWT.<\/p>\n<p>Para acudir a este evento, o simplemente para empezar el a\u00f1o rodeado de nieve en la Val d\u2019Aran, y siempre <strong>disfrutando de tus escapadas a la monta\u00f1a con tu animal de compa\u00f1\u00eda<\/strong>, reserva ya uno de nuestros bungalows de madera equipados con todas las comodidades.<strong> Y es que este nuevo a\u00f1o 2024 debe ser el a\u00f1o en el que hagas lo que m\u00e1s te gusta, sin quedarte con las ganas<\/strong>.<\/p>\n","protected":false},"excerpt":{"rendered":"<p>\u00bfC\u00f3mo hab\u00e9is entrado a este nuevo a\u00f1o? \u00bfEmpezasteis el a\u00f1o con todos los rituales cl\u00e1sicos? En Verneda Camping Mountain Resort hemos iniciado el nuevo a\u00f1o [&hellip;]<\/p>\n","protected":false},"author":1,"featured_media":3614,"comment_status":"open","ping_status":"open","sticky":false,"template":"","format":"standard","meta":[],"categories":[69],"tags":[699,1151,733,1266,11,1660,1662,1661,818,1659],"_links":{"self":[{"href":"https:\/\/www.campingverneda.com\/blog\/wp-json\/wp\/v2\/posts\/4744"}],"collection":[{"href":"https:\/\/www.campingverneda.com\/blog\/wp-json\/wp\/v2\/posts"}],"about":[{"href":"https:\/\/www.campingverneda.com\/blog\/wp-json\/wp\/v2\/types\/post"}],"author":[{"embeddable":true,"href":"https:\/\/www.campingverneda.com\/blog\/wp-json\/wp\/v2\/users\/1"}],"replies":[{"embeddable":true,"href":"https:\/\/www.campingverneda.com\/blog\/wp-json\/wp\/v2\/comments?post=4744"}],"version-history":[{"count":2,"href":"https:\/\/www.campingverneda.com\/blog\/wp-json\/wp\/v2\/posts\/4744\/revisions"}],"predecessor-version":[{"id":4747,"href":"https:\/\/www.campingverneda.com\/blog\/wp-json\/wp\/v2\/posts\/4744\/revisions\/4747"}],"wp:featuredmedia":[{"embeddable":true,"href":"https:\/\/www.campingverneda.com\/blog\/wp-json\/wp\/v2\/media\/3614"}],"wp:attachment":[{"href":"https:\/\/www.campingverneda.com\/blog\/wp-json\/wp\/v2\/media?parent=4744"}],"wp:term":[{"taxonomy":"category","embeddable":true,"href":"https:\/\/www.campingverneda.com\/blog\/wp-json\/wp\/v2\/categories?post=4744"},{"taxonomy":"post_tag","embeddable":true,"href":"https:\/\/www.campingverneda.com\/blog\/wp-json\/wp\/v2\/tags?post=4744"}],"curies":[{"name":"wp","href":"https:\/\/api.w.org\/{rel}","templated":true}]}}