{"id":4741,"date":"2023-12-27T18:16:59","date_gmt":"2023-12-27T18:16:59","guid":{"rendered":"http:\/\/www.campingverneda.com\/blog\/?p=4741"},"modified":"2024-01-30T12:18:12","modified_gmt":"2024-01-30T12:18:12","slug":"planes-para-una-navidad-en-la-val-daran","status":"publish","type":"post","link":"https:\/\/www.campingverneda.com\/blog\/2023\/12\/27\/planes-para-una-navidad-en-la-val-daran\/","title":{"rendered":"Planes para una Navidad en la Val d&#8217;Aran"},"content":{"rendered":"<p>\u00bfC\u00f3mo vais con la Navidad? \u00bfQu\u00e9 tal se ha portado el Ti\u00f3? \u00bfy Pap\u00e1 Noel La Navidad es un momento precioso, pero a veces tambi\u00e9n puede llegar a ser s\u00faper estresante.<\/p>\n<div id=\"attachment_2717\" style=\"width: 688px\" class=\"wp-caption alignright\"><a href=\"http:\/\/www.campingverneda.com\/blog\/2018\/12\/18\/nuestra-carta-al-papa-noel-el-olentzero-el-cagatio-y-el-resto-de-la-cuadrilla\/verneda-camping-mountain-resort-bunaglow-val-d-aran\/\" rel=\"attachment wp-att-2717\"><img aria-describedby=\"caption-attachment-2717\" decoding=\"async\" loading=\"lazy\" class=\" wp-image-2717\" src=\"http:\/\/www.campingverneda.com\/blog\/wp-content\/uploads\/2018\/12\/verneda-camping-mountain-resort-bunaglow-val-d-aran.jpg\" alt=\"\" width=\"678\" height=\"479\" srcset=\"https:\/\/www.campingverneda.com\/blog\/wp-content\/uploads\/2018\/12\/verneda-camping-mountain-resort-bunaglow-val-d-aran-300x212.jpg 300w, https:\/\/www.campingverneda.com\/blog\/wp-content\/uploads\/2018\/12\/verneda-camping-mountain-resort-bunaglow-val-d-aran-600x424.jpg 600w, https:\/\/www.campingverneda.com\/blog\/wp-content\/uploads\/2018\/12\/verneda-camping-mountain-resort-bunaglow-val-d-aran.jpg 945w\" sizes=\"(max-width: 678px) 100vw, 678px\" \/><\/a><p id=\"caption-attachment-2717\" class=\"wp-caption-text\">Vacaciones de Navidad en nuestros bungalows<\/p><\/div>\n<p>La mejor opci\u00f3n para la Navidad, o durante los d\u00edas en los que disfrutamos de vacaciones, es que escapemos de la rutina, de las largas colas para todo, las caravanas infinitas, y disfrut\u00e9is del mejor regalo de todos:<strong> \u00a1Pasar tiempo de calidad con tus personas favoritas!<\/strong> Ya sea en familia, con amigos y amigas, en pareja, o con nuestros animales de compa\u00f1\u00eda, la Navidad en Verneda Camping Mountain Resort es el mejor plan.<\/p>\n<p>Despertarnos y empezar el d\u00eda entre estas monta\u00f1as de los Pirineos que rodean nuestros bungalows de madera es un regalo \u00fanico. Mucha calma, el sonido del r\u00edo Garona y los pajaritos que cantan al son del bosque.<\/p>\n<p>El mejor plan es <strong>dar un buen paseo en familia o con nuestras personas favoritas<\/strong> y, por supuesto, con nuestro perro por las rutas nevadas que tenemos en nuestro entorno de la Val d\u2019Aran. En nuestra recepci\u00f3n te daremos las mejores recomendaciones para estas rutas y, si quieres, incluso pod\u00e9is elegir una ruta guiada. T\u00fa dinos qu\u00e9 os apetece hacer, y en <a href=\"https:\/\/www.campingverneda.com\/\" target=\"_blank\" rel=\"noopener\">Verneda Camping Mountain Resort<\/a> os lo ponemos f\u00e1cil.<\/p>\n<p>Por supuesto, si te gusta aprovechar las vacaciones de Navidad para practicar esqu\u00ed o snowboard, puedes <strong>subir a Baqueira Beret y disfrutar de los nuevos trazados de las pistas<\/strong> y pasar una buena jornada <strong>en la estaci\u00f3n m\u00e1s grande de Espa\u00f1a<\/strong>. Para todas aquellas personas que est\u00e9is alojados\/as en nuestros bungalows y quer\u00e1is subir a pistas, junto con la tienda de esqu\u00ed refrente <strong>Copos Skicenter, os ofrecemos un 15% de descuento en vuestro material de esqu\u00ed<\/strong> y para los\/as que deseeis tomar clases, tambi\u00e9n podr\u00e9is disfrutar de un 10% de descuento. Si lo que quieres es aprender a esquiar o mejorar tu t\u00e9cnica, <a href=\"https:\/\/copos-ski.com\/alquiler-esquis-baqueira.html\">esta es tu mejor opci\u00f3n<\/a>.<\/p>\n<p>Y como los mejores planes vienen acompa\u00f1ados de buena comida,<strong> durante la Navidad en la Val d\u2019Aran puedes darte un homenaje en cualquiera de los buen\u00edsimos espacios gastron\u00f3micos con los mejores productos de cercan\u00eda<\/strong>.<\/p>\n<p>\u00bfYa sabes c\u00f3mo aprovechar al m\u00e1ximo las vacaciones de Navidad?<\/p>\n<p>Pero para aquellos\/as que os tom\u00e1is las vacaciones m\u00e1s adelante, tenemos una <strong>promoci\u00f3n del 20% de descuento en nuestros bungalows de madera del 4 al 7 de enero.<\/strong> \u00bfHay mejor regalo que celebrar la llegada de los Reyes Magos que en #VIDAVerneda? <a href=\"https:\/\/thelisresa.webcamp.fr\/list.php?camping=verneda&amp;track=24122023&amp;type=2&amp;typelocation=0&amp;nb_pers=0&amp;begin=2024-01-04&amp;end=2024-01-07&amp;duration=3&amp;beginType=0&amp;tolerance=0&amp;lang=es&amp;PHPSESSID=if9snn2b4l710j4tte0vutm1l1\" target=\"_blank\" rel=\"noopener\">Haz clic aqu\u00ed y reserva ya.<\/a><\/p>\n<p>Te contamos m\u00e1s buenos planes <a href=\"http:\/\/perfil de Instagram.\">en nuestro perfil de Instagram<\/a>.<\/p>\n","protected":false},"excerpt":{"rendered":"<p>\u00bfC\u00f3mo vais con la Navidad? \u00bfQu\u00e9 tal se ha portado el Ti\u00f3? \u00bfy Pap\u00e1 Noel La Navidad es un momento precioso, pero a veces tambi\u00e9n [&hellip;]<\/p>\n","protected":false},"author":1,"featured_media":4742,"comment_status":"open","ping_status":"open","sticky":false,"template":"","format":"standard","meta":[],"categories":[1452],"tags":[1129,1176,48,699,719,1613,50,733,1647,1192,11,1399,1258,1656,1655,1398,1657,1658,1471,818],"_links":{"self":[{"href":"https:\/\/www.campingverneda.com\/blog\/wp-json\/wp\/v2\/posts\/4741"}],"collection":[{"href":"https:\/\/www.campingverneda.com\/blog\/wp-json\/wp\/v2\/posts"}],"about":[{"href":"https:\/\/www.campingverneda.com\/blog\/wp-json\/wp\/v2\/types\/post"}],"author":[{"embeddable":true,"href":"https:\/\/www.campingverneda.com\/blog\/wp-json\/wp\/v2\/users\/1"}],"replies":[{"embeddable":true,"href":"https:\/\/www.campingverneda.com\/blog\/wp-json\/wp\/v2\/comments?post=4741"}],"version-history":[{"count":1,"href":"https:\/\/www.campingverneda.com\/blog\/wp-json\/wp\/v2\/posts\/4741\/revisions"}],"predecessor-version":[{"id":4743,"href":"https:\/\/www.campingverneda.com\/blog\/wp-json\/wp\/v2\/posts\/4741\/revisions\/4743"}],"wp:featuredmedia":[{"embeddable":true,"href":"https:\/\/www.campingverneda.com\/blog\/wp-json\/wp\/v2\/media\/4742"}],"wp:attachment":[{"href":"https:\/\/www.campingverneda.com\/blog\/wp-json\/wp\/v2\/media?parent=4741"}],"wp:term":[{"taxonomy":"category","embeddable":true,"href":"https:\/\/www.campingverneda.com\/blog\/wp-json\/wp\/v2\/categories?post=4741"},{"taxonomy":"post_tag","embeddable":true,"href":"https:\/\/www.campingverneda.com\/blog\/wp-json\/wp\/v2\/tags?post=4741"}],"curies":[{"name":"wp","href":"https:\/\/api.w.org\/{rel}","templated":true}]}}