{"id":4734,"date":"2023-12-19T09:31:51","date_gmt":"2023-12-19T09:31:51","guid":{"rendered":"http:\/\/www.campingverneda.com\/blog\/?p=4734"},"modified":"2024-01-30T12:18:33","modified_gmt":"2024-01-30T12:18:33","slug":"regalos-de-navidad-sostenibles","status":"publish","type":"post","link":"https:\/\/www.campingverneda.com\/blog\/2023\/12\/19\/regalos-de-navidad-sostenibles\/","title":{"rendered":"Regalos de Navidad sostenibles"},"content":{"rendered":"<div id=\"attachment_4736\" style=\"width: 493px\" class=\"wp-caption alignright\"><a href=\"http:\/\/www.campingverneda.com\/blog\/2023\/12\/19\/regalos-de-navidad-sostenibles\/campingverneda-bungalow-valdaran\/\" rel=\"attachment wp-att-4736\"><img aria-describedby=\"caption-attachment-4736\" decoding=\"async\" loading=\"lazy\" class=\" wp-image-4736\" src=\"http:\/\/www.campingverneda.com\/blog\/wp-content\/uploads\/2023\/12\/campingverneda-bungalow-valdaran.jpg\" alt=\"\" width=\"483\" height=\"479\" srcset=\"https:\/\/www.campingverneda.com\/blog\/wp-content\/uploads\/2023\/12\/campingverneda-bungalow-valdaran-66x66.jpg 66w, https:\/\/www.campingverneda.com\/blog\/wp-content\/uploads\/2023\/12\/campingverneda-bungalow-valdaran-150x150.jpg 150w, https:\/\/www.campingverneda.com\/blog\/wp-content\/uploads\/2023\/12\/campingverneda-bungalow-valdaran-200x198.jpg 200w, https:\/\/www.campingverneda.com\/blog\/wp-content\/uploads\/2023\/12\/campingverneda-bungalow-valdaran-300x297.jpg 300w, https:\/\/www.campingverneda.com\/blog\/wp-content\/uploads\/2023\/12\/campingverneda-bungalow-valdaran-400x396.jpg 400w, https:\/\/www.campingverneda.com\/blog\/wp-content\/uploads\/2023\/12\/campingverneda-bungalow-valdaran-600x595.jpg 600w, https:\/\/www.campingverneda.com\/blog\/wp-content\/uploads\/2023\/12\/campingverneda-bungalow-valdaran-768x761.jpg 768w, https:\/\/www.campingverneda.com\/blog\/wp-content\/uploads\/2023\/12\/campingverneda-bungalow-valdaran-800x793.jpg 800w, https:\/\/www.campingverneda.com\/blog\/wp-content\/uploads\/2023\/12\/campingverneda-bungalow-valdaran-1024x1015.jpg 1024w, https:\/\/www.campingverneda.com\/blog\/wp-content\/uploads\/2023\/12\/campingverneda-bungalow-valdaran-1200x1189.jpg 1200w, https:\/\/www.campingverneda.com\/blog\/wp-content\/uploads\/2023\/12\/campingverneda-bungalow-valdaran-1536x1522.jpg 1536w, https:\/\/www.campingverneda.com\/blog\/wp-content\/uploads\/2023\/12\/campingverneda-bungalow-valdaran.jpg 1869w\" sizes=\"(max-width: 483px) 100vw, 483px\" \/><\/a><p id=\"caption-attachment-4736\" class=\"wp-caption-text\">Momento en familia a lo #VIDAVerneda<\/p><\/div>\n<p>Ya sab\u00e9is que nos encanta la Navidad, cualquier buena excusa para pasar m\u00e1s tiempo compartiendo con nuestras personas favoritas es un buen momento que siempre destacaremos. Pero la Navidad tambi\u00e9n es ese momento del a\u00f1o en el que m\u00e1s incremento de residuos procedentes de los regalos se acumulan, adem\u00e1s de mayor uso de pilas y bater\u00edas contaminantes, por no hablar del despilfarro energ\u00e9tico por los adornos y las luces, que provocan que aumenten deliberadamente las emisiones de di\u00f3xido de carbono (CO2) y la contribuci\u00f3n a la producci\u00f3n de \u00a0gases de efecto invernadero.<\/p>\n<p>Para hacernos una idea de<strong> lo que supone la cara b de la Navidad<\/strong>, los residuos generados durante estas fechas se elevan a casi 20.000 toneladas diarias aproximadamente. Esto es, durante el mes de diciembre, Ecologistas en Acci\u00f3n informa de que el n\u00famero de residuos diarios aumenta un 30%.<\/p>\n<p>Nos encanta recibir los regalos de Navidad, pero desde hace ya varias d\u00e9cadas estos regalos vienen dentro de cartones y pl\u00e1sticos, la caja, m\u00e1s pl\u00e1sticos protectores, el papel de regalo, la bolsa de regalo, los lazos y pegatinas\u2026 \u00a1Por no hablar de la producci\u00f3n masiva de millones de productos para abarcar esta campa\u00f1a de Navidad a nivel estatal y, por supuesto, internacional!<\/p>\n<p>Por ejemplo, la Asociaci\u00f3n Espa\u00f1ola de Fabricantes de Pasta, Papel y Cart\u00f3n (Aspapel) calcula que en estos dos meses el reciclaje de este material se incrementa un 10 % con respecto a la media mensual del a\u00f1o. Esto significa que durante este mes de diciembre en Espa\u00f1a se recoger\u00e1n 862.000 toneladas de papel y cart\u00f3n.<\/p>\n<p>Sabiendo todo esto, aprovechamos para recomendar que,<strong> para hacer unos regalos m\u00e1s sostenibles durante esta Navidad<\/strong>, seamos creativos y creativas y <strong>evitemos regalar con el cl\u00e1sico envoltorio y sin bolsa, se esta manera reducimos un 25% la creaci\u00f3n de residuos.<\/strong><\/p>\n<p>Como consejo en regalos para ni\u00f1os y ni\u00f1as, incluso para mayores, mejor no regalar juguetes u otros dispositivos que requieran el uso indiscriminado de pilas no recargables. La mejor opci\u00f3n de compra siempre es la que pueda usar pilas recargables.<\/p>\n<p>Y, en cuanto a la decoraci\u00f3n de los hogares, hacer uso de elementos reciclados, tanto para la casa como para el \u00e1rbol, y no mantener las luces de los \u00e1rboles navide\u00f1os encendidas d\u00eda y noche, ya que este despilfarro energ\u00e9tico conlleva un aumento del recibo de la luz de alrededor del 40 % aproximadamente.<\/p>\n<p>En nuestro perfil de Instagram os daremos m\u00e1s ideas para una Navidad m\u00e1s sostenible. Y recuerda que <strong>el mejor regalo siempre es pasar tiempo juntos<\/strong>.<\/p>\n","protected":false},"excerpt":{"rendered":"<p>Ya sab\u00e9is que nos encanta la Navidad, cualquier buena excusa para pasar m\u00e1s tiempo compartiendo con nuestras personas favoritas es un buen momento que siempre [&hellip;]<\/p>\n","protected":false},"author":1,"featured_media":4735,"comment_status":"open","ping_status":"open","sticky":false,"template":"","format":"standard","meta":[],"categories":[69],"tags":[1649,1648,1654,1650,1116,1651,1652,1408,1653,818],"_links":{"self":[{"href":"https:\/\/www.campingverneda.com\/blog\/wp-json\/wp\/v2\/posts\/4734"}],"collection":[{"href":"https:\/\/www.campingverneda.com\/blog\/wp-json\/wp\/v2\/posts"}],"about":[{"href":"https:\/\/www.campingverneda.com\/blog\/wp-json\/wp\/v2\/types\/post"}],"author":[{"embeddable":true,"href":"https:\/\/www.campingverneda.com\/blog\/wp-json\/wp\/v2\/users\/1"}],"replies":[{"embeddable":true,"href":"https:\/\/www.campingverneda.com\/blog\/wp-json\/wp\/v2\/comments?post=4734"}],"version-history":[{"count":5,"href":"https:\/\/www.campingverneda.com\/blog\/wp-json\/wp\/v2\/posts\/4734\/revisions"}],"predecessor-version":[{"id":4765,"href":"https:\/\/www.campingverneda.com\/blog\/wp-json\/wp\/v2\/posts\/4734\/revisions\/4765"}],"wp:featuredmedia":[{"embeddable":true,"href":"https:\/\/www.campingverneda.com\/blog\/wp-json\/wp\/v2\/media\/4735"}],"wp:attachment":[{"href":"https:\/\/www.campingverneda.com\/blog\/wp-json\/wp\/v2\/media?parent=4734"}],"wp:term":[{"taxonomy":"category","embeddable":true,"href":"https:\/\/www.campingverneda.com\/blog\/wp-json\/wp\/v2\/categories?post=4734"},{"taxonomy":"post_tag","embeddable":true,"href":"https:\/\/www.campingverneda.com\/blog\/wp-json\/wp\/v2\/tags?post=4734"}],"curies":[{"name":"wp","href":"https:\/\/api.w.org\/{rel}","templated":true}]}}