{"id":4394,"date":"2023-04-11T10:39:42","date_gmt":"2023-04-11T10:39:42","guid":{"rendered":"http:\/\/www.campingverneda.com\/blog\/?p=4394"},"modified":"2023-12-12T08:47:00","modified_gmt":"2023-12-12T08:47:00","slug":"lo-mejor-de-la-primavera-en-pirineos","status":"publish","type":"post","link":"https:\/\/www.campingverneda.com\/blog\/2023\/04\/11\/lo-mejor-de-la-primavera-en-pirineos\/","title":{"rendered":"Lo mejor de la primavera en Pirineos"},"content":{"rendered":"<div id=\"attachment_4395\" style=\"width: 526px\" class=\"wp-caption alignright\"><a href=\"http:\/\/www.campingverneda.com\/blog\/2023\/04\/11\/lo-mejor-de-la-primavera-en-pirineos\/campingverneda-valdaran\/\" rel=\"attachment wp-att-4395\"><img aria-describedby=\"caption-attachment-4395\" decoding=\"async\" loading=\"lazy\" class=\" wp-image-4395\" src=\"http:\/\/www.campingverneda.com\/blog\/wp-content\/uploads\/2023\/04\/campingverneda-valdaran.png\" alt=\"Camping Verneda la alternativa e la val d'aran\" width=\"516\" height=\"521\" srcset=\"https:\/\/www.campingverneda.com\/blog\/wp-content\/uploads\/2023\/04\/campingverneda-valdaran-66x66.png 66w, https:\/\/www.campingverneda.com\/blog\/wp-content\/uploads\/2023\/04\/campingverneda-valdaran-150x150.png 150w, https:\/\/www.campingverneda.com\/blog\/wp-content\/uploads\/2023\/04\/campingverneda-valdaran-200x202.png 200w, https:\/\/www.campingverneda.com\/blog\/wp-content\/uploads\/2023\/04\/campingverneda-valdaran-297x300.png 297w, https:\/\/www.campingverneda.com\/blog\/wp-content\/uploads\/2023\/04\/campingverneda-valdaran-400x404.png 400w, https:\/\/www.campingverneda.com\/blog\/wp-content\/uploads\/2023\/04\/campingverneda-valdaran-600x606.png 600w, https:\/\/www.campingverneda.com\/blog\/wp-content\/uploads\/2023\/04\/campingverneda-valdaran-768x775.png 768w, https:\/\/www.campingverneda.com\/blog\/wp-content\/uploads\/2023\/04\/campingverneda-valdaran-800x808.png 800w, https:\/\/www.campingverneda.com\/blog\/wp-content\/uploads\/2023\/04\/campingverneda-valdaran.png 851w\" sizes=\"(max-width: 516px) 100vw, 516px\" \/><\/a><p id=\"caption-attachment-4395\" class=\"wp-caption-text\">Fuente: Turisme Val d&#8217;Aran<\/p><\/div>\n<p>Lo mejor de la primavera es todo, cuesta quedarnos con algo en particular. Y, como hay tantas razones por las que nos gusta tant\u00edsimo la primavera, aqu\u00ed te vamos a contar qu\u00e9 es lo mejor de<strong> nuestra primavera en este valle de los Pirineos.<\/strong><\/p>\n<p>Durante la primavera en la Val d\u2019Aran, como el sol cambia su localizaci\u00f3n, calienta m\u00e1s y los d\u00edas son m\u00e1s largos, como en todas partes durante esta temporada del a\u00f1o,<strong> todos nuestros bosques y jardines empiezan a florecer<\/strong>. Nuestra flora empieza a brotar con todos sus colores y la fauna sale de sus escondites de hibernaci\u00f3n para volver a corretear y volar alrededor nuestro. De hecho, cuando nos despertamos temprano y empezamos el d\u00eda pronto para desayunar en las terrazas de nuestros bungalows de madera, podemos escuchar a los p\u00e1jaros que vuelven a pasar por aqu\u00ed en sus constantes migraciones creando sus nidos para el verano, buscando comida y, por supuesto, piando de un lado a otro para nuestro goce de inicio del d\u00eda.<\/p>\n<p>Y lo que dec\u00edamos, <strong>en primavera el sol calienta m\u00e1s y los d\u00edas son m\u00e1s largos<\/strong>, as\u00ed que esto nos da juego para dejar por fin las camisetas t\u00e9rmicas y las chaquetas de plumas en el armario, preparar una mochila ligera y hacernos una <strong>buena ruta caminando o en bici por alguno de los much\u00edsimos caminos que hay en la Val d\u2019Aran para todos los niveles y todos los p\u00fablicos<\/strong>. \u00a1La primavera es el mejor momento para volver a conectar con la Naturaleza! Y tambi\u00e9n el mejor momento para venir a disfrutar de la tranquilidad de #VIDAVerneda. Pincha en este enlace y r<a href=\"http:\/\/thelisresa.webcamp.fr\/list.php?camping=verneda&amp;track=1822023&amp;type=2&amp;typelocation=2&amp;nb_pers=0&amp;begin=02\/05\/2023&amp;end=09\/05\/2023&amp;duration=7&amp;beginType=0&amp;tolerance=0&amp;lang=es\">eserva tu bungalow de madera para esta primavera al mejor precio<\/a>. \u00a1Hasta un 35% de descuento!<\/p>\n<p>Tambi\u00e9n la primavera nos da m\u00e1s juego para <strong>perdernos entre los pueblos de la Val d\u2019Aran<\/strong>, disfrutar el pintxo-pote de un lugar a otro, descubrir calles que no conoc\u00edamos hasta que anochece y ver las estrellas que cubren estas monta\u00f1as de los Pirineos sin echar vaho por la boca por el fr\u00edo, aunque s\u00ed recomendamos una chaqueta para el fresco que llega cuando el sol se esconde.<\/p>\n<p>Sin duda, lo mejor de la primavera son esos peque\u00f1os placeres de simplemente estar, ser y sentir. As\u00ed que an\u00edmate y \u00a1<a href=\"https:\/\/www.instagram.com\/vida.verneda\/\" target=\"_blank\" rel=\"noopener\">siente la Val d\u2019Aran<\/a>!<\/p>\n","protected":false},"excerpt":{"rendered":"<p>Lo mejor de la primavera es todo, cuesta quedarnos con algo en particular. Y, como hay tantas razones por las que nos gusta tant\u00edsimo la [&hellip;]<\/p>\n","protected":false},"author":1,"featured_media":4396,"comment_status":"open","ping_status":"open","sticky":false,"template":"","format":"standard","meta":[],"categories":[230],"tags":[1486,1487,1482,1485,11,63,818],"_links":{"self":[{"href":"https:\/\/www.campingverneda.com\/blog\/wp-json\/wp\/v2\/posts\/4394"}],"collection":[{"href":"https:\/\/www.campingverneda.com\/blog\/wp-json\/wp\/v2\/posts"}],"about":[{"href":"https:\/\/www.campingverneda.com\/blog\/wp-json\/wp\/v2\/types\/post"}],"author":[{"embeddable":true,"href":"https:\/\/www.campingverneda.com\/blog\/wp-json\/wp\/v2\/users\/1"}],"replies":[{"embeddable":true,"href":"https:\/\/www.campingverneda.com\/blog\/wp-json\/wp\/v2\/comments?post=4394"}],"version-history":[{"count":2,"href":"https:\/\/www.campingverneda.com\/blog\/wp-json\/wp\/v2\/posts\/4394\/revisions"}],"predecessor-version":[{"id":4398,"href":"https:\/\/www.campingverneda.com\/blog\/wp-json\/wp\/v2\/posts\/4394\/revisions\/4398"}],"wp:featuredmedia":[{"embeddable":true,"href":"https:\/\/www.campingverneda.com\/blog\/wp-json\/wp\/v2\/media\/4396"}],"wp:attachment":[{"href":"https:\/\/www.campingverneda.com\/blog\/wp-json\/wp\/v2\/media?parent=4394"}],"wp:term":[{"taxonomy":"category","embeddable":true,"href":"https:\/\/www.campingverneda.com\/blog\/wp-json\/wp\/v2\/categories?post=4394"},{"taxonomy":"post_tag","embeddable":true,"href":"https:\/\/www.campingverneda.com\/blog\/wp-json\/wp\/v2\/tags?post=4394"}],"curies":[{"name":"wp","href":"https:\/\/api.w.org\/{rel}","templated":true}]}}