{"id":4390,"date":"2023-04-14T14:20:53","date_gmt":"2023-04-14T14:20:53","guid":{"rendered":"http:\/\/www.campingverneda.com\/blog\/?p=4390"},"modified":"2024-02-14T12:28:05","modified_gmt":"2024-02-14T12:28:05","slug":"planificando-las-vacaciones-de-verano","status":"publish","type":"post","link":"https:\/\/www.campingverneda.com\/blog\/2023\/04\/14\/planificando-las-vacaciones-de-verano\/","title":{"rendered":"Planificando las vacaciones de verano"},"content":{"rendered":"<div id=\"attachment_4392\" style=\"width: 637px\" class=\"wp-caption alignright\"><a href=\"http:\/\/www.campingverneda.com\/blog\/2023\/04\/14\/planificando-las-vacaciones-de-verano\/verneda-camping-mountain-resort-bungalows-2\/\" rel=\"attachment wp-att-4392\"><img aria-describedby=\"caption-attachment-4392\" decoding=\"async\" loading=\"lazy\" class=\" wp-image-4392\" src=\"http:\/\/www.campingverneda.com\/blog\/wp-content\/uploads\/2023\/04\/verneda-camping-mountain-resort-bungalows.jpg\" alt=\"\" width=\"627\" height=\"419\" srcset=\"https:\/\/www.campingverneda.com\/blog\/wp-content\/uploads\/2023\/04\/verneda-camping-mountain-resort-bungalows-200x134.jpg 200w, https:\/\/www.campingverneda.com\/blog\/wp-content\/uploads\/2023\/04\/verneda-camping-mountain-resort-bungalows-300x200.jpg 300w, https:\/\/www.campingverneda.com\/blog\/wp-content\/uploads\/2023\/04\/verneda-camping-mountain-resort-bungalows-400x267.jpg 400w, https:\/\/www.campingverneda.com\/blog\/wp-content\/uploads\/2023\/04\/verneda-camping-mountain-resort-bungalows-600x401.jpg 600w, https:\/\/www.campingverneda.com\/blog\/wp-content\/uploads\/2023\/04\/verneda-camping-mountain-resort-bungalows-768x513.jpg 768w, https:\/\/www.campingverneda.com\/blog\/wp-content\/uploads\/2023\/04\/verneda-camping-mountain-resort-bungalows-800x534.jpg 800w, https:\/\/www.campingverneda.com\/blog\/wp-content\/uploads\/2023\/04\/verneda-camping-mountain-resort-bungalows.jpg 900w\" sizes=\"(max-width: 627px) 100vw, 627px\" \/><\/a><p id=\"caption-attachment-4392\" class=\"wp-caption-text\">Tiempo con los tuyos en nuestro bungalow de madera<\/p><\/div>\n<p>Ahora que ya estamos en Semana Santa, por fin vemos un poquito m\u00e1s cerca las anheladas vacaciones de verano. \u00a1\u00c1nimo que ya queda menos!<\/p>\n<p>Como sabemos que sois muchos y muchas quienes quer\u00e9is tener cuanto antes todo bien planificado, porque sab\u00e9is que tiempo pasa volando, <strong>os premiamos con el 15% de descuento si hac\u00e9is vuestra reserva para las vacaciones del verano del 15 de abril al 2 de mayo. <\/strong><\/p>\n<h3>\u00a1La buena organizaci\u00f3n tiene premio!<\/h3>\n<p>Ya sabemos, y sab\u00e9is, que en verano es dif\u00edcil conseguir a \u00faltima hora ese tipo de vacaciones en las que has estado pensando durante todo el invierno ya que todo est\u00e1 lleno y, al ser temporada alta en todas partes, los precios son m\u00e1s elevados\u2026 Y m\u00e1s ahora, que todo sube y sube y sigue subiendo: gas, electricidad, agua, alimentos b\u00e1sicos, gasolina\u2026 \u00a1Hasta la cuota de aut\u00f3nomos! As\u00ed que pensando en vosotros y vosotras, que necesit\u00e1is y os merec\u00e9is esas vacaciones como soplo de aire fresco, y que ya sabes cu\u00e1ndo vas a poder desconectar del d\u00eda a d\u00eda, y que tienes clar\u00edsimo que <strong>buscas naturaleza, rutas por la monta\u00f1a, comer rico y respirar: \u00a1aprovecha nuestros descuentos exclusivos para ti!<\/strong><\/p>\n<ul>\n<li><a href=\"https:\/\/thelisresa.webcamp.fr\/list.php?camping=verneda&amp;track=1542023&amp;type=2&amp;typelocation=2&amp;nb_pers=0&amp;begin=2023-06-25&amp;end=2023-06-29&amp;duration=4&amp;beginType=0&amp;tolerance=0&amp;lang=es&amp;PHPSESSID=u9tnkqhutesemdoa1n2qp8f55v\" target=\"_blank\" rel=\"noopener\">Reserva anticipada acampada<\/a><\/li>\n<li><a href=\"https:\/\/thelisresa.webcamp.fr\/list.php?camping=verneda&amp;track=1542023&amp;type=2&amp;typelocation=2&amp;nb_pers=0&amp;begin=2023-06-25&amp;end=2023-06-29&amp;duration=4&amp;beginType=0&amp;tolerance=0&amp;lang=es&amp;PHPSESSID=u9tnkqhutesemdoa1n2qp8f55v\" target=\"_blank\" rel=\"noopener\">Reserva anticipada bungalow<\/a><\/li>\n<\/ul>\n<p>Lo bueno de reservar ya tus vacaciones es que ves la fecha en la que vas a venir, y la rutina se hace m\u00e1s amena. Pero tambi\u00e9n, otro beneficio de reservar ya tus vacaciones de verano es que puedes elegir el bungalow de madera que quieras, a tu medida, o la parcela de camping, que tenemos varias seg\u00fan tus necesidades (autocaravana, furgoneta, tienda de campa\u00f1a, espacio para ni\u00f1os y ni\u00f1as, espacios para perros\u2026<\/p>\n<p>Este descuento es exclusivo <a href=\"https:\/\/thelisresa.webcamp.fr\/?camping=verneda&amp;lang=es&amp;PHPSESSID=07dj28lq7gras6vaei07e7mdsc\" target=\"_blank\" rel=\"noopener\"><strong>r<\/strong><strong>eservando directamente en este enlace desde nuestra web<\/strong><\/a><a href=\"https:\/\/thelisresa.webcamp.fr\/?camping=verneda&amp;lang=es&amp;PHPSESSID=07dj28lq7gras6vaei07e7mdsc\" target=\"_blank\" rel=\"noopener\"><strong>.<\/strong><\/a> Siempre que tengas pensado venir a vernos, nuestra recomendaci\u00f3n es que reserves desde nuestra web ya que vas a obtener un trato m\u00e1s personalizado y, adem\u00e1s, si est\u00e1s al d\u00eda en nuestras redes sociales ser\u00e1s el primero o la primera en conocer estos descuentos. \u00a1Aprovecha y <a href=\"https:\/\/www.instagram.com\/vida.verneda\/\" target=\"_blank\" rel=\"noopener\">reserva tus vacaciones de verano a lo #VIDAVerneda<\/a>!<\/p>\n","protected":false},"excerpt":{"rendered":"<p>Ahora que ya estamos en Semana Santa, por fin vemos un poquito m\u00e1s cerca las anheladas vacaciones de verano. \u00a1\u00c1nimo que ya queda menos! Como [&hellip;]<\/p>\n","protected":false},"author":1,"featured_media":4391,"comment_status":"open","ping_status":"open","sticky":false,"template":"","format":"standard","meta":[],"categories":[1],"tags":[1266,1253,467,1217,91,804,51,1484,63,1020,818],"_links":{"self":[{"href":"https:\/\/www.campingverneda.com\/blog\/wp-json\/wp\/v2\/posts\/4390"}],"collection":[{"href":"https:\/\/www.campingverneda.com\/blog\/wp-json\/wp\/v2\/posts"}],"about":[{"href":"https:\/\/www.campingverneda.com\/blog\/wp-json\/wp\/v2\/types\/post"}],"author":[{"embeddable":true,"href":"https:\/\/www.campingverneda.com\/blog\/wp-json\/wp\/v2\/users\/1"}],"replies":[{"embeddable":true,"href":"https:\/\/www.campingverneda.com\/blog\/wp-json\/wp\/v2\/comments?post=4390"}],"version-history":[{"count":7,"href":"https:\/\/www.campingverneda.com\/blog\/wp-json\/wp\/v2\/posts\/4390\/revisions"}],"predecessor-version":[{"id":4813,"href":"https:\/\/www.campingverneda.com\/blog\/wp-json\/wp\/v2\/posts\/4390\/revisions\/4813"}],"wp:featuredmedia":[{"embeddable":true,"href":"https:\/\/www.campingverneda.com\/blog\/wp-json\/wp\/v2\/media\/4391"}],"wp:attachment":[{"href":"https:\/\/www.campingverneda.com\/blog\/wp-json\/wp\/v2\/media?parent=4390"}],"wp:term":[{"taxonomy":"category","embeddable":true,"href":"https:\/\/www.campingverneda.com\/blog\/wp-json\/wp\/v2\/categories?post=4390"},{"taxonomy":"post_tag","embeddable":true,"href":"https:\/\/www.campingverneda.com\/blog\/wp-json\/wp\/v2\/tags?post=4390"}],"curies":[{"name":"wp","href":"https:\/\/api.w.org\/{rel}","templated":true}]}}