{"id":4382,"date":"2023-03-30T08:52:54","date_gmt":"2023-03-30T08:52:54","guid":{"rendered":"http:\/\/www.campingverneda.com\/blog\/?p=4382"},"modified":"2023-03-30T08:52:55","modified_gmt":"2023-03-30T08:52:55","slug":"el-top-6-de-los-souvenirs-de-la-val-daran","status":"publish","type":"post","link":"https:\/\/www.campingverneda.com\/blog\/2023\/03\/30\/el-top-6-de-los-souvenirs-de-la-val-daran\/","title":{"rendered":"El TOP 6 de los souvenirs de la Val d\u2019Aran"},"content":{"rendered":"<p>Cuando vamos a alg\u00fan sitio es ya un cl\u00e1sico llevar regalos a ciertas personas. Por eso, aprovechando que estar\u00e1s por aqu\u00ed en Semana Santa, os recomendamos el TOP 6 de los mejores regalos que puedes llevarte y que son 100% elaborados en la Val d\u2019Aran.<\/p>\n<div id=\"attachment_4383\" style=\"width: 421px\" class=\"wp-caption alignright\"><a href=\"http:\/\/www.campingverneda.com\/blog\/2023\/03\/30\/el-top-6-de-los-souvenirs-de-la-val-daran\/verneda-mountain-resort-4\/\" rel=\"attachment wp-att-4383\"><img aria-describedby=\"caption-attachment-4383\" decoding=\"async\" loading=\"lazy\" class=\" wp-image-4383\" src=\"http:\/\/www.campingverneda.com\/blog\/wp-content\/uploads\/2023\/03\/verneda-mountain-resort.png\" alt=\"Verneda camping mountain resort\" width=\"411\" height=\"731\" srcset=\"https:\/\/www.campingverneda.com\/blog\/wp-content\/uploads\/2023\/03\/verneda-mountain-resort-169x300.png 169w, https:\/\/www.campingverneda.com\/blog\/wp-content\/uploads\/2023\/03\/verneda-mountain-resort-200x356.png 200w, https:\/\/www.campingverneda.com\/blog\/wp-content\/uploads\/2023\/03\/verneda-mountain-resort-400x711.png 400w, https:\/\/www.campingverneda.com\/blog\/wp-content\/uploads\/2023\/03\/verneda-mountain-resort-576x1024.png 576w, https:\/\/www.campingverneda.com\/blog\/wp-content\/uploads\/2023\/03\/verneda-mountain-resort-600x1067.png 600w, https:\/\/www.campingverneda.com\/blog\/wp-content\/uploads\/2023\/03\/verneda-mountain-resort-768x1365.png 768w, https:\/\/www.campingverneda.com\/blog\/wp-content\/uploads\/2023\/03\/verneda-mountain-resort-800x1422.png 800w, https:\/\/www.campingverneda.com\/blog\/wp-content\/uploads\/2023\/03\/verneda-mountain-resort.png 1080w\" sizes=\"(max-width: 411px) 100vw, 411px\" \/><\/a><p id=\"caption-attachment-4383\" class=\"wp-caption-text\">Una escapada a la Val d&#8217;Aran con nuestro cheque regalo<\/p><\/div>\n<p><strong>1- Quesos de Fomatgeria Tarrau<\/strong><\/p>\n<p>Los hermanos Jos\u00e9 Antonio y Oscar Tarrau tienen su<a href=\"https:\/\/www.instagram.com\/hormatgeria_tarrau\/?hl=es\" target=\"_blank\" rel=\"noopener\"> queser\u00eda en el pueblo de Bagergue<\/a>, situado a 1.419m de altitud y considerado uno de los pueblos m\u00e1s bonitos de Espa\u00f1a. Los hermanos Tarrau quer\u00edan recuperar un queso t\u00edpico aran\u00e9s y con la calidad de las vacas del Pirineo de Lleida, con el principal motivo de desestacionalizar la vida laboral de la familia. Desde 2006 estos hermanos han creado lo que es ya <strong>un producto insignia de nuestro valle<\/strong>. Eth Blanquet, Eth Blu o Eth Gran son algunos de sus quesos m\u00e1s demandados. Puedes encontrarlos tambi\u00e9n en tiendas goumet y en alg\u00fan supermercado, pero te recomendamos ir a verles en la queser\u00eda y disfrutar de la experiencia.<\/p>\n<p><strong>2- Yogures Irissa<\/strong><\/p>\n<p>La Hormatgeria dera Irissa est\u00e1 ubicada en Era Bordeta, muy cerca de nuestro recinto. Esta queser\u00eda tiene sus instalaciones en una antigua cuadra de ganado centenaria, rehabilitada y acondicionada en 2009. Tambi\u00e9n hacen quesos, pero lo que destacamos sin duda alguna son sus <strong>yogures producidos de forma limitada<\/strong> con una calidad excepcional y un sabor tradicional de las cosas bien hechas Son los \u00fanicos de la comarca del Valle de Ar\u00e1n que hacen yogures. Los tienen de varios gustos, aunque sobresale el de vainilla, pero tambi\u00e9n los tienen de fresa, de ar\u00e1ndanos e incluso de caf\u00e9, que a nosotros nos vuelve locos.<\/p>\n<p><strong>3- Pat\u00e9 Encantaran<\/strong><\/p>\n<p>Robert, es una de aquellas personas que escogi\u00f3 la vida rural, para empezar de nuevo. Amante de la monta\u00f1a y de las tradiciones en 2012 cre\u00f3 Encantaran: <strong>conservas elaboradas de forma artesanal<\/strong> con mucho, pero que mucho mimo. Los <a href=\"https:\/\/www.encantaran.com\/\">tomates secos<\/a>, son ya un producto consolidado en la carta de muchos restaurantes de nuestro valle, pero adem\u00e1s tienen entre su oferta una Tapenade y un pat\u00e9 que se hace la boca agua.<\/p>\n<p><strong>4- Cerveza artesana REFU<\/strong><\/p>\n<p>Nuestra cerveza, la \u00fanica cerveza elaborada en la Val d\u2019Aran. <a href=\"http:\/\/www.refubirreria.com\/\" target=\"_blank\" rel=\"noopener\">REFU Proyecto Alternativo<\/a> empez\u00f3 como una birreria en Baqueira que elaboraba sus birras en otras f\u00e1bricas amigas, despu\u00e9s abri\u00f3 la birreria en Vielha y pronto cre\u00f3 REFU F\u00e1brica en Bossost. Desde entonces, no han parado de hacer buena birra y, adem\u00e1s de encontrar sus latas para llevar en REFU Birreria, las pod\u00e9is encontrar en los distintos puntos REFU que hay por la Val d\u2019Aran, todos ellos con un denominador com\u00fan: espacios gastro que promueven los productos de proximidad. Encuentra sus latas y, adem\u00e1s de llev\u00e1rtelas para tu casa, ll\u00e9vaselas a tus personas favoritas.<\/p>\n<p><strong>5- Embutidos t\u00edpicos<\/strong><\/p>\n<p>Si hay algo por lo que es conocida nuestra gastronom\u00eda es por los embutidos y nuestra carne. Volver a los or\u00edgenes, recuperando recetas y sabores antiguos, con materias primas naturales y locales, con procesos de producci\u00f3n artesanales y sin desaprovechar las ventajas de la tecnolog\u00eda. Esto es lo que hacen los productores como Eth Restilh\u00e9, la Tocineria Casasnovas o la carnicer\u00eda Es d\u2019Ordo\u00f1ez. Pat\u00e9s, embutidos frescos como la longaniza, cocidos como el bull negro\u2026 \u00a1Una delicia para los m\u00e1s carn\u00edvoros!<\/p>\n<p><strong>6- VALE por un fin de semana a lo #VIDAVerneda<\/strong><\/p>\n<p>Descargando la imagen que acompa\u00f1a a este post, o preguntando por nuestro CHEQUE REGALO en la recepci\u00f3n, puedes regalar un fin de semana en Verneda Camping Mountain Resort a tu persona o personas favoritas para que vengan un fin de semana a la Val d\u2019Aran, y que conozcan de primer\u00edsima mano todo lo bueno que tenemos en este valle de los Pirineos. Entra a <a href=\"https:\/\/thelisresa.webcamp.fr\/?camping=verneda&amp;lang=es&amp;PHPSESSID=l59inv2j82bip9569ojom720tp\" target=\"_blank\" rel=\"noopener\">este link<\/a> y reserva el fin de semana que mejor les vaya.<\/p>\n","protected":false},"excerpt":{"rendered":"<p>Cuando vamos a alg\u00fan sitio es ya un cl\u00e1sico llevar regalos a ciertas personas. Por eso, aprovechando que estar\u00e1s por aqu\u00ed en Semana Santa, os [&hellip;]<\/p>\n","protected":false},"author":1,"featured_media":4385,"comment_status":"open","ping_status":"open","sticky":false,"template":"","format":"standard","meta":[],"categories":[1],"tags":[47,1362,1482,11,1483,13,63,239,40],"_links":{"self":[{"href":"https:\/\/www.campingverneda.com\/blog\/wp-json\/wp\/v2\/posts\/4382"}],"collection":[{"href":"https:\/\/www.campingverneda.com\/blog\/wp-json\/wp\/v2\/posts"}],"about":[{"href":"https:\/\/www.campingverneda.com\/blog\/wp-json\/wp\/v2\/types\/post"}],"author":[{"embeddable":true,"href":"https:\/\/www.campingverneda.com\/blog\/wp-json\/wp\/v2\/users\/1"}],"replies":[{"embeddable":true,"href":"https:\/\/www.campingverneda.com\/blog\/wp-json\/wp\/v2\/comments?post=4382"}],"version-history":[{"count":3,"href":"https:\/\/www.campingverneda.com\/blog\/wp-json\/wp\/v2\/posts\/4382\/revisions"}],"predecessor-version":[{"id":4387,"href":"https:\/\/www.campingverneda.com\/blog\/wp-json\/wp\/v2\/posts\/4382\/revisions\/4387"}],"wp:featuredmedia":[{"embeddable":true,"href":"https:\/\/www.campingverneda.com\/blog\/wp-json\/wp\/v2\/media\/4385"}],"wp:attachment":[{"href":"https:\/\/www.campingverneda.com\/blog\/wp-json\/wp\/v2\/media?parent=4382"}],"wp:term":[{"taxonomy":"category","embeddable":true,"href":"https:\/\/www.campingverneda.com\/blog\/wp-json\/wp\/v2\/categories?post=4382"},{"taxonomy":"post_tag","embeddable":true,"href":"https:\/\/www.campingverneda.com\/blog\/wp-json\/wp\/v2\/tags?post=4382"}],"curies":[{"name":"wp","href":"https:\/\/api.w.org\/{rel}","templated":true}]}}