{"id":4376,"date":"2023-03-28T11:20:15","date_gmt":"2023-03-28T11:20:15","guid":{"rendered":"http:\/\/www.campingverneda.com\/blog\/?p=4376"},"modified":"2024-09-16T13:29:10","modified_gmt":"2024-09-16T13:29:10","slug":"rutas-en-bici-para-semana-santa","status":"publish","type":"post","link":"https:\/\/www.campingverneda.com\/blog\/2023\/03\/28\/rutas-en-bici-para-semana-santa\/","title":{"rendered":"Rutas en bici para Semana Santa"},"content":{"rendered":"<div id=\"attachment_4378\" style=\"width: 536px\" class=\"wp-caption alignright\"><a href=\"http:\/\/www.campingverneda.com\/blog\/2023\/03\/28\/rutas-en-bici-para-semana-santa\/valdaran-copos-bike-mtb-bici\/\" rel=\"attachment wp-att-4378\"><img aria-describedby=\"caption-attachment-4378\" decoding=\"async\" loading=\"lazy\" class=\" wp-image-4378\" src=\"http:\/\/www.campingverneda.com\/blog\/wp-content\/uploads\/2023\/03\/valdaran-copos-bike-mtb-bici.jpg\" alt=\"Val d'Aran destino biker\" width=\"526\" height=\"351\" srcset=\"https:\/\/www.campingverneda.com\/blog\/wp-content\/uploads\/2023\/03\/valdaran-copos-bike-mtb-bici-200x133.jpg 200w, https:\/\/www.campingverneda.com\/blog\/wp-content\/uploads\/2023\/03\/valdaran-copos-bike-mtb-bici-300x200.jpg 300w, https:\/\/www.campingverneda.com\/blog\/wp-content\/uploads\/2023\/03\/valdaran-copos-bike-mtb-bici-400x267.jpg 400w, https:\/\/www.campingverneda.com\/blog\/wp-content\/uploads\/2023\/03\/valdaran-copos-bike-mtb-bici-600x400.jpg 600w, https:\/\/www.campingverneda.com\/blog\/wp-content\/uploads\/2023\/03\/valdaran-copos-bike-mtb-bici-768x512.jpg 768w, https:\/\/www.campingverneda.com\/blog\/wp-content\/uploads\/2023\/03\/valdaran-copos-bike-mtb-bici-800x534.jpg 800w, https:\/\/www.campingverneda.com\/blog\/wp-content\/uploads\/2023\/03\/valdaran-copos-bike-mtb-bici.jpg 1000w\" sizes=\"(max-width: 526px) 100vw, 526px\" \/><\/a><p id=\"caption-attachment-4378\" class=\"wp-caption-text\">Rutas para todos los nieveles<\/p><\/div>\n<p>\u00a1Qu\u00e9 ganas tenemos todos y todas de que llegue Semana Santa! Por fin varios d\u00edas seguidos para desconectar un poco de los quehaceres de invierno, los d\u00edas se hacen m\u00e1s largos, \u00a1y tenemos <strong>tiempo para disfrutar haciendo lo que nos gusta<\/strong>!<\/p>\n<p>Semana Santa es una temporada perfecta para desempolvar la bici y venir a la Val d\u2019Aran a gozar a dos ruedas, tanto por carretera como por la monta\u00f1a. Hay un mont\u00f3n de <strong>buenas rutas en bici para todos los niveles<\/strong> y, si quieres algo m\u00e1s fuera de lo com\u00fan, siempre puedes ponerte en contacto con ERA RODA, que conocen este valle de los Pirineos y otros valles anexos al dedillo. Todas las rutas de <a href=\"https:\/\/www.eraroda.com\/\" target=\"_blank\" rel=\"noopener\">ERA RODA<\/a> pasan por paisajes naturales que te van a sorprender gratamente, <strong>descensos entre bosques milenarios, r\u00edos y cascadas, y much\u00edsima adrenalina en la aventura<\/strong>. Adem\u00e1s, lo bueno de hacer las rutas ERA RODA es que, para mantener el cuerpo bien fuerte y continuar explorando en bici los Pirineos, te muestran la mejor gastronom\u00eda de cada ruta.<\/p>\n<p>Si ya sabes lo que quieres pero tienes dudas, siempre puedes consultar a <a href=\"https:\/\/aran51.com\/inicio\/\" target=\"_blank\" rel=\"noopener\">Aran51<\/a>, que es la asociaci\u00f3n que <strong>une al sector de la bici en la Val d\u2019Aran<\/strong> y te pueden asesorar para que siempre elijas la ruta en bici que mejor se adapte a tus necesidades, o esa ruta en bici en la que pretendes superarte a ti mismo\/a.<\/p>\n<p>Otra excelente opci\u00f3n, sobre todo si no tienes bici pero te gustar\u00eda empezar en el mundo de las dos ruedas en ponerte en contacto con <a href=\"https:\/\/www.coposbike.com\/\">COPOS Bike<\/a>. Adem\u00e1s de poder alquilar la bici que buscas, o comprarla, tambi\u00e9n organizan<strong> rutas en bici guiadas por la Val d\u2019Aran<\/strong>. \u00bfY sabes lo mejor? Que tienen un <strong>excelente cat\u00e1logo de e-bikes<\/strong> para que pedalear cuesta arriba, o simplemente pedalear, no cueste tanto, y llegues m\u00e1s lejos.<\/p>\n<p>As\u00ed que si estabas buscando un buen plan en bici para esta Semana Santa, \u00a1ya lo tienes! Comentamos qu\u00e9 es lo que m\u00e1s te apetece y desde<a href=\"https:\/\/www.instagram.com\/vida.verneda\/\"> Verneda Camping Mountain Resort<\/a> te asesoramos para que elijas la mejor opci\u00f3n para ti y tus personas favoritas.<\/p>\n","protected":false},"excerpt":{"rendered":"<p>\u00a1Qu\u00e9 ganas tenemos todos y todas de que llegue Semana Santa! Por fin varios d\u00edas seguidos para desconectar un poco de los quehaceres de invierno, [&hellip;]<\/p>\n","protected":false},"author":1,"featured_media":4377,"comment_status":"open","ping_status":"open","sticky":false,"template":"","format":"standard","meta":[],"categories":[129],"tags":[1476,1064,1477,1478,1480,1481,1466,1467,935,1249,1000,582,1468,1473,1474,1475,1469,1470,1479,1471,1472,818],"_links":{"self":[{"href":"https:\/\/www.campingverneda.com\/blog\/wp-json\/wp\/v2\/posts\/4376"}],"collection":[{"href":"https:\/\/www.campingverneda.com\/blog\/wp-json\/wp\/v2\/posts"}],"about":[{"href":"https:\/\/www.campingverneda.com\/blog\/wp-json\/wp\/v2\/types\/post"}],"author":[{"embeddable":true,"href":"https:\/\/www.campingverneda.com\/blog\/wp-json\/wp\/v2\/users\/1"}],"replies":[{"embeddable":true,"href":"https:\/\/www.campingverneda.com\/blog\/wp-json\/wp\/v2\/comments?post=4376"}],"version-history":[{"count":2,"href":"https:\/\/www.campingverneda.com\/blog\/wp-json\/wp\/v2\/posts\/4376\/revisions"}],"predecessor-version":[{"id":4380,"href":"https:\/\/www.campingverneda.com\/blog\/wp-json\/wp\/v2\/posts\/4376\/revisions\/4380"}],"wp:featuredmedia":[{"embeddable":true,"href":"https:\/\/www.campingverneda.com\/blog\/wp-json\/wp\/v2\/media\/4377"}],"wp:attachment":[{"href":"https:\/\/www.campingverneda.com\/blog\/wp-json\/wp\/v2\/media?parent=4376"}],"wp:term":[{"taxonomy":"category","embeddable":true,"href":"https:\/\/www.campingverneda.com\/blog\/wp-json\/wp\/v2\/categories?post=4376"},{"taxonomy":"post_tag","embeddable":true,"href":"https:\/\/www.campingverneda.com\/blog\/wp-json\/wp\/v2\/tags?post=4376"}],"curies":[{"name":"wp","href":"https:\/\/api.w.org\/{rel}","templated":true}]}}