{"id":4370,"date":"2023-03-22T15:12:55","date_gmt":"2023-03-22T15:12:55","guid":{"rendered":"http:\/\/www.campingverneda.com\/blog\/?p=4370"},"modified":"2023-12-12T08:46:33","modified_gmt":"2023-12-12T08:46:33","slug":"planes-en-familia","status":"publish","type":"post","link":"https:\/\/www.campingverneda.com\/blog\/2023\/03\/22\/planes-en-familia\/","title":{"rendered":"Planes en familia"},"content":{"rendered":"<div id=\"attachment_4372\" style=\"width: 728px\" class=\"wp-caption alignright\"><a href=\"http:\/\/www.campingverneda.com\/blog\/2023\/03\/22\/planes-en-familia\/verneda-camping-mountain-resort-familia\/\" rel=\"attachment wp-att-4372\"><img aria-describedby=\"caption-attachment-4372\" decoding=\"async\" loading=\"lazy\" class=\" wp-image-4372\" src=\"http:\/\/www.campingverneda.com\/blog\/wp-content\/uploads\/2023\/03\/verneda-camping-mountain-resort-familia.jpg\" alt=\"Cabana de madera\" width=\"718\" height=\"671\" srcset=\"https:\/\/www.campingverneda.com\/blog\/wp-content\/uploads\/2023\/03\/verneda-camping-mountain-resort-familia-200x187.jpg 200w, https:\/\/www.campingverneda.com\/blog\/wp-content\/uploads\/2023\/03\/verneda-camping-mountain-resort-familia-300x280.jpg 300w, https:\/\/www.campingverneda.com\/blog\/wp-content\/uploads\/2023\/03\/verneda-camping-mountain-resort-familia-400x374.jpg 400w, https:\/\/www.campingverneda.com\/blog\/wp-content\/uploads\/2023\/03\/verneda-camping-mountain-resort-familia-600x561.jpg 600w, https:\/\/www.campingverneda.com\/blog\/wp-content\/uploads\/2023\/03\/verneda-camping-mountain-resort-familia-768x718.jpg 768w, https:\/\/www.campingverneda.com\/blog\/wp-content\/uploads\/2023\/03\/verneda-camping-mountain-resort-familia-800x747.jpg 800w, https:\/\/www.campingverneda.com\/blog\/wp-content\/uploads\/2023\/03\/verneda-camping-mountain-resort-familia-1024x957.jpg 1024w, https:\/\/www.campingverneda.com\/blog\/wp-content\/uploads\/2023\/03\/verneda-camping-mountain-resort-familia-1200x1121.jpg 1200w, https:\/\/www.campingverneda.com\/blog\/wp-content\/uploads\/2023\/03\/verneda-camping-mountain-resort-familia.jpg 2116w\" sizes=\"(max-width: 718px) 100vw, 718px\" \/><\/a><p id=\"caption-attachment-4372\" class=\"wp-caption-text\">Familias felices a lo #VIDAVerneda<\/p><\/div>\n<p><strong>Lo mejor de viajar el familia es el tiempo compartido de calidad<\/strong>. Cuando hacemos buenos planes en familia fuera de la rutina habitual, estamos escribiendo <strong>los pr\u00f3ximos buenos recuerdos<\/strong> y, lo m\u00e1s importante, <strong>fortaleciendo los lazos entre nosotros<\/strong>.<\/p>\n<p>Los planes en familia nos ayudan a escucharnos, no solo o\u00edrnos, paramos m\u00e1quinas y obligaciones, y nos prestamos atenci\u00f3n. Estos momentos nos ayudan a entendernos, a comprender qui\u00e9nes somos cada uno de la familia, romper con patrones que no nos gustan y comenzar a saber qui\u00e9n es cada uno verdaderamente, cu\u00e1les son las inquietudes de cada componente en la familia, sus preocupaciones, los proyectos y sue\u00f1os. L<strong>os buenos planes en familia nos ayudan a desarrollar nuestra personalidad, fomenta nuestras capacidades individuales y en grupo, y nos ayuda a conocer a las personas que forman nuestra red de contenci\u00f3n.<\/strong><\/p>\n<p>Y es que para hacer buenos planes en familia no hace falta planificar actividades locas, como saltar de un avi\u00f3n en paraca\u00eddas, que puede ser que tambi\u00e9n, pero lo mejor empieza por el principio, como siempre, y es p<strong>asar tiempo juntos y juntas.<\/strong><\/p>\n<p>Una de las cosas que m\u00e1s nos dec\u00eds cuando nos visit\u00e1is es que aqu\u00ed hab\u00e9is tenido<strong> tiempo de hablar y re\u00edros.<\/strong> El entorno natural en el que se encuentra <a href=\"https:\/\/www.instagram.com\/vida.verneda\/\" target=\"_blank\" rel=\"noopener\">Verneda Camping Mountain Resort<\/a> es s\u00faper propicio para desconectar del ruido que nos suele acompa\u00f1ar en nuestra rutina y conectamos con las personas que nos acompa\u00f1an en este viaje. Los planes en familia pueden ser muy diversos, todo depende de los gustos y las edades de nuestros compa\u00f1eros y compa\u00f1eras de viaje.<\/p>\n<p>Si ven\u00eds <strong>en familia a la Val d\u2019Aran con ni\u00f1os y ni\u00f1as peques, hay muchas rutas sencillas<\/strong> con las que empezar el d\u00eda y en las que, durante el camino, los ni\u00f1os y las ni\u00f1as son quienes m\u00e1s disfrutarn de la nieve, de una salida a la monta\u00f1a o simplemente chapoteando por el camino. \u00a1Ni\u00f1os y ni\u00f1as siendo ni\u00f1os y ni\u00f1as!<\/p>\n<p>Todo tipo de familia, porque hay muchos tipos de familia, vienen con perro, gato o, incluso, cerdo vietnamita o hur\u00f3n -hemos visto de todo-, son los que m\u00e1s disfrutan viendo disfrutar a sus animales familiares.<\/p>\n<p>Y si tu familia son tus amigos y amigas, \u00a1aqu\u00ed solo hay buenos planes para vosotros y vosotras!<\/p>\n<p>Lo que decimos,<strong> familias hay muchas pero lo m\u00e1s importante es cuidarla pasando tiempo compartido.<\/strong> Escr\u00edbenos y dinos c\u00f3mo es tu familia y qu\u00e9 os gusta hacer, y en Verneda Camping Mountain Resort os asesoramos para que teng\u00e1is<strong> los mejores planes en familia.<\/strong><\/p>\n","protected":false},"excerpt":{"rendered":"<p>Lo mejor de viajar el familia es el tiempo compartido de calidad. Cuando hacemos buenos planes en familia fuera de la rutina habitual, estamos escribiendo [&hellip;]<\/p>\n","protected":false},"author":1,"featured_media":4371,"comment_status":"open","ping_status":"open","sticky":false,"template":"","format":"standard","meta":[],"categories":[72],"tags":[1437,1404,856,91,1459,1258,1460,1461,1464,818,1465,1211,1324,1462,1463],"_links":{"self":[{"href":"https:\/\/www.campingverneda.com\/blog\/wp-json\/wp\/v2\/posts\/4370"}],"collection":[{"href":"https:\/\/www.campingverneda.com\/blog\/wp-json\/wp\/v2\/posts"}],"about":[{"href":"https:\/\/www.campingverneda.com\/blog\/wp-json\/wp\/v2\/types\/post"}],"author":[{"embeddable":true,"href":"https:\/\/www.campingverneda.com\/blog\/wp-json\/wp\/v2\/users\/1"}],"replies":[{"embeddable":true,"href":"https:\/\/www.campingverneda.com\/blog\/wp-json\/wp\/v2\/comments?post=4370"}],"version-history":[{"count":3,"href":"https:\/\/www.campingverneda.com\/blog\/wp-json\/wp\/v2\/posts\/4370\/revisions"}],"predecessor-version":[{"id":4375,"href":"https:\/\/www.campingverneda.com\/blog\/wp-json\/wp\/v2\/posts\/4370\/revisions\/4375"}],"wp:featuredmedia":[{"embeddable":true,"href":"https:\/\/www.campingverneda.com\/blog\/wp-json\/wp\/v2\/media\/4371"}],"wp:attachment":[{"href":"https:\/\/www.campingverneda.com\/blog\/wp-json\/wp\/v2\/media?parent=4370"}],"wp:term":[{"taxonomy":"category","embeddable":true,"href":"https:\/\/www.campingverneda.com\/blog\/wp-json\/wp\/v2\/categories?post=4370"},{"taxonomy":"post_tag","embeddable":true,"href":"https:\/\/www.campingverneda.com\/blog\/wp-json\/wp\/v2\/tags?post=4370"}],"curies":[{"name":"wp","href":"https:\/\/api.w.org\/{rel}","templated":true}]}}