{"id":4359,"date":"2023-03-09T15:40:31","date_gmt":"2023-03-09T15:40:31","guid":{"rendered":"http:\/\/www.campingverneda.com\/blog\/?p=4359"},"modified":"2023-03-22T15:14:55","modified_gmt":"2023-03-22T15:14:55","slug":"dia-del-padre-en-verneda-camping-mountain-resort","status":"publish","type":"post","link":"https:\/\/www.campingverneda.com\/blog\/2023\/03\/09\/dia-del-padre-en-verneda-camping-mountain-resort\/","title":{"rendered":"D\u00eda del Padre en los Pirineos"},"content":{"rendered":"<div id=\"attachment_4360\" style=\"width: 447px\" class=\"wp-caption alignright\"><a href=\"http:\/\/www.campingverneda.com\/blog\/2023\/03\/09\/dia-del-padre-en-verneda-camping-mountain-resort\/campingverneda-diadelapdre\/\" rel=\"attachment wp-att-4360\"><img aria-describedby=\"caption-attachment-4360\" decoding=\"async\" loading=\"lazy\" class=\" wp-image-4360\" src=\"http:\/\/www.campingverneda.com\/blog\/wp-content\/uploads\/2023\/03\/campingverneda-diadelapdre.jpg\" alt=\"Camping Verneda d\u00eda del padre\" width=\"437\" height=\"583\" srcset=\"https:\/\/www.campingverneda.com\/blog\/wp-content\/uploads\/2023\/03\/campingverneda-diadelapdre-200x267.jpg 200w, https:\/\/www.campingverneda.com\/blog\/wp-content\/uploads\/2023\/03\/campingverneda-diadelapdre-225x300.jpg 225w, https:\/\/www.campingverneda.com\/blog\/wp-content\/uploads\/2023\/03\/campingverneda-diadelapdre-400x533.jpg 400w, https:\/\/www.campingverneda.com\/blog\/wp-content\/uploads\/2023\/03\/campingverneda-diadelapdre-600x800.jpg 600w, https:\/\/www.campingverneda.com\/blog\/wp-content\/uploads\/2023\/03\/campingverneda-diadelapdre-768x1024.jpg 768w, https:\/\/www.campingverneda.com\/blog\/wp-content\/uploads\/2023\/03\/campingverneda-diadelapdre-800x1067.jpg 800w, https:\/\/www.campingverneda.com\/blog\/wp-content\/uploads\/2023\/03\/campingverneda-diadelapdre-1200x1600.jpg 1200w, https:\/\/www.campingverneda.com\/blog\/wp-content\/uploads\/2023\/03\/campingverneda-diadelapdre.jpg 3024w\" sizes=\"(max-width: 437px) 100vw, 437px\" \/><\/a><p id=\"caption-attachment-4360\" class=\"wp-caption-text\">Disfrutando de un paseo por nuestro recinto<\/p><\/div>\n<p>Hay muchas formas de ser una buen padre, incluso de ser madre y padre a la vez, pero siempre prevalece un denominador com\u00fan: <strong>\u00a1ser un padre presencial!<\/strong> Lo m\u00e1s importante es precisamente eso, <strong>ser un padre presente con el que tengas coleccionados muchos buenos momentos compartidos<\/strong>.<\/p>\n<p>Y si por cuestiones de la rutina de la vida moderna no hay muchas ocasiones de compartir estos momentos padre-hijo\/s, padre-hija\/s, padre hije\/s, A<strong>HORA es el momento de empezar. Ahora es el mejor momento de parar la maquinar\u00eda del d\u00eda a d\u00eda, planificar un fin de semana sin obligaciones ni responsabilidades, y simplemente disfrutar de esos momentos que son los que se recordar\u00e1n ma\u00f1ana<\/strong>.<\/p>\n<p>En <a href=\"https:\/\/www.campingverneda.com\/invierno\" target=\"_blank\" rel=\"noopener\">Verneda Camping Mountain Resort<\/a> t<strong>enemos el mejor plan para hacer del D\u00eda del Padre un recuerdo \u00e9pico entre nuestras monta\u00f1as de este valle de los Pirineos<\/strong>. Las opciones son infinitas, como caminatas por el Camino Reiau a la ribera del r\u00edo Garona, descubrir la de Es Uelhs deth Joeu y dar un paseo por la Artiga de Lin, incluso aprovechar para tirarse en trineo por Baqueira Beret, o una ruta en bici\u2026 \u00a1Todos los planes son buen\u00edsimos! Y adem\u00e1s a<strong>hora con una <a href=\"https:\/\/thelisresa.webcamp.fr\/list.php?camping=verneda&amp;track=1822023&amp;type=2&amp;typelocation=2&amp;nb_pers=0&amp;begin=17\/03\/2023&amp;end=20\/03\/2023&amp;duration=3&amp;beginType=0&amp;tolerance=0&amp;lang=es&amp;PHPSESSID=1cjkrm9c3glafr9k9migurctnq\" target=\"_blank\" rel=\"noopener\">promoci\u00f3n exclusiva con un descuento del 30%<\/a> para este d\u00eda tan especial<\/strong>!<\/p>\n<p>Tanto si vienes con ni\u00f1os, ni\u00f1as o ni\u00f1es peques, como con preadolescentes o adolescentes, siempre vas a conseguir <strong>montar una buena aventura para celebrar este D\u00eda del Padre y, sobre todo, fortalecer esos v\u00ednculos familiares<\/strong>. Adem\u00e1s,<a href=\"https:\/\/www.campingverneda.com\/bungalows\" target=\"_blank\" rel=\"noopener\"> nuestros bungalows de madera<\/a> est\u00e1n dise\u00f1ados para que todos comenc\u00e9is vuestra aventura en la Val d\u2019Aran desde vuestra llegada, cada rinc\u00f3n de los bungalows inspira a pasar buenos momentos.<\/p>\n<p>Lo dicho: l<strong>ib\u00e9rate unos d\u00edas de la rutina y elige pasar buenos momentos con quienes m\u00e1s quieres, y m\u00e1s te quieren<\/strong>. Reserva uno de nuestros bungalows a medida, echa un vistazo a nuestros <a href=\"https:\/\/www.instagram.com\/vida.verneda\/\" target=\"_blank\" rel=\"noopener\">buenos planes en Instagram<\/a> y preg\u00fantanos v\u00eda DM cu\u00e1l es mejor plan para toda vuestra familia. \u00a1Y crea nuevos recuerdos familiares a lo #VIDAVerneda!<\/p>\n<p>&nbsp;<\/p>\n","protected":false},"excerpt":{"rendered":"<p>Hay muchas formas de ser una buen padre, incluso de ser madre y padre a la vez, pero siempre prevalece un denominador com\u00fan: \u00a1ser un [&hellip;]<\/p>\n","protected":false},"author":1,"featured_media":4361,"comment_status":"open","ping_status":"open","sticky":false,"template":"","format":"standard","meta":[],"categories":[73],"tags":[1458,906,907,1266,611,697,782,12,467,91,51,546,713,11,1347,818],"_links":{"self":[{"href":"https:\/\/www.campingverneda.com\/blog\/wp-json\/wp\/v2\/posts\/4359"}],"collection":[{"href":"https:\/\/www.campingverneda.com\/blog\/wp-json\/wp\/v2\/posts"}],"about":[{"href":"https:\/\/www.campingverneda.com\/blog\/wp-json\/wp\/v2\/types\/post"}],"author":[{"embeddable":true,"href":"https:\/\/www.campingverneda.com\/blog\/wp-json\/wp\/v2\/users\/1"}],"replies":[{"embeddable":true,"href":"https:\/\/www.campingverneda.com\/blog\/wp-json\/wp\/v2\/comments?post=4359"}],"version-history":[{"count":7,"href":"https:\/\/www.campingverneda.com\/blog\/wp-json\/wp\/v2\/posts\/4359\/revisions"}],"predecessor-version":[{"id":4368,"href":"https:\/\/www.campingverneda.com\/blog\/wp-json\/wp\/v2\/posts\/4359\/revisions\/4368"}],"wp:featuredmedia":[{"embeddable":true,"href":"https:\/\/www.campingverneda.com\/blog\/wp-json\/wp\/v2\/media\/4361"}],"wp:attachment":[{"href":"https:\/\/www.campingverneda.com\/blog\/wp-json\/wp\/v2\/media?parent=4359"}],"wp:term":[{"taxonomy":"category","embeddable":true,"href":"https:\/\/www.campingverneda.com\/blog\/wp-json\/wp\/v2\/categories?post=4359"},{"taxonomy":"post_tag","embeddable":true,"href":"https:\/\/www.campingverneda.com\/blog\/wp-json\/wp\/v2\/tags?post=4359"}],"curies":[{"name":"wp","href":"https:\/\/api.w.org\/{rel}","templated":true}]}}