{"id":4348,"date":"2023-03-06T10:46:58","date_gmt":"2023-03-06T10:46:58","guid":{"rendered":"http:\/\/www.campingverneda.com\/blog\/?p=4348"},"modified":"2024-09-16T13:29:46","modified_gmt":"2024-09-16T13:29:46","slug":"beneficios-de-caminar-en-la-nieve","status":"publish","type":"post","link":"https:\/\/www.campingverneda.com\/blog\/2023\/03\/06\/beneficios-de-caminar-en-la-nieve\/","title":{"rendered":"Beneficios de caminar en la nieve"},"content":{"rendered":"<div id=\"attachment_4350\" style=\"width: 443px\" class=\"wp-caption alignright\"><a href=\"http:\/\/www.campingverneda.com\/blog\/2023\/03\/06\/beneficios-de-caminar-en-la-nieve\/valdaran-nieve-paseos\/\" rel=\"attachment wp-att-4350\"><img aria-describedby=\"caption-attachment-4350\" decoding=\"async\" loading=\"lazy\" class=\" wp-image-4350\" src=\"http:\/\/www.campingverneda.com\/blog\/wp-content\/uploads\/2023\/03\/valdaran-nieve-paseos.png\" alt=\"Verneda Camping tu lugar en plena naturaleza para desconectar\" width=\"433\" height=\"679\" srcset=\"https:\/\/www.campingverneda.com\/blog\/wp-content\/uploads\/2023\/03\/valdaran-nieve-paseos-191x300.png 191w, https:\/\/www.campingverneda.com\/blog\/wp-content\/uploads\/2023\/03\/valdaran-nieve-paseos-200x314.png 200w, https:\/\/www.campingverneda.com\/blog\/wp-content\/uploads\/2023\/03\/valdaran-nieve-paseos-400x628.png 400w, https:\/\/www.campingverneda.com\/blog\/wp-content\/uploads\/2023\/03\/valdaran-nieve-paseos-600x942.png 600w, https:\/\/www.campingverneda.com\/blog\/wp-content\/uploads\/2023\/03\/valdaran-nieve-paseos-652x1024.png 652w, https:\/\/www.campingverneda.com\/blog\/wp-content\/uploads\/2023\/03\/valdaran-nieve-paseos.png 674w\" sizes=\"(max-width: 433px) 100vw, 433px\" \/><\/a><p id=\"caption-attachment-4350\" class=\"wp-caption-text\">Foto de Val d&#8217;Aran. un paseo por los alrededores de Beret<\/p><\/div>\n<p>Vamos a por la recta final de la temporada de invierno en <a href=\"https:\/\/www.instagram.com\/vida.verneda\/\" target=\"_blank\" rel=\"noopener\">Verneda Camping Mountain Resort<\/a> y todo nuestro entorno natural, lo que incluye a Baqueira Beret. Nos encanta el invierno y todo lo que nos ofrece pero, si no sois tanto de subir a pistas para disfrutar de un d\u00eda de esqu\u00ed o snowboard, o s\u00ed os encanta pero ven\u00eds con ni\u00f1os y ni\u00f1as peques, os proponemos que camin\u00e9is con calma por la nieve.<\/p>\n<p>Lo bueno de caminar por la nieve es que es apto para todos los p\u00fablicos, tambi\u00e9n si ven\u00eds con abuelos y abuelas, y los caminos a seguir pueden variar seg\u00fan cu\u00e1ndo veng\u00e1is y d\u00f3nde se encuentre la cota de nieve. Y es que no importa d\u00f3nde, sino el hecho de caminar por la nieve para sentir todos los beneficios que tiene para nuestra salud.<\/p>\n<p>Por ejemplo, entre los distintos estudios que tratan los beneficios para la salud de caminar por la naturaleza, a finales de 2022 se public\u00f3 una nueva<a href=\"https:\/\/www.mdpi.com\/1660-4601\/19\/21\/14548\" target=\"_blank\" rel=\"noopener\"> investigaci\u00f3n<\/a>, publicada en el <em>International Journal of Environmental Research and Public Health<\/em>, que por primera vez ha demostrado cient\u00edficamente qu<strong>e pasar tiempo en un entorno nevado ayuda a restringir los pensamientos negativos<\/strong> relacionados con la apariencia propia.<\/p>\n<p>Esta investigaci\u00f3n estuvo dirigida por acad\u00e9micos de la Universidad M\u00e9dica de Silesia, en Katowice, Polonia, y la Universidad Anglia Ruskin (ARU) en el Reino Unido, la investigaci\u00f3n se llev\u00f3 a cabo el invierno pasado e involucr\u00f3 a 87 mujeres, con una edad promedio de 24 a\u00f1os, que participaron en peque\u00f1os grupos.<\/p>\n<p>Antes y despu\u00e9s de <strong>caminar en un bosque nevado<\/strong> en la regi\u00f3n polaca de Silesia, los participantes completaron una medida de apreciaci\u00f3n corporal. Antes de la caminata, tambi\u00e9n completaron medidas de conexi\u00f3n con la naturaleza y autocompasi\u00f3n.<\/p>\n<p>Este estudio ha demostrado cient\u00edficamente que pasar aproximadamente 40 minutos en la naturaleza da como resultado una <strong>mayor apreciaci\u00f3n del cuerpo<\/strong>. Asimismo, las personas que obtuvieron una puntuaci\u00f3n alta en el rasgo de autocompasi\u00f3n presentaron una mayor mejora en la apreciaci\u00f3n del cuerpo. Adem\u00e1s de ser el primer estudio en examinar los<strong> beneficios para la imagen corporal de pasar tiempo en un paisaje nevado<\/strong>, tambi\u00e9n es el primero en mostrar que <strong>estos beneficios se pueden lograr cuando se est\u00e1 en la naturaleza en grupos peque\u00f1os<\/strong>, en lugar de individualmente.<\/p>\n<p>La coautora, la <strong>Dra. Kamila Czepczor-Bernat<\/strong>, de la Universidad M\u00e9dica de Silesia, explica: \u00abAhora existe una evidencia que muestra que la exposici\u00f3n a la naturaleza \u2013vivir cerca, frecuentar o relacionarse con entornos como bosques y parques\u2013 est\u00e1 asociada con una variedad de beneficios para el bienestar f\u00edsico y psicol\u00f3gico\u00bb.<\/p>\n<p>Por su parte, el coautor <strong>Viren Swami<\/strong>, profesor de psicolog\u00eda social en la Universidad Anglia Ruskin (ARU), afirma: \u00abLos entornos naturales ayudan a restringir los pensamientos negativos relacionados con la apariencia y desv\u00edan la atenci\u00f3n de una visi\u00f3n est\u00e9tica del cuerpo hacia una mayor apreciaci\u00f3n de la funcionalidad del cuerpo. La imagen corporal positiva es importante no solo por derecho propio, sino que tiene otros efectos beneficiosos, incluido un bienestar psicol\u00f3gico m\u00e1s positivo\u00bb.<\/p>\n<p>Siempre hablamos de las bondades para nuestra salud de perdernos por la naturaleza con nuestras personas favoritas, y ahora lo podemos reafirmar con datos cient\u00edficos.<\/p>\n<p>As\u00ed que, si est\u00e1s leyendo esto: <a href=\"https:\/\/www.campingverneda.com\/\" target=\"_blank\" rel=\"noopener\">\u00a1Ven a caminar por la nieve!<\/a> Y vuelve a tu rutina con m\u00e1s power que nunca.<\/p>\n","protected":false},"excerpt":{"rendered":"<p>Vamos a por la recta final de la temporada de invierno en Verneda Camping Mountain Resort y todo nuestro entorno natural, lo que incluye a [&hellip;]<\/p>\n","protected":false},"author":1,"featured_media":4349,"comment_status":"open","ping_status":"open","sticky":false,"template":"","format":"standard","meta":[],"categories":[1452],"tags":[1457,1455,1456,778,633,1453,1454,11,1020,818],"_links":{"self":[{"href":"https:\/\/www.campingverneda.com\/blog\/wp-json\/wp\/v2\/posts\/4348"}],"collection":[{"href":"https:\/\/www.campingverneda.com\/blog\/wp-json\/wp\/v2\/posts"}],"about":[{"href":"https:\/\/www.campingverneda.com\/blog\/wp-json\/wp\/v2\/types\/post"}],"author":[{"embeddable":true,"href":"https:\/\/www.campingverneda.com\/blog\/wp-json\/wp\/v2\/users\/1"}],"replies":[{"embeddable":true,"href":"https:\/\/www.campingverneda.com\/blog\/wp-json\/wp\/v2\/comments?post=4348"}],"version-history":[{"count":5,"href":"https:\/\/www.campingverneda.com\/blog\/wp-json\/wp\/v2\/posts\/4348\/revisions"}],"predecessor-version":[{"id":4355,"href":"https:\/\/www.campingverneda.com\/blog\/wp-json\/wp\/v2\/posts\/4348\/revisions\/4355"}],"wp:featuredmedia":[{"embeddable":true,"href":"https:\/\/www.campingverneda.com\/blog\/wp-json\/wp\/v2\/media\/4349"}],"wp:attachment":[{"href":"https:\/\/www.campingverneda.com\/blog\/wp-json\/wp\/v2\/media?parent=4348"}],"wp:term":[{"taxonomy":"category","embeddable":true,"href":"https:\/\/www.campingverneda.com\/blog\/wp-json\/wp\/v2\/categories?post=4348"},{"taxonomy":"post_tag","embeddable":true,"href":"https:\/\/www.campingverneda.com\/blog\/wp-json\/wp\/v2\/tags?post=4348"}],"curies":[{"name":"wp","href":"https:\/\/api.w.org\/{rel}","templated":true}]}}