{"id":4343,"date":"2023-03-02T12:12:32","date_gmt":"2023-03-02T12:12:32","guid":{"rendered":"http:\/\/www.campingverneda.com\/blog\/?p=4343"},"modified":"2023-12-12T08:47:53","modified_gmt":"2023-12-12T08:47:53","slug":"pensando-ya-en-el-verano","status":"publish","type":"post","link":"https:\/\/www.campingverneda.com\/blog\/2023\/03\/02\/pensando-ya-en-el-verano\/","title":{"rendered":"Pensando ya en el verano"},"content":{"rendered":"<div id=\"attachment_4344\" style=\"width: 490px\" class=\"wp-caption alignright\"><a href=\"http:\/\/www.campingverneda.com\/blog\/2023\/03\/02\/pensando-ya-en-el-verano\/verneda-camping-valdaran\/\" rel=\"attachment wp-att-4344\"><img aria-describedby=\"caption-attachment-4344\" decoding=\"async\" loading=\"lazy\" class=\" wp-image-4344\" src=\"http:\/\/www.campingverneda.com\/blog\/wp-content\/uploads\/2023\/03\/verneda-camping-valdaran.jpg\" alt=\"Verneda camping\" width=\"480\" height=\"642\" srcset=\"https:\/\/www.campingverneda.com\/blog\/wp-content\/uploads\/2023\/03\/verneda-camping-valdaran-200x268.jpg 200w, https:\/\/www.campingverneda.com\/blog\/wp-content\/uploads\/2023\/03\/verneda-camping-valdaran-224x300.jpg 224w, https:\/\/www.campingverneda.com\/blog\/wp-content\/uploads\/2023\/03\/verneda-camping-valdaran-400x535.jpg 400w, https:\/\/www.campingverneda.com\/blog\/wp-content\/uploads\/2023\/03\/verneda-camping-valdaran-600x803.jpg 600w, https:\/\/www.campingverneda.com\/blog\/wp-content\/uploads\/2023\/03\/verneda-camping-valdaran-765x1024.jpg 765w, https:\/\/www.campingverneda.com\/blog\/wp-content\/uploads\/2023\/03\/verneda-camping-valdaran-768x1028.jpg 768w, https:\/\/www.campingverneda.com\/blog\/wp-content\/uploads\/2023\/03\/verneda-camping-valdaran-800x1071.jpg 800w, https:\/\/www.campingverneda.com\/blog\/wp-content\/uploads\/2023\/03\/verneda-camping-valdaran-1200x1606.jpg 1200w, https:\/\/www.campingverneda.com\/blog\/wp-content\/uploads\/2023\/03\/verneda-camping-valdaran.jpg 1465w\" sizes=\"(max-width: 480px) 100vw, 480px\" \/><\/a><p id=\"caption-attachment-4344\" class=\"wp-caption-text\">Ni\u00f1os libres y felices en nuestra zona de acampada<\/p><\/div>\n<p>Por mucho que nos encante el invierno, y todo lo que supone en este valle de los Pirineos, como disfrutar de un d\u00eda de esqu\u00ed o snowboard en Baqueira Beret, paseos en raquetas, batallas de bolas de nieve, crear mu\u00f1ecos de nieve, buenas charlas al calor de las chimeneas en nuestros bungalows de madera\u2026 <strong>\u00a1El verano en Verneda Camping Mountain Resort es la pera-limonera!<\/strong><\/p>\n<p>Nuestro verano empieza en San Juan, d\u00eda que celebramos el solsticio de verano y quemamos todo lo viejo mientras pedimos lo nuevo que queremos a nuestra vida. Es entonces cuando habilitamos nuestra <strong>piscina climatizada de cloraci\u00f3n salina, la zona del restaurante<\/strong>, y disfrutamos mayores y peque\u00f1os de los d\u00edas largos, el calorcito entre los sol y sombra\u2026<\/p>\n<p>\u00a1Y las aventuras de montaje y desmontaje de las tiendas de campa\u00f1a!<\/p>\n<p>Y es que, aunque a partir del mes de abril (no podemos ser m\u00e1s espec\u00edficos debido a las condiciones meteorol\u00f3gicas) ya tenemos habilitada la zona de acampada en <a href=\"https:\/\/www.campingverneda.com\/servicios-e-instalaciones\" target=\"_blank\" rel=\"noopener\">Verneda Camping Mountain Resort<\/a>, es es la temporada estival cuando m\u00e1s se disfruta. Adem\u00e1s, desde la temporada pasada, y escuchando vuestras sugerencias de otros veranos, <strong>modificamos nuestras parcelas de camping para que disfrut\u00e9is de estas monta\u00f1as de los Pirineos seg\u00fan vuestras necesidades.<\/strong> Sabemos que no es lo mismo venir en pareja, entre amigos y amigas, familias monoparentales, en cuadrilla con perro o gato, con la abuela y las bicis\u2026 <strong>\u00a1Cada plan de vacaciones necesita su propio espacio!<\/strong><\/p>\n<p>As\u00ed que si est\u00e1s pensando en venir de vacaciones este verano a Verneda Camping Mountain Resort y planificar bien al detalle y con tiempo, \u00a1tenemos buenas noticias para ti!<\/p>\n<p>\u00a1Las reservas de verano ya est\u00e1n abiertas! Porque planificarse con anticipaci\u00f3n tiene premio, y ese premio es que tienes m\u00e1s donde escoger. Quiz\u00e1s ese bungalows junto al r\u00edo qu\u00e9 tanto te gusta est\u00e1 libre, o esa parcela que crees que es perfecta tambi\u00e9n lo est\u00e1\u2026 As\u00ed que no los dudes, ll\u00e1manos y cu\u00e9ntanos lo que quieres, y en la medida de lo posible, daremos respuesta a tus necesidades para hacer que tus vacaciones a lo #VIDAVerneda sean un recuerdo inolvidable.<\/p>\n<p>Este verano <a href=\"http:\/\/verneda camping mountain resort, camping pirineos, camping valle de aran, camping con perro, camping familiar, camping con piscina, descuento camping verano, descuento camping pirineos,\" target=\"_blank\" rel=\"noopener\">no te quedes con las ganas, ni sin sitio<\/a>, y aprovecha para conocer la Val d\u2019Aran en una de sus temporadas m\u00e1s bonitas, llenas de luz y color.<\/p>\n<p>\u00a1Siente la #VIDAVerneda en primera persona y con tus personas favoritas!<\/p>\n","protected":false},"excerpt":{"rendered":"<p>Por mucho que nos encante el invierno, y todo lo que supone en este valle de los Pirineos, como disfrutar de un d\u00eda de esqu\u00ed [&hellip;]<\/p>\n","protected":false},"author":1,"featured_media":3952,"comment_status":"open","ping_status":"open","sticky":false,"template":"","format":"standard","meta":[],"categories":[1,69],"tags":[856,1217,91,51,713,1451,1450,818],"_links":{"self":[{"href":"https:\/\/www.campingverneda.com\/blog\/wp-json\/wp\/v2\/posts\/4343"}],"collection":[{"href":"https:\/\/www.campingverneda.com\/blog\/wp-json\/wp\/v2\/posts"}],"about":[{"href":"https:\/\/www.campingverneda.com\/blog\/wp-json\/wp\/v2\/types\/post"}],"author":[{"embeddable":true,"href":"https:\/\/www.campingverneda.com\/blog\/wp-json\/wp\/v2\/users\/1"}],"replies":[{"embeddable":true,"href":"https:\/\/www.campingverneda.com\/blog\/wp-json\/wp\/v2\/comments?post=4343"}],"version-history":[{"count":3,"href":"https:\/\/www.campingverneda.com\/blog\/wp-json\/wp\/v2\/posts\/4343\/revisions"}],"predecessor-version":[{"id":4347,"href":"https:\/\/www.campingverneda.com\/blog\/wp-json\/wp\/v2\/posts\/4343\/revisions\/4347"}],"wp:featuredmedia":[{"embeddable":true,"href":"https:\/\/www.campingverneda.com\/blog\/wp-json\/wp\/v2\/media\/3952"}],"wp:attachment":[{"href":"https:\/\/www.campingverneda.com\/blog\/wp-json\/wp\/v2\/media?parent=4343"}],"wp:term":[{"taxonomy":"category","embeddable":true,"href":"https:\/\/www.campingverneda.com\/blog\/wp-json\/wp\/v2\/categories?post=4343"},{"taxonomy":"post_tag","embeddable":true,"href":"https:\/\/www.campingverneda.com\/blog\/wp-json\/wp\/v2\/tags?post=4343"}],"curies":[{"name":"wp","href":"https:\/\/api.w.org\/{rel}","templated":true}]}}