{"id":4337,"date":"2023-02-27T10:54:16","date_gmt":"2023-02-27T10:54:16","guid":{"rendered":"http:\/\/www.campingverneda.com\/blog\/?p=4337"},"modified":"2023-03-22T15:14:34","modified_gmt":"2023-03-22T15:14:34","slug":"el-invierno-que-nos-gusta","status":"publish","type":"post","link":"https:\/\/www.campingverneda.com\/blog\/2023\/02\/27\/el-invierno-que-nos-gusta\/","title":{"rendered":"El invierno que nos gusta"},"content":{"rendered":"<div id=\"attachment_4338\" style=\"width: 471px\" class=\"wp-caption alignright\"><a href=\"http:\/\/www.campingverneda.com\/blog\/2023\/02\/27\/4337\/verneda-raquetasnieve\/\" rel=\"attachment wp-att-4338\"><img aria-describedby=\"caption-attachment-4338\" decoding=\"async\" loading=\"lazy\" class=\" wp-image-4338\" src=\"http:\/\/www.campingverneda.com\/blog\/wp-content\/uploads\/2023\/02\/verneda-raquetasnieve.png\" alt=\"Verneda tu alojmaienot alternativo en la Val d'Aran\" width=\"461\" height=\"574\" srcset=\"https:\/\/www.campingverneda.com\/blog\/wp-content\/uploads\/2023\/02\/verneda-raquetasnieve-200x249.png 200w, https:\/\/www.campingverneda.com\/blog\/wp-content\/uploads\/2023\/02\/verneda-raquetasnieve-241x300.png 241w, https:\/\/www.campingverneda.com\/blog\/wp-content\/uploads\/2023\/02\/verneda-raquetasnieve-400x498.png 400w, https:\/\/www.campingverneda.com\/blog\/wp-content\/uploads\/2023\/02\/verneda-raquetasnieve-600x747.png 600w, https:\/\/www.campingverneda.com\/blog\/wp-content\/uploads\/2023\/02\/verneda-raquetasnieve-768x957.png 768w, https:\/\/www.campingverneda.com\/blog\/wp-content\/uploads\/2023\/02\/verneda-raquetasnieve.png 790w\" sizes=\"(max-width: 461px) 100vw, 461px\" \/><\/a><p id=\"caption-attachment-4338\" class=\"wp-caption-text\">Paseo en raquetas por el Camin Reiau<\/p><\/div>\n<p>El invierno que nos gusta es ese en el que nos despertamos por la ma\u00f1ana con un poco de fresco en el ambiente, nos ponemos un jersey, <strong>miramos por la ventana y vemos nieve<\/strong>. Nos preparamos un desayuno rico y, r\u00e1pidamente, incluso mientras se hace el desayuno, salimos a pasear a nuestro perrete o perrita por las instalaciones de <a href=\"https:\/\/www.instagram.com\/vida.verneda\/\" target=\"_blank\" rel=\"noopener\">Verneda Camping Mountain Resort<\/a>, <strong>respiramos y disfrutamos del silencio<\/strong>, ahora s\u00ed, desayunamos, y nos preparamos para salir.<\/p>\n<p>El d\u00eda es nuestro, y <strong>las posibilidades en invierno en la Val d\u2019Aran son infinitas<\/strong>. Como nos gusta la nieve pero no somos de ir a pistas, u hoy no nos apetece, hacemos un buen plan en raquetas, as\u00ed podemos ir acompa\u00f1ados siempre de nuestro perro. L<strong>as mejores rutas (seg\u00fan nuestro criterio) recomendadas para hacer en raquetas con perro por este lado de los Pirineos son la de Montgarri, Ba\u00f1os de Tredos, y el bosque de la Tuca<\/strong>. Conoce todas las posibilidades <a href=\"https:\/\/www.visitvaldaran.com\/wp-content\/uploads\/2020\/11\/FOLLETO-RAQUETAS-NOV-20-CATALAN-CASTELLANO.pdf\" target=\"_blank\" rel=\"noopener\">aqu\u00ed<\/a>.<\/p>\n<p>\u00a1Ya tenemos la ma\u00f1ana hecha! Nos merecemos comer rico. Pero, \u00bfqu\u00e9 nos apetece?<\/p>\n<p>Si queremos un<strong> plato tradicional de la gastronom\u00eda aranesa, como la Olha aranesa<\/strong>, podemos ir a Eth Corn\u00e8r, nuestro favorito. Si queremos algo diferente, que nos haga <strong>sorprendernos en cada bocado<\/strong>, y disfrutar saboreando, Pirenasian o Roc&amp;cris son una excelente opci\u00f3n.<br \/>\n\u00a1Tripa llena, coraz\u00f3n contento!<\/p>\n<p>Ahora ya podemos pararnos en cualquiera de los pueblos que forman la Val d\u2019Aran para pasear mientras bajamos la comida. La tarde se va haciendo con las calles, y las luces y sombras visten cada edifico para hacer de cada nueva esquina un lugar por descubrir, y tambi\u00e9n para instagramear.<\/p>\n<p>Vamos al bungalow, nos cambiamos y nos preparamos para cenar. \u00a1Y buscamos sitios en los que podamos ir a cenar tambi\u00e9n rico, y acompa\u00f1ados acompa\u00f1adas de nuestros perros! \u00a1\u00a1Hay varios!! <a href=\"https:\/\/www.instagram.com\/refu_birreria\/\" target=\"_blank\" rel=\"noopener\">REFU Birreria<\/a>, en Vielha, es una de esas opciones que nos gustan. Siempre con buen ambiente y excelente atenci\u00f3n, \u00a1y buen\u00edsima cerveza artesana local!<\/p>\n<p>Nos vamos retirando a nuestro bungalow calentito, toca recargar pilas para ma\u00f1ana, que seguro que ser\u00e1 otro d\u00eda que siempre recordamos<strong>. \u00a1D\u00edas a lo #VIDAVerneda repletos de buenas sensaciones que grabamos para nosotros!<\/strong><\/p>\n","protected":false},"excerpt":{"rendered":"<p>El invierno que nos gusta es ese en el que nos despertamos por la ma\u00f1ana con un poco de fresco en el ambiente, nos ponemos [&hellip;]<\/p>\n","protected":false},"author":1,"featured_media":4339,"comment_status":"open","ping_status":"open","sticky":false,"template":"","format":"standard","meta":[],"categories":[73],"tags":[467,1448,1449,1446,1000,1447,1444,1445,818],"_links":{"self":[{"href":"https:\/\/www.campingverneda.com\/blog\/wp-json\/wp\/v2\/posts\/4337"}],"collection":[{"href":"https:\/\/www.campingverneda.com\/blog\/wp-json\/wp\/v2\/posts"}],"about":[{"href":"https:\/\/www.campingverneda.com\/blog\/wp-json\/wp\/v2\/types\/post"}],"author":[{"embeddable":true,"href":"https:\/\/www.campingverneda.com\/blog\/wp-json\/wp\/v2\/users\/1"}],"replies":[{"embeddable":true,"href":"https:\/\/www.campingverneda.com\/blog\/wp-json\/wp\/v2\/comments?post=4337"}],"version-history":[{"count":4,"href":"https:\/\/www.campingverneda.com\/blog\/wp-json\/wp\/v2\/posts\/4337\/revisions"}],"predecessor-version":[{"id":4358,"href":"https:\/\/www.campingverneda.com\/blog\/wp-json\/wp\/v2\/posts\/4337\/revisions\/4358"}],"wp:featuredmedia":[{"embeddable":true,"href":"https:\/\/www.campingverneda.com\/blog\/wp-json\/wp\/v2\/media\/4339"}],"wp:attachment":[{"href":"https:\/\/www.campingverneda.com\/blog\/wp-json\/wp\/v2\/media?parent=4337"}],"wp:term":[{"taxonomy":"category","embeddable":true,"href":"https:\/\/www.campingverneda.com\/blog\/wp-json\/wp\/v2\/categories?post=4337"},{"taxonomy":"post_tag","embeddable":true,"href":"https:\/\/www.campingverneda.com\/blog\/wp-json\/wp\/v2\/tags?post=4337"}],"curies":[{"name":"wp","href":"https:\/\/api.w.org\/{rel}","templated":true}]}}