{"id":4330,"date":"2023-02-13T10:03:02","date_gmt":"2023-02-13T10:03:02","guid":{"rendered":"http:\/\/www.campingverneda.com\/blog\/?p=4330"},"modified":"2023-02-27T10:56:05","modified_gmt":"2023-02-27T10:56:05","slug":"no-somos-de-san-valentin-pero","status":"publish","type":"post","link":"https:\/\/www.campingverneda.com\/blog\/2023\/02\/13\/no-somos-de-san-valentin-pero\/","title":{"rendered":"No somos de San Valent\u00edn, pero&#8230;"},"content":{"rendered":"<div id=\"attachment_4331\" style=\"width: 427px\" class=\"wp-caption alignright\"><a href=\"http:\/\/www.campingverneda.com\/blog\/2023\/02\/13\/no-somos-de-san-valentin-pero\/verneda-san-valentin\/\" rel=\"attachment wp-att-4331\"><img aria-describedby=\"caption-attachment-4331\" decoding=\"async\" loading=\"lazy\" class=\" wp-image-4331\" src=\"http:\/\/www.campingverneda.com\/blog\/wp-content\/uploads\/2023\/02\/verneda-san-valentin.png\" alt=\"\" width=\"417\" height=\"741\" srcset=\"https:\/\/www.campingverneda.com\/blog\/wp-content\/uploads\/2023\/02\/verneda-san-valentin-169x300.png 169w, https:\/\/www.campingverneda.com\/blog\/wp-content\/uploads\/2023\/02\/verneda-san-valentin-200x356.png 200w, https:\/\/www.campingverneda.com\/blog\/wp-content\/uploads\/2023\/02\/verneda-san-valentin-400x711.png 400w, https:\/\/www.campingverneda.com\/blog\/wp-content\/uploads\/2023\/02\/verneda-san-valentin-576x1024.png 576w, https:\/\/www.campingverneda.com\/blog\/wp-content\/uploads\/2023\/02\/verneda-san-valentin-600x1067.png 600w, https:\/\/www.campingverneda.com\/blog\/wp-content\/uploads\/2023\/02\/verneda-san-valentin-768x1365.png 768w, https:\/\/www.campingverneda.com\/blog\/wp-content\/uploads\/2023\/02\/verneda-san-valentin-800x1422.png 800w, https:\/\/www.campingverneda.com\/blog\/wp-content\/uploads\/2023\/02\/verneda-san-valentin.png 1080w\" sizes=\"(max-width: 417px) 100vw, 417px\" \/><\/a><p id=\"caption-attachment-4331\" class=\"wp-caption-text\">Hazte con el Cheque regalo, descarga esta imagen y sorprende a tu persona favorita<\/p><\/div>\n<p>A\u00f1o tras a\u00f1o repetimos lo mismo: \u201cNo somos de Sant Valent\u00edn, pero\u2026\u201d. Y es que los detalles importan, ahora y en cualquier momento del a\u00f1o. Los detalles son los que forman de cada d\u00eda un nuevo y bonito recuerdo, esos de los que suman.<\/p>\n<p><strong>San Valent\u00edn es solo una excusa m\u00e1s para salir un poco de la rutina y compartir tiempo de calidad con tu compa\u00f1ero o compa\u00f1era de vida, o simplemente con las personas a las que quieres.<\/strong> Ojal\u00e1 cada d\u00eda fuese verdaderamente especial, pero la cotidianidad de la vida moderna no lo permite\u2026 Por eso, desde <a href=\"https:\/\/www.instagram.com\/vida.verneda\/\" target=\"_blank\" rel=\"noopener\">Verneda Camping Mountain Resort<\/a> promovemos<strong> el mejor regalo de todos: \u00a1Tiempo juntos!<\/strong><\/p>\n<p>Y es que el tiempo compartido con tus personas favoritas, adem\u00e1s de ser el mejor regalo del mundo, es un privilegio. Si hacemos un poco de retrospectiva, los regalos materiales, con el tiempo, quedan en el olvido r\u00e1pidamente o, en el mejor de los casos, expuestos en alguna estanter\u00eda de la casa. Con el paso de los a\u00f1os, muchas veces ni siquiera recordamos c\u00f3mo llego \u2018esa cosa\u2019 a nuestra casa. Sin embargo, los viajes, las risas, <strong>los buenos momentos compartidos, se quedan para siempre en un sitio especial de nuestra vida, en la retina de nuestra memoria.<\/strong><\/p>\n<p>\u00bfQu\u00e9 pasa si justo esta semana no puedes venir a Verneda Camping Mountain Resort? No pasa nada. <strong>Descarga la imagen que tenemos aqu\u00ed adjunta<\/strong> y sorprende de verdad a esa persona con quien tantas buenas conversaciones, tantas carcajadas, y tan buenos abrazos tienes cada vez que est\u00e1is juntos o juntas.<a href=\"https:\/\/www.campingverneda.com\/blog\/2022\/12\/23\/el-regalo-perfecto-de-esta-navidad\/\" target=\"_blank\" rel=\"noopener\"> Nuestro cheque regalo es el mejor regalo para celebrar vuestro amor<\/a>.<\/p>\n<p>Los a\u00f1os pasan r\u00e1pido, cada vez m\u00e1s, as\u00ed que no pierdas esa excelente oportunidad de compartirlos en momentos especiales, como en un bungalow de madera rodeado de las monta\u00f1as de este rinc\u00f3n de los Pirineos. Adem\u00e1s, \u00a1con buen\u00edsimos planes para todos los gustos! \u00a1Un buen\u00edsimas referencias gasto para una cena para dos!<\/p>\n","protected":false},"excerpt":{"rendered":"<p>A\u00f1o tras a\u00f1o repetimos lo mismo: \u201cNo somos de Sant Valent\u00edn, pero\u2026\u201d. Y es que los detalles importan, ahora y en cualquier momento del a\u00f1o. [&hellip;]<\/p>\n","protected":false},"author":1,"featured_media":4332,"comment_status":"open","ping_status":"open","sticky":false,"template":"","format":"standard","meta":[],"categories":[69],"tags":[1266,1253,757,1443,116,1441,818,1442],"_links":{"self":[{"href":"https:\/\/www.campingverneda.com\/blog\/wp-json\/wp\/v2\/posts\/4330"}],"collection":[{"href":"https:\/\/www.campingverneda.com\/blog\/wp-json\/wp\/v2\/posts"}],"about":[{"href":"https:\/\/www.campingverneda.com\/blog\/wp-json\/wp\/v2\/types\/post"}],"author":[{"embeddable":true,"href":"https:\/\/www.campingverneda.com\/blog\/wp-json\/wp\/v2\/users\/1"}],"replies":[{"embeddable":true,"href":"https:\/\/www.campingverneda.com\/blog\/wp-json\/wp\/v2\/comments?post=4330"}],"version-history":[{"count":3,"href":"https:\/\/www.campingverneda.com\/blog\/wp-json\/wp\/v2\/posts\/4330\/revisions"}],"predecessor-version":[{"id":4335,"href":"https:\/\/www.campingverneda.com\/blog\/wp-json\/wp\/v2\/posts\/4330\/revisions\/4335"}],"wp:featuredmedia":[{"embeddable":true,"href":"https:\/\/www.campingverneda.com\/blog\/wp-json\/wp\/v2\/media\/4332"}],"wp:attachment":[{"href":"https:\/\/www.campingverneda.com\/blog\/wp-json\/wp\/v2\/media?parent=4330"}],"wp:term":[{"taxonomy":"category","embeddable":true,"href":"https:\/\/www.campingverneda.com\/blog\/wp-json\/wp\/v2\/categories?post=4330"},{"taxonomy":"post_tag","embeddable":true,"href":"https:\/\/www.campingverneda.com\/blog\/wp-json\/wp\/v2\/tags?post=4330"}],"curies":[{"name":"wp","href":"https:\/\/api.w.org\/{rel}","templated":true}]}}