{"id":4322,"date":"2023-02-01T12:46:24","date_gmt":"2023-02-01T12:46:24","guid":{"rendered":"http:\/\/www.campingverneda.com\/blog\/?p=4322"},"modified":"2023-03-22T15:16:01","modified_gmt":"2023-03-22T15:16:01","slug":"como-nos-gusta-con-mucha-nieve","status":"publish","type":"post","link":"https:\/\/www.campingverneda.com\/blog\/2023\/02\/01\/como-nos-gusta-con-mucha-nieve\/","title":{"rendered":"Como nos gusta, \u00a1con mucha nieve!"},"content":{"rendered":"<div id=\"attachment_4324\" style=\"width: 423px\" class=\"wp-caption alignright\"><a href=\"http:\/\/www.campingverneda.com\/blog\/2023\/02\/01\/como-nos-gusta-con-mucha-nieve\/bungalows-palabrademadre\/\" rel=\"attachment wp-att-4324\"><img aria-describedby=\"caption-attachment-4324\" decoding=\"async\" loading=\"lazy\" class=\" wp-image-4324\" src=\"http:\/\/www.campingverneda.com\/blog\/wp-content\/uploads\/2023\/02\/bungalows-palabrademadre.png\" alt=\"Bungalows de madera en la Val d'Aran\" width=\"413\" height=\"513\" srcset=\"https:\/\/www.campingverneda.com\/blog\/wp-content\/uploads\/2023\/02\/bungalows-palabrademadre-200x249.png 200w, https:\/\/www.campingverneda.com\/blog\/wp-content\/uploads\/2023\/02\/bungalows-palabrademadre-241x300.png 241w, https:\/\/www.campingverneda.com\/blog\/wp-content\/uploads\/2023\/02\/bungalows-palabrademadre-400x497.png 400w, https:\/\/www.campingverneda.com\/blog\/wp-content\/uploads\/2023\/02\/bungalows-palabrademadre-600x746.png 600w, https:\/\/www.campingverneda.com\/blog\/wp-content\/uploads\/2023\/02\/bungalows-palabrademadre-768x955.png 768w, https:\/\/www.campingverneda.com\/blog\/wp-content\/uploads\/2023\/02\/bungalows-palabrademadre-800x994.png 800w, https:\/\/www.campingverneda.com\/blog\/wp-content\/uploads\/2023\/02\/bungalows-palabrademadre.png 807w\" sizes=\"(max-width: 413px) 100vw, 413px\" \/><\/a><p id=\"caption-attachment-4324\" class=\"wp-caption-text\">La familia de Palabra de madre al completo en nuestro bungalows<\/p><\/div>\n<p>Ahora estamos en Verneda Camping Mountain Resort como nos gusta, \u00a1rodeados de nieve! Esta temporada de invierno la nieve se ha hecho de rogar en este rinc\u00f3n de los Pirineos, as\u00ed que ahora la estamos disfrutando como ni\u00f1os y ni\u00f1as y, precisamente con los y las peques de casa, estamos reprendiendo a jugar, a desconectar y a disfrutar de estos momentos.<\/p>\n<p>De hecho, este fin de semana nos ha visitado<a href=\"https:\/\/www.instagram.com\/palabrademadre\/\" target=\"_blank\" rel=\"noopener\"> @<strong>palabrademadre<\/strong><\/a><strong>, una de nuestras influencers favoritas<\/strong>.<\/p>\n<p>Sheila, responsable de @palabrademadre es periodista y<a href=\"https:\/\/palabrademadre.com\/\" target=\"_blank\" rel=\"noopener\"> blogger<\/a> desde 2012. Ya nos hab\u00eda visitado anteriormente y ahora, con el pirateo de nuestro antiguo perfil de Instagram, ha vuelto a visitarnos para crear un nuevo sorteo. Si todav\u00eda no la conoc\u00edas, te la recomendamos much\u00edsimo, y as\u00ed, de paso, puedes estar al d\u00eda del sorteo y participar para venir a visitarnos un fin de semana en uno de nuestros <strong>bungalows de madera<\/strong> <a href=\"https:\/\/www.campingverneda.com\/bungalows\" target=\"_blank\" rel=\"noopener\">perfectamente acondicionados<\/a> para que goces de la Val d\u2019Aran como nunca.<\/p>\n<p>Y es que, como coment\u00e1bamos al principio, estamos semanas en las que te levantas y ves por la ventana todo lleno de nieve, son d\u00edas perfectos para salir de la rutina y sentir el invierno una manera diferente, de forma disfrutona. \u00a1Y m\u00e1s a\u00fan si vienes acompa\u00f1ado o acompa\u00f1ada de tus animales de compa\u00f1\u00eda! Recuerda que <strong>en Verneda Camping Mountain Resort somos un alojamiento petfriendly<\/strong> y todas nuestras instalaciones est\u00e1n perfectamente adaptadas para que vengas con tus compa\u00f1eros peludos. \u00a1Perros, gatos, cerditos vietnamitas e, incluso, tortugas! Por aqu\u00ed hemos visto de todo.<\/p>\n<p>Si quieres saber m\u00e1s, <a href=\"https:\/\/www.instagram.com\/vida.verneda\/\" target=\"_blank\" rel=\"noopener\">s\u00edguenos en nuestro nuevo perfil de Instagram<\/a> para ver lo bien que lo pasamos y, lo m\u00e1s importante, para estar al d\u00eda de los muchos sorteos que vamos a tener activos durante las pr\u00f3ximas semanas.<\/p>\n<p>Los recuerdos bonitos se escriben d\u00eda a d\u00eda.<\/p>\n<p>\u00a1Ven a crear tus nuevos y m\u00e1gicos recuerdos con tus personas favoritas!<\/p>\n","protected":false},"excerpt":{"rendered":"<p>Ahora estamos en Verneda Camping Mountain Resort como nos gusta, \u00a1rodeados de nieve! Esta temporada de invierno la nieve se ha hecho de rogar en [&hellip;]<\/p>\n","protected":false},"author":1,"featured_media":4323,"comment_status":"open","ping_status":"open","sticky":false,"template":"","format":"standard","meta":[],"categories":[69],"tags":[1439,1438,1151,1266,1437,856,91,893,11,1440,818,1211],"_links":{"self":[{"href":"https:\/\/www.campingverneda.com\/blog\/wp-json\/wp\/v2\/posts\/4322"}],"collection":[{"href":"https:\/\/www.campingverneda.com\/blog\/wp-json\/wp\/v2\/posts"}],"about":[{"href":"https:\/\/www.campingverneda.com\/blog\/wp-json\/wp\/v2\/types\/post"}],"author":[{"embeddable":true,"href":"https:\/\/www.campingverneda.com\/blog\/wp-json\/wp\/v2\/users\/1"}],"replies":[{"embeddable":true,"href":"https:\/\/www.campingverneda.com\/blog\/wp-json\/wp\/v2\/comments?post=4322"}],"version-history":[{"count":4,"href":"https:\/\/www.campingverneda.com\/blog\/wp-json\/wp\/v2\/posts\/4322\/revisions"}],"predecessor-version":[{"id":4328,"href":"https:\/\/www.campingverneda.com\/blog\/wp-json\/wp\/v2\/posts\/4322\/revisions\/4328"}],"wp:featuredmedia":[{"embeddable":true,"href":"https:\/\/www.campingverneda.com\/blog\/wp-json\/wp\/v2\/media\/4323"}],"wp:attachment":[{"href":"https:\/\/www.campingverneda.com\/blog\/wp-json\/wp\/v2\/media?parent=4322"}],"wp:term":[{"taxonomy":"category","embeddable":true,"href":"https:\/\/www.campingverneda.com\/blog\/wp-json\/wp\/v2\/categories?post=4322"},{"taxonomy":"post_tag","embeddable":true,"href":"https:\/\/www.campingverneda.com\/blog\/wp-json\/wp\/v2\/tags?post=4322"}],"curies":[{"name":"wp","href":"https:\/\/api.w.org\/{rel}","templated":true}]}}