{"id":4281,"date":"2022-12-13T11:37:06","date_gmt":"2022-12-13T11:37:06","guid":{"rendered":"http:\/\/www.campingverneda.com\/blog\/?p=4281"},"modified":"2023-01-20T12:14:54","modified_gmt":"2023-01-20T12:14:54","slug":"llamamiento-para-una-navidad-sostenible","status":"publish","type":"post","link":"https:\/\/www.campingverneda.com\/blog\/2022\/12\/13\/llamamiento-para-una-navidad-sostenible\/","title":{"rendered":"Llamamiento para una Navidad sostenible"},"content":{"rendered":"<div id=\"attachment_4282\" style=\"width: 431px\" class=\"wp-caption alignright\"><a href=\"http:\/\/www.campingverneda.com\/blog\/2022\/12\/13\/llamamiento-para-una-navidad-sostenible\/valdaran-productos\/\" rel=\"attachment wp-att-4282\"><img aria-describedby=\"caption-attachment-4282\" decoding=\"async\" loading=\"lazy\" class=\" wp-image-4282\" src=\"http:\/\/www.campingverneda.com\/blog\/wp-content\/uploads\/2022\/12\/valdaran-productos.png\" alt=\"sta navidad compra sostenibilidad\" width=\"421\" height=\"445\" srcset=\"https:\/\/www.campingverneda.com\/blog\/wp-content\/uploads\/2022\/12\/valdaran-productos-200x211.png 200w, https:\/\/www.campingverneda.com\/blog\/wp-content\/uploads\/2022\/12\/valdaran-productos-284x300.png 284w, https:\/\/www.campingverneda.com\/blog\/wp-content\/uploads\/2022\/12\/valdaran-productos-400x423.png 400w, https:\/\/www.campingverneda.com\/blog\/wp-content\/uploads\/2022\/12\/valdaran-productos-600x634.png 600w, https:\/\/www.campingverneda.com\/blog\/wp-content\/uploads\/2022\/12\/valdaran-productos-768x811.png 768w, https:\/\/www.campingverneda.com\/blog\/wp-content\/uploads\/2022\/12\/valdaran-productos-800x845.png 800w, https:\/\/www.campingverneda.com\/blog\/wp-content\/uploads\/2022\/12\/valdaran-productos-969x1024.png 969w, https:\/\/www.campingverneda.com\/blog\/wp-content\/uploads\/2022\/12\/valdaran-productos.png 1042w\" sizes=\"(max-width: 421px) 100vw, 421px\" \/><\/a><p id=\"caption-attachment-4282\" class=\"wp-caption-text\">Quesos marca de garant\u00eda de la Val d&#8217;Aran<\/p><\/div>\n<p>Aunque no nos guste reconocerlo y hagamos por nuestra parte todo lo posible para que no sea as\u00ed, la Navidad se ha convertido en una de las temporadas del a\u00f1o m\u00e1s perjudiciales para el planeta tal y como lo conocemos. Las grandes corporaciones aprovechan esta temporada del a\u00f1o para hablar de amor, familia y reencuentros con el mensaje de \u201c\u00a1Comprar! \u00a1Comprar! \u00a1Comprar!\u201d<\/p>\n<p>\u00bfAcaso hay m\u00e1s amor o entendimiento entre la familia si compras m\u00e1s? Obviamente no. Comprar y comprar s\u00f3lo hace m\u00e1s da\u00f1o al medio ambiente. La producci\u00f3n de todo aquello que compramos es s\u00faper contaminante, igual que el transporte, etc\u2026 Por lo que, ahora que estamos a las puertas de la Navidad, hacemos un llamamiento para que, siempre que se pueda, se piense en lo que generamos con cada uno de nuestros regalos navide\u00f1os.<\/p>\n<p>Si tienes que comprar algo s\u00ed o s\u00ed, e<strong>lige productos de cercan\u00eda, elaborados por marcas concienciadas con la situaci\u00f3n actual del planeta, que produzcan con materiales reciclados, y que midan su impacto ambiental minimizando su huella ecol\u00f3gica.<\/strong> Hay un sinf\u00edn de este tipo de marcas, cada d\u00eda m\u00e1s emprendimientos se centran precisamente en ello, tanto en cosm\u00e9ticos, moda, accesorios para todo tipo de cuestiones\u2026 \u00a1Si est\u00e1s buscando algo espec\u00edfico y no sabes qu\u00e9 marca comprar, escr\u00edbenos un DM por nuestro<a href=\"https:\/\/www.instagram.com\/vida.verneda\/\" target=\"_blank\" rel=\"noopener\"> canal de Instagram<\/a> y te ayudamos a elegir!<\/p>\n<p>Lo mismo para las comidas y cena de empresa, de cuadrillas, el poteo familiar\u2026 Siempre que puedas<strong> elige bares y restaurantes que den prioridad a vinos, cervezas y carta gastron\u00f3mica de cercan\u00eda<\/strong>. Tu paladar lo va a agradecer, y los artesanos y artesanas que trabajan para ofrecerte estos productos, tambi\u00e9n.<\/p>\n<p>Y si ya est\u00e1s s\u00faper concienciado y conci\u00e9nciada con todo esto que te estamos contando, y prefieres <strong>un regalo que marque la diferencia<\/strong> y se quede en el recuerdo para siempre,<strong> \u00a1regala tiempo juntos!<\/strong> El tiempo compartido es lo mejor valorado, y para todos y todas que eleg\u00eds este regalo tenemos la promoci\u00f3n activa de hasta un<a href=\"https:\/\/thelisresa.webcamp.fr\/list.php?camping=verneda&amp;track=21102022&amp;type=2&amp;typelocation=2&amp;nb_pers=0&amp;begin=2022-12-23&amp;end=2022-12-28&amp;duration=5&amp;beginType=0&amp;tolerance=0&amp;lang=es&amp;PHPSESSID=h2p791825onqqrrpco7kpc69tv\" target=\"_blank\" rel=\"noopener\"> 35% de descuento en nuestros bungalows.\u00a0<\/a>M\u00e1rcate un tanto, con aquellas personas con las que desees estar y reserva en\u00a0 nuestras caba\u00f1as de madera, para que pod\u00e1is disfrutar juntos de unas vacaciones de navidad diferentes, al estilo #VIDAVerneda.<\/p>\n<p><strong>\u00a1El cambio es posible si no hacemos entre todos y todas! Recuerda: There is not planet B!<\/strong><\/p>\n","protected":false},"excerpt":{"rendered":"<p>Aunque no nos guste reconocerlo y hagamos por nuestra parte todo lo posible para que no sea as\u00ed, la Navidad se ha convertido en una [&hellip;]<\/p>\n","protected":false},"author":1,"featured_media":4283,"comment_status":"open","ping_status":"open","sticky":false,"template":"","format":"standard","meta":[],"categories":[98,72,1276],"tags":[17,1274,1411,782,997,11,1409,1410,1401,1408,1020,818],"_links":{"self":[{"href":"https:\/\/www.campingverneda.com\/blog\/wp-json\/wp\/v2\/posts\/4281"}],"collection":[{"href":"https:\/\/www.campingverneda.com\/blog\/wp-json\/wp\/v2\/posts"}],"about":[{"href":"https:\/\/www.campingverneda.com\/blog\/wp-json\/wp\/v2\/types\/post"}],"author":[{"embeddable":true,"href":"https:\/\/www.campingverneda.com\/blog\/wp-json\/wp\/v2\/users\/1"}],"replies":[{"embeddable":true,"href":"https:\/\/www.campingverneda.com\/blog\/wp-json\/wp\/v2\/comments?post=4281"}],"version-history":[{"count":6,"href":"https:\/\/www.campingverneda.com\/blog\/wp-json\/wp\/v2\/posts\/4281\/revisions"}],"predecessor-version":[{"id":4289,"href":"https:\/\/www.campingverneda.com\/blog\/wp-json\/wp\/v2\/posts\/4281\/revisions\/4289"}],"wp:featuredmedia":[{"embeddable":true,"href":"https:\/\/www.campingverneda.com\/blog\/wp-json\/wp\/v2\/media\/4283"}],"wp:attachment":[{"href":"https:\/\/www.campingverneda.com\/blog\/wp-json\/wp\/v2\/media?parent=4281"}],"wp:term":[{"taxonomy":"category","embeddable":true,"href":"https:\/\/www.campingverneda.com\/blog\/wp-json\/wp\/v2\/categories?post=4281"},{"taxonomy":"post_tag","embeddable":true,"href":"https:\/\/www.campingverneda.com\/blog\/wp-json\/wp\/v2\/tags?post=4281"}],"curies":[{"name":"wp","href":"https:\/\/api.w.org\/{rel}","templated":true}]}}