{"id":4266,"date":"2022-11-22T10:01:05","date_gmt":"2022-11-22T10:01:05","guid":{"rendered":"http:\/\/www.campingverneda.com\/blog\/?p=4266"},"modified":"2023-01-20T12:16:42","modified_gmt":"2023-01-20T12:16:42","slug":"inicio-de-temporada-en-baqueira-beret","status":"publish","type":"post","link":"https:\/\/www.campingverneda.com\/blog\/2022\/11\/22\/inicio-de-temporada-en-baqueira-beret\/","title":{"rendered":"Inicio de temporada en Baqueira Beret"},"content":{"rendered":"<p>Este fin de semana la estaci\u00f3n de <strong>Baqueira Beret abre sus puertas.<\/strong> \u00a1Damos por inaugurada la temporada de invierno en la Val d\u2019Aran!<\/p>\n<div id=\"attachment_4268\" style=\"width: 396px\" class=\"wp-caption alignright\"><a href=\"http:\/\/www.campingverneda.com\/blog\/2022\/11\/22\/inicio-de-temporada-en-baqueira-beret\/baqueira_beret_paseos_trineo\/\" rel=\"attachment wp-att-4268\"><img aria-describedby=\"caption-attachment-4268\" decoding=\"async\" loading=\"lazy\" class=\" wp-image-4268\" src=\"http:\/\/www.campingverneda.com\/blog\/wp-content\/uploads\/2022\/11\/baqueira_beret_paseos_trineo.png\" alt=\"Baqueira Beret\" width=\"386\" height=\"444\" srcset=\"https:\/\/www.campingverneda.com\/blog\/wp-content\/uploads\/2022\/11\/baqueira_beret_paseos_trineo-200x230.png 200w, https:\/\/www.campingverneda.com\/blog\/wp-content\/uploads\/2022\/11\/baqueira_beret_paseos_trineo-261x300.png 261w, https:\/\/www.campingverneda.com\/blog\/wp-content\/uploads\/2022\/11\/baqueira_beret_paseos_trineo-400x460.png 400w, https:\/\/www.campingverneda.com\/blog\/wp-content\/uploads\/2022\/11\/baqueira_beret_paseos_trineo-600x690.png 600w, https:\/\/www.campingverneda.com\/blog\/wp-content\/uploads\/2022\/11\/baqueira_beret_paseos_trineo-768x883.png 768w, https:\/\/www.campingverneda.com\/blog\/wp-content\/uploads\/2022\/11\/baqueira_beret_paseos_trineo-800x920.png 800w, https:\/\/www.campingverneda.com\/blog\/wp-content\/uploads\/2022\/11\/baqueira_beret_paseos_trineo.png 840w\" sizes=\"(max-width: 386px) 100vw, 386px\" \/><\/a><p id=\"caption-attachment-4268\" class=\"wp-caption-text\">Trineo tirado por perros en Beret<\/p><\/div>\n<p>Por si todav\u00eda no conoces la estaci\u00f3n de Baqueira Beret te contamos que cuenta con 113 pistas, de las cuales 5 son verdes, 43 azules, 48 rojas y 17 negras. Todas estas pistas de esqu\u00ed juntas suman un total de 165 kil\u00f3metros balizados y 5 kil\u00f3metros de itinerario. \u00a1Una maravilla para los y las que sienten aut\u00e9ntica PASI\u00d3N por la nieve!<\/p>\n<p>Adem\u00e1s, para que tu experiencia en Baqueira Beret sea lo m\u00e1s \u00f3ptima posible, que sepas tambi\u00e9n que hay 36 remontes, un telecabina, 18 telesillas (12 desembragables y 6 pinza fija) 10 telesqu\u00eds (6 telesqu\u00eds, 2 telesqu\u00ed biplaza, 2 telecuerdas) y 7 cintas transportadoras \u00a1Casi nada! \u00a1El para\u00edso para los amantes de esqu\u00ed alpino y del snowboard!<\/p>\n<p>Tanto si eres un experto recorriendo las pistas como si est\u00e1s inici\u00e1ndote,<strong> te recomendamos venir ligero de equipaje y alquilar todo el material<\/strong> en<a href=\"https:\/\/copos-ski.com\/\" target=\"_blank\" rel=\"noopener\"> Copos Skicenter<\/a>, una opci\u00f3n muy c\u00f3moda si vienes en familia y no dispones de un trailer para traer todo el material de esqu\u00ed. Adem\u00e1s de alquiler de material, en Copos Skicenter disponen de taller de reparaci\u00f3n para tus esqu\u00eds o tabla de snwboard, <a href=\"https:\/\/www.copos-school.com\/\" target=\"_blank\" rel=\"noopener\">Copos School<\/a> para optimizar tu t\u00e9cnica con el mejor profesorado y, por supuesto, <strong>las mejores marcas por si est\u00e1s pensando en actualizar tu equipamiento de nieve<\/strong>.<\/p>\n<p>Si no eres de subir a pistas pero te gusta adentrarte en la nieve, <strong>desde el mismo Plan de Beret pod\u00e9is lanzaros en trineo o pasear alrededor del circuito de fondo para dejaros deleitar por las majestuosas monta\u00f1as que nos rodean<\/strong>.<\/p>\n<p>Y desde nuestro recinto, en<a href=\"https:\/\/www.instagram.com\/vida_verneda\/\" target=\"_blank\" rel=\"noopener\"> Verneda Camping Mountain Resort<\/a>, te puedes<strong> calzar unas raquetas de nieve y\u00a0 pasear tranquilamente en familia<\/strong> y acompa\u00f1ado o acompa\u00f1ada de tus mascotas por alguno de los muchos caminos que se visten de blanco en esta temporada de nieve en este precioso valle de los Pirineos.<\/p>\n<p>Ya sabes, si est\u00e1s pensando en venir a la Val d\u2019Aran durante esta nueva temporada de invierno, sobre todo si vienes con perretes y\/o gatitos, <strong>aprovecha las distintas <a href=\"https:\/\/thelisresa.webcamp.fr\/?camping=verneda&amp;lang=es&amp;PHPSESSID=oh66mjf0g4olqrf5ckunkbihuh\">promociones que tenemos activas<\/a> directamente desde nuestra web<\/strong> y siente t\u00fa tambi\u00e9n la PASI\u00d3N por la nieve de la que hablemos, que no te lo cuenten.<\/p>\n","protected":false},"excerpt":{"rendered":"<p>Este fin de semana la estaci\u00f3n de Baqueira Beret abre sus puertas. \u00a1Damos por inaugurada la temporada de invierno en la Val d\u2019Aran! Por si [&hellip;]<\/p>\n","protected":false},"author":1,"featured_media":4267,"comment_status":"open","ping_status":"open","sticky":false,"template":"","format":"standard","meta":[],"categories":[73],"tags":[909,1396,1395,877,643,1394,1398,1397,818],"_links":{"self":[{"href":"https:\/\/www.campingverneda.com\/blog\/wp-json\/wp\/v2\/posts\/4266"}],"collection":[{"href":"https:\/\/www.campingverneda.com\/blog\/wp-json\/wp\/v2\/posts"}],"about":[{"href":"https:\/\/www.campingverneda.com\/blog\/wp-json\/wp\/v2\/types\/post"}],"author":[{"embeddable":true,"href":"https:\/\/www.campingverneda.com\/blog\/wp-json\/wp\/v2\/users\/1"}],"replies":[{"embeddable":true,"href":"https:\/\/www.campingverneda.com\/blog\/wp-json\/wp\/v2\/comments?post=4266"}],"version-history":[{"count":4,"href":"https:\/\/www.campingverneda.com\/blog\/wp-json\/wp\/v2\/posts\/4266\/revisions"}],"predecessor-version":[{"id":4272,"href":"https:\/\/www.campingverneda.com\/blog\/wp-json\/wp\/v2\/posts\/4266\/revisions\/4272"}],"wp:featuredmedia":[{"embeddable":true,"href":"https:\/\/www.campingverneda.com\/blog\/wp-json\/wp\/v2\/media\/4267"}],"wp:attachment":[{"href":"https:\/\/www.campingverneda.com\/blog\/wp-json\/wp\/v2\/media?parent=4266"}],"wp:term":[{"taxonomy":"category","embeddable":true,"href":"https:\/\/www.campingverneda.com\/blog\/wp-json\/wp\/v2\/categories?post=4266"},{"taxonomy":"post_tag","embeddable":true,"href":"https:\/\/www.campingverneda.com\/blog\/wp-json\/wp\/v2\/tags?post=4266"}],"curies":[{"name":"wp","href":"https:\/\/api.w.org\/{rel}","templated":true}]}}