{"id":4251,"date":"2022-11-12T17:37:49","date_gmt":"2022-11-12T17:37:49","guid":{"rendered":"http:\/\/www.campingverneda.com\/blog\/?p=4251"},"modified":"2022-11-12T17:37:54","modified_gmt":"2022-11-12T17:37:54","slug":"nuestros-clientes-son-parte-de-nuestra-historia","status":"publish","type":"post","link":"https:\/\/www.campingverneda.com\/blog\/2022\/11\/12\/nuestros-clientes-son-parte-de-nuestra-historia\/","title":{"rendered":"Nuestros clientes son parte de nuestra historia"},"content":{"rendered":"<div id=\"attachment_4253\" style=\"width: 472px\" class=\"wp-caption alignright\"><a href=\"http:\/\/www.campingverneda.com\/blog\/2022\/11\/12\/nuestros-clientes-son-parte-de-nuestra-historia\/verneda-camping_1\/\" rel=\"attachment wp-att-4253\"><img aria-describedby=\"caption-attachment-4253\" decoding=\"async\" loading=\"lazy\" class=\" wp-image-4253\" src=\"http:\/\/www.campingverneda.com\/blog\/wp-content\/uploads\/2022\/11\/verneda-camping_1.jpg\" alt=\"Camping Verneda\" width=\"462\" height=\"312\" srcset=\"https:\/\/www.campingverneda.com\/blog\/wp-content\/uploads\/2022\/11\/verneda-camping_1-200x135.jpg 200w, https:\/\/www.campingverneda.com\/blog\/wp-content\/uploads\/2022\/11\/verneda-camping_1-300x202.jpg 300w, https:\/\/www.campingverneda.com\/blog\/wp-content\/uploads\/2022\/11\/verneda-camping_1-400x269.jpg 400w, https:\/\/www.campingverneda.com\/blog\/wp-content\/uploads\/2022\/11\/verneda-camping_1-600x404.jpg 600w, https:\/\/www.campingverneda.com\/blog\/wp-content\/uploads\/2022\/11\/verneda-camping_1.jpg 711w\" sizes=\"(max-width: 462px) 100vw, 462px\" \/><\/a><p id=\"caption-attachment-4253\" class=\"wp-caption-text\">Camping Verneda en 1993<\/p><\/div>\n<p>\u00bfSab\u00edas que hay mucha, much\u00edsima gente, que nos visita a\u00f1o tras a\u00f1o? \u00bfSab\u00edas que hemos visto crecer m\u00e1s de dos generaciones de distintas familias? Si eres habitual de Verneda Camping Mountain Resort ya sabes de lo que hablamos\u2026<\/p>\n<p><a href=\"https:\/\/www.campingverneda.com\/experiencias\" target=\"_blank\" rel=\"noopener\">Nuestra historia se remonta en 1983<\/a>, cuando Jos\u00e9 Manuel Monge, inicia los preparativos de la finca Verneda para convertirlo en una zona de camping. Tres a\u00f1os despu\u00e9s, en el 1986, se inaugura el Camping Verneda con 125 parcelas y otros servicios como<\/p>\n<p>el bar-restaurante, y la zona de piscina. Poco a poco con el paso de los a\u00f1os, el camping fue creciendo, y Jaume Bov\u00e9s Fajardo y su mujer Araceli son el vivo ejemplo de unos ojos que nos han visto crecer.<\/p>\n<p>Ellos son parte de nuestra historia y se han convertido tambi\u00e9n en parte de nuestra familia. D<strong>esde el 1993 est\u00e1 adorable y fiel pareja veranean a\u00f1o as\u00ed y a\u00f1o tambi\u00e9n con nosotros<\/strong> (y si no veranean nos visitan en otras \u00e9pocas del a\u00f1o). Ellos nos han acompa\u00f1ado en estos \u00faltimos 30 a\u00f1os de nuestra historia. Ellos han vivido esta transformaci\u00f3n que hemos experimentado, nos han visto crecer. Han visto la modificaci\u00f3n de algunos servicios, como las zonas de los ba\u00f1os, el campo de f\u00fatbol, la ampliaci\u00f3n de la piscina, de los parques infantiles, de la ampliaci\u00f3n de todos los servicios, tanto materiales como intangibles, como pueden ser nuestras actividades para peque\u00f1os y mayores.<\/p>\n<div id=\"attachment_4255\" style=\"width: 413px\" class=\"wp-caption alignleft\"><a href=\"http:\/\/www.campingverneda.com\/blog\/2022\/11\/12\/nuestros-clientes-son-parte-de-nuestra-historia\/verneda-camping_3_1\/\" rel=\"attachment wp-att-4255\"><img aria-describedby=\"caption-attachment-4255\" decoding=\"async\" loading=\"lazy\" class=\" wp-image-4255\" src=\"http:\/\/www.campingverneda.com\/blog\/wp-content\/uploads\/2022\/11\/verneda-camping_3_1.jpg\" alt=\"Camping Verneda\" width=\"403\" height=\"256\" srcset=\"https:\/\/www.campingverneda.com\/blog\/wp-content\/uploads\/2022\/11\/verneda-camping_3_1-200x127.jpg 200w, https:\/\/www.campingverneda.com\/blog\/wp-content\/uploads\/2022\/11\/verneda-camping_3_1-300x190.jpg 300w, https:\/\/www.campingverneda.com\/blog\/wp-content\/uploads\/2022\/11\/verneda-camping_3_1-320x202.jpg 320w, https:\/\/www.campingverneda.com\/blog\/wp-content\/uploads\/2022\/11\/verneda-camping_3_1-400x253.jpg 400w, https:\/\/www.campingverneda.com\/blog\/wp-content\/uploads\/2022\/11\/verneda-camping_3_1-600x380.jpg 600w, https:\/\/www.campingverneda.com\/blog\/wp-content\/uploads\/2022\/11\/verneda-camping_3_1.jpg 720w\" sizes=\"(max-width: 403px) 100vw, 403px\" \/><\/a><p id=\"caption-attachment-4255\" class=\"wp-caption-text\">Jame Bov\u00e9s y amigos en el antiguo campo de f\u00fatbol<\/p><\/div>\n<p>Adem\u00e1s ser unos fieles a la #VIDAVerneda, tambi\u00e9n son unos enamorados de la Val d\u2019Aran. Sus vacaciones en este paraje pirenaico, siempre incluyen excursiones a lagos de alta monta\u00f1a, a senderos por descubrir, a nuevos caminos y experiencias. Porque \u201cla Val d\u2019Aran no te la acabas aunque lleves viniendo aqu\u00ed toda la vida\u201d. Ellos son unos visitantes excepcionales de los que nos gustan, de los que son buenos para nuestro entorno. Respetuosos, y apasionados por la monta\u00f1a.<\/p>\n<p>Hace unos d\u00edas nos enviaron estas fotograf\u00edas que muestran el antes y el despu\u00e9s, que muestra la historia, la suya y la nuestra.<\/p>\n<p>Y tan s\u00f3lo podemos darles las gracias, porque nos han hecho emocionar. Nos emociona su fidelidad hacia nosotros, su compromiso y su amor hacia lo que somos, hacia la #VIDAVerneda. \u00a1GRACIAS!<\/p>\n<p>Porque nacimos con la misi\u00f3n de impulsar un nuevo modelo de viajar: <strong>alojamiento alternativo y sostenible con el entorno, donde nuestras mascotas TAMBI\u00c9N son bienvenidas.<\/strong> Y 36 a\u00f1os m\u00e1s tarde, continuamos con el mismo objetivo.<\/p>\n","protected":false},"excerpt":{"rendered":"<p>\u00bfSab\u00edas que hay mucha, much\u00edsima gente, que nos visita a\u00f1o tras a\u00f1o? \u00bfSab\u00edas que hemos visto crecer m\u00e1s de dos generaciones de distintas familias? Si [&hellip;]<\/p>\n","protected":false},"author":1,"featured_media":2378,"comment_status":"open","ping_status":"open","sticky":false,"template":"","format":"standard","meta":[],"categories":[795,1276,69],"tags":[1392,1393,17,1390,47,1391,914,1367,51,1388,498,348,13,63,1020,1389],"_links":{"self":[{"href":"https:\/\/www.campingverneda.com\/blog\/wp-json\/wp\/v2\/posts\/4251"}],"collection":[{"href":"https:\/\/www.campingverneda.com\/blog\/wp-json\/wp\/v2\/posts"}],"about":[{"href":"https:\/\/www.campingverneda.com\/blog\/wp-json\/wp\/v2\/types\/post"}],"author":[{"embeddable":true,"href":"https:\/\/www.campingverneda.com\/blog\/wp-json\/wp\/v2\/users\/1"}],"replies":[{"embeddable":true,"href":"https:\/\/www.campingverneda.com\/blog\/wp-json\/wp\/v2\/comments?post=4251"}],"version-history":[{"count":9,"href":"https:\/\/www.campingverneda.com\/blog\/wp-json\/wp\/v2\/posts\/4251\/revisions"}],"predecessor-version":[{"id":4264,"href":"https:\/\/www.campingverneda.com\/blog\/wp-json\/wp\/v2\/posts\/4251\/revisions\/4264"}],"wp:featuredmedia":[{"embeddable":true,"href":"https:\/\/www.campingverneda.com\/blog\/wp-json\/wp\/v2\/media\/2378"}],"wp:attachment":[{"href":"https:\/\/www.campingverneda.com\/blog\/wp-json\/wp\/v2\/media?parent=4251"}],"wp:term":[{"taxonomy":"category","embeddable":true,"href":"https:\/\/www.campingverneda.com\/blog\/wp-json\/wp\/v2\/categories?post=4251"},{"taxonomy":"post_tag","embeddable":true,"href":"https:\/\/www.campingverneda.com\/blog\/wp-json\/wp\/v2\/tags?post=4251"}],"curies":[{"name":"wp","href":"https:\/\/api.w.org\/{rel}","templated":true}]}}