{"id":3996,"date":"2022-03-01T11:21:41","date_gmt":"2022-03-01T11:21:41","guid":{"rendered":"http:\/\/www.campingverneda.com\/blog\/?p=3996"},"modified":"2024-09-16T13:31:34","modified_gmt":"2024-09-16T13:31:34","slug":"invierno-en-la-val-daran","status":"publish","type":"post","link":"https:\/\/www.campingverneda.com\/blog\/2022\/03\/01\/invierno-en-la-val-daran\/","title":{"rendered":"9 razones para disfrutar del invierno"},"content":{"rendered":"<div id=\"attachment_3997\" style=\"width: 367px\" class=\"wp-caption alignright\"><a href=\"http:\/\/www.campingverneda.com\/blog\/2022\/03\/01\/invierno-en-la-val-daran\/camping-verneda-bungalows-baqueira\/\" rel=\"attachment wp-att-3997\"><img aria-describedby=\"caption-attachment-3997\" decoding=\"async\" loading=\"lazy\" class=\" wp-image-3997\" src=\"http:\/\/www.campingverneda.com\/blog\/wp-content\/uploads\/2022\/03\/camping-verneda-bungalows-baqueira.jpg\" alt=\"Bungalows de madera para vivir un invierno en la Val d'Aran\" width=\"357\" height=\"535\" srcset=\"https:\/\/www.campingverneda.com\/blog\/wp-content\/uploads\/2022\/03\/camping-verneda-bungalows-baqueira-200x300.jpg 200w, https:\/\/www.campingverneda.com\/blog\/wp-content\/uploads\/2022\/03\/camping-verneda-bungalows-baqueira-400x599.jpg 400w, https:\/\/www.campingverneda.com\/blog\/wp-content\/uploads\/2022\/03\/camping-verneda-bungalows-baqueira.jpg 600w\" sizes=\"(max-width: 357px) 100vw, 357px\" \/><\/a><p id=\"caption-attachment-3997\" class=\"wp-caption-text\">Vacaciones slow en nuestros bungalows \u00a1Y siempre con tu perro!<\/p><\/div>\n<p>Una de las cl\u00e1sicas preguntas en una primera cita es si somos m\u00e1s de verano o de invierno. La verdad es que a nosotros nos gusta todo. Cada temporada tienes sus cosas bonitas y aqu\u00ed os vamos a presentar nuestras<strong> razones por las que nos gusta el invierno en Verneda Camping Mountain Resort<\/strong>.<\/p>\n<p>1- <strong>Despertarse bajo el edred\u00f3n y sin despertador<\/strong>, abrir los ojos y quedarse unos minutos m\u00e1s viendo c\u00f3mo caen los copos de nieve sobre las ventanas de nuestras Bordetas Luxe.<\/p>\n<p>2- Desayunar t\u00e9 o caf\u00e9 calentito, o chocolate para los y las m\u00e1s golosos.<strong> Agarrar la taza con las dos manos para calentarlas y llevar los calcetines hasta la rodilla<\/strong>.<\/p>\n<p>3- <strong>Sacar al perro<\/strong> al pasear y lanzarle bolas de nieve para que las coja al vuelo, uno de sus juegos favoritos y que \u00fanicamente puedes disfrutarlo en invierno. Y si no hay nieve, d\u00e9jale explorar el Camin Reiau. \u00a1Pura<strong> libertad perruna<\/strong>!<\/p>\n<p>4- <strong>Gozar con los deportes de invierno<\/strong>. Si eres de esquiar o snowboard, en <a href=\"https:\/\/www.campingverneda.com\/invierno\" target=\"_blank\" rel=\"noopener\">Baqueira Beret<\/a> vas a tener un mont\u00f3n de pistas de todos los colores para lanzarte a practicar tus deportes favoritos. Y si por el contrario no eres de esquiar, tienes un sinf\u00edn de actividades para realizar como tirarse en trineo, hacer una exvursi\u00f3n con o sin raquetas y mucho m\u00e1s. <a href=\"https:\/\/www.campingverneda.com\/blog\/2022\/02\/08\/vive-la-nieve-en-la-val-daran-a-tu-manera\/\" target=\"_blank\" rel=\"noopener\">Desc\u00fabrelas en nuestra anterior entrada del blog<\/a>.<\/p>\n<p>5- <strong>Comer olha aranesa<\/strong> u otros platos de cocido. <strong>Manjares cocinados a fuego lento<\/strong> y de cuchara que se saborean mejor cuando entramos con el cuerpo fresco de la temperatura exterior.<\/p>\n<p>6- <strong>Las siestas de sof\u00e1 y mantita junto a la chimenea<\/strong> o, en nuestro caso, la estufa de pellet. \u00a1Pura vida invernal!<\/p>\n<p>7- <strong>Los vinos tintos y las cervezas stout para pasar la tarde<\/strong>, que calientan cuerpo y alma, y nos encienden una sonrisa asegurada.<\/p>\n<p>8- <strong>La calma de las noches de invierno<\/strong>, con las estrellas a todo color y el vaho que se nos escapa en cada palabra de vuelta a casa.<\/p>\n<p>9- <strong>Dormir en modo cucharita<\/strong>. Uno de esos placeres que en verano preferimos no practicar si queremos dormir del tir\u00f3n y toda la noche.<\/p>\n<p>Estos son s\u00f3lo algunos de los motivos por los que fascina el invierno en la Val d\u2019Aran, \u00bfpor qu\u00e9 te gusta a ti el invierno? Cu\u00e9ntanoslo en <a href=\"https:\/\/www.instagram.com\/vida_verneda\/\" target=\"_blank\" rel=\"noopener\">Instagram,<\/a> <a href=\"https:\/\/www.facebook.com\/VernedaCampingMountainResort\/\" target=\"_blank\" rel=\"noopener\">Facebook<\/a> y <a href=\"https:\/\/twitter.com\/VIDAVerneda\" target=\"_blank\" rel=\"noopener\">Twitter<\/a>. \u00a1Te leemos!<\/p>\n","protected":false},"excerpt":{"rendered":"<p>Una de las cl\u00e1sicas preguntas en una primera cita es si somos m\u00e1s de verano o de invierno. La verdad es que a nosotros nos [&hellip;]<\/p>\n","protected":false},"author":1,"featured_media":3998,"comment_status":"open","ping_status":"open","sticky":false,"template":"","format":"standard","meta":[],"categories":[70,98,72],"tags":[15,48,1298,1151,1297,856,750,546,1289,1296,1290,818],"_links":{"self":[{"href":"https:\/\/www.campingverneda.com\/blog\/wp-json\/wp\/v2\/posts\/3996"}],"collection":[{"href":"https:\/\/www.campingverneda.com\/blog\/wp-json\/wp\/v2\/posts"}],"about":[{"href":"https:\/\/www.campingverneda.com\/blog\/wp-json\/wp\/v2\/types\/post"}],"author":[{"embeddable":true,"href":"https:\/\/www.campingverneda.com\/blog\/wp-json\/wp\/v2\/users\/1"}],"replies":[{"embeddable":true,"href":"https:\/\/www.campingverneda.com\/blog\/wp-json\/wp\/v2\/comments?post=3996"}],"version-history":[{"count":4,"href":"https:\/\/www.campingverneda.com\/blog\/wp-json\/wp\/v2\/posts\/3996\/revisions"}],"predecessor-version":[{"id":4002,"href":"https:\/\/www.campingverneda.com\/blog\/wp-json\/wp\/v2\/posts\/3996\/revisions\/4002"}],"wp:featuredmedia":[{"embeddable":true,"href":"https:\/\/www.campingverneda.com\/blog\/wp-json\/wp\/v2\/media\/3998"}],"wp:attachment":[{"href":"https:\/\/www.campingverneda.com\/blog\/wp-json\/wp\/v2\/media?parent=3996"}],"wp:term":[{"taxonomy":"category","embeddable":true,"href":"https:\/\/www.campingverneda.com\/blog\/wp-json\/wp\/v2\/categories?post=3996"},{"taxonomy":"post_tag","embeddable":true,"href":"https:\/\/www.campingverneda.com\/blog\/wp-json\/wp\/v2\/tags?post=3996"}],"curies":[{"name":"wp","href":"https:\/\/api.w.org\/{rel}","templated":true}]}}