{"id":3643,"date":"2021-04-19T14:41:47","date_gmt":"2021-04-19T14:41:47","guid":{"rendered":"http:\/\/www.campingverneda.com\/blog\/?p=3643"},"modified":"2024-09-16T13:48:49","modified_gmt":"2024-09-16T13:48:49","slug":"reserva-directa-verneda-camping-mountain-resort","status":"publish","type":"post","link":"https:\/\/www.campingverneda.com\/blog\/2021\/04\/19\/reserva-directa-verneda-camping-mountain-resort\/","title":{"rendered":"Beneficios de reservar directamente con nosotros"},"content":{"rendered":"<p>\u00bfPlanificando tus vacaciones de verano? \u00bfTienes ganas de escapar de la ciudad y sentir la Naturaleza de la Val d\u2019Aran bajo tus pies? Si la respuesta es s\u00ed, en Verneda Camping Mountain Resort te ofrecemos todo lo necesario para unas vacaciones en plena Naturaleza.<\/p>\n<p>Si est\u00e1s acostumbrado\/a a viajar y realizar reservas de \u00faltima hora, puede parecer que hacerlo a trav\u00e9s de plataformas o portales es la mejor opci\u00f3n, pero no es as\u00ed. Realizando la reserva directamente a trav\u00e9s de nuestro establecimiento obtendr\u00e1s <a href=\"https:\/\/thelisresa.webcamp.fr\/?camping=verneda&amp;lang=es&amp;PHPSESSID=8njc4of2tdp6esg4jnsc0br8gt\" target=\"_blank\" rel=\"noopener\">mejores garant\u00edas<\/a> y un trato m\u00e1s cercano.<\/p>\n<div id=\"attachment_3644\" style=\"width: 542px\" class=\"wp-caption alignleft\"><a href=\"http:\/\/www.campingverneda.com\/blog\/2021\/04\/19\/reserva-directa-verneda-camping-mountain-resort\/servicios-recepcion-verneda-camping-mountain-resort\/\" rel=\"attachment wp-att-3644\"><img aria-describedby=\"caption-attachment-3644\" decoding=\"async\" loading=\"lazy\" class=\"wp-image-3644\" src=\"http:\/\/www.campingverneda.com\/blog\/wp-content\/uploads\/2021\/04\/servicios-recepcion-verneda-camping-mountain-resort.jpg\" alt=\"recepeci\u00f3n en nuestro mountain resort\" width=\"532\" height=\"354\" \/><\/a><p id=\"caption-attachment-3644\" class=\"wp-caption-text\">Trato cercano y familiar en Verneda Camping Mountain Resort<\/p><\/div>\n<ul>\n<li><strong>Estancias a medida<\/strong>. La ventaja principal de organizar tus vacaciones reservando directamente desde<a href=\"https:\/\/www.campingverneda.com\/home\" target=\"_blank\" rel=\"noopener\"> nuestra p\u00e1gina web<\/a> o por tel\u00e9fono, es que te podemos ayudar a preparar una estancia a la medida de tus necesidades. Podr\u00e1s indicar tus preferencias, qu\u00e9 vistas te gustan m\u00e1s para despertarte, \u00bfr\u00edo o monta\u00f1a?\u2026 Adem\u00e1s de poder destacar cualquier punto imprescindible para disfrutar de tus vacaciones, c\u00f3mo pueden ser necesidades espec\u00edficas por movilidad reducida. Y si decides quedarte m\u00e1s d\u00edas te lo ponemos f\u00e1cil. Tan s\u00f3lo tienes que consultarnos y nos adaptaremos a tu agenda.<\/li>\n<li><strong>Promociones especiales y mejor precio garantizado<\/strong>. S\u00f3lo en nuestra p\u00e1gina web encontrar\u00e1s el mejor precio y promociones especiales que no est\u00e1n disponibles en ning\u00fan otro portal web ni agencia de viajes.<\/li>\n<li><strong>Garant\u00eda de calidad y buen trato en el servicio<\/strong>. Reservando directamente en nuestra web o por tel\u00e9fono, est\u00e1s apostando por un establecimiento que garantiza los est\u00e1ndares de calidad, servicio y atenci\u00f3n al cliente mediante sistemas de certificaci\u00f3n homologados y distintivos de calidad nacional e internacional.<\/li>\n<li><strong>Atenci\u00f3n personalizada<\/strong>. Es posible que tengas algunas preguntas y dudas que necesitan ser contestadas para poder planificar tu viaje. Y nosotros seremos tu oficina de informaci\u00f3n de turismo. No hay nada mejor que el consejo de un local de la zona.<\/li>\n<li><strong>Gesti\u00f3n directa de incidencias<\/strong>. A lo largo del viaje, o incluso los d\u00edas antes, pueden ocurrir incidencias o problemas de \u00faltima hora inesperados que obliguen a los usuarios a modificar la estancia. En este caso, desde Verneda Camping Mountain Resort nos comprometemos a ser flexibles.<\/li>\n<\/ul>\n<p>Si necesitas m\u00e1s informaci\u00f3n, puedes consultar nuestra web www.campingverneda.com, enviarnos un email a<a href=\"mailto:info@campingverneda.com\"> info@campingverneda.com<\/a> o bien llam\u00e1ndonos al (+34) 973 641 024.<\/p>\n","protected":false},"excerpt":{"rendered":"<p>\u00bfPlanificando tus vacaciones de verano? \u00bfTienes ganas de escapar de la ciudad y sentir la Naturaleza de la Val d\u2019Aran bajo tus pies? Si la [&hellip;]<\/p>\n","protected":false},"author":1,"featured_media":2415,"comment_status":"open","ping_status":"open","sticky":false,"template":"","format":"standard","meta":[],"categories":[795,69],"tags":[713,1200,1199,849,818],"_links":{"self":[{"href":"https:\/\/www.campingverneda.com\/blog\/wp-json\/wp\/v2\/posts\/3643"}],"collection":[{"href":"https:\/\/www.campingverneda.com\/blog\/wp-json\/wp\/v2\/posts"}],"about":[{"href":"https:\/\/www.campingverneda.com\/blog\/wp-json\/wp\/v2\/types\/post"}],"author":[{"embeddable":true,"href":"https:\/\/www.campingverneda.com\/blog\/wp-json\/wp\/v2\/users\/1"}],"replies":[{"embeddable":true,"href":"https:\/\/www.campingverneda.com\/blog\/wp-json\/wp\/v2\/comments?post=3643"}],"version-history":[{"count":8,"href":"https:\/\/www.campingverneda.com\/blog\/wp-json\/wp\/v2\/posts\/3643\/revisions"}],"predecessor-version":[{"id":3652,"href":"https:\/\/www.campingverneda.com\/blog\/wp-json\/wp\/v2\/posts\/3643\/revisions\/3652"}],"wp:featuredmedia":[{"embeddable":true,"href":"https:\/\/www.campingverneda.com\/blog\/wp-json\/wp\/v2\/media\/2415"}],"wp:attachment":[{"href":"https:\/\/www.campingverneda.com\/blog\/wp-json\/wp\/v2\/media?parent=3643"}],"wp:term":[{"taxonomy":"category","embeddable":true,"href":"https:\/\/www.campingverneda.com\/blog\/wp-json\/wp\/v2\/categories?post=3643"},{"taxonomy":"post_tag","embeddable":true,"href":"https:\/\/www.campingverneda.com\/blog\/wp-json\/wp\/v2\/tags?post=3643"}],"curies":[{"name":"wp","href":"https:\/\/api.w.org\/{rel}","templated":true}]}}