{"id":3613,"date":"2021-02-23T11:21:22","date_gmt":"2021-02-23T11:21:22","guid":{"rendered":"http:\/\/www.campingverneda.com\/blog\/?p=3613"},"modified":"2021-04-19T14:49:40","modified_gmt":"2021-04-19T14:49:40","slug":"7-motivos-para-visitar-la-val-daran-en-semana-santa","status":"publish","type":"post","link":"https:\/\/www.campingverneda.com\/blog\/2021\/02\/23\/7-motivos-para-visitar-la-val-daran-en-semana-santa\/","title":{"rendered":"7 motivos para visitar la Val d&#8217;Aran en Semana Santa"},"content":{"rendered":"<p>Aunque todav\u00eda falten varias semanas de esta temporada de invierno completamente excepcional, ya vamos pensando en las pr\u00f3ximas vacaciones de Semana Santa, que sabemos que son el pistoletazo de salida para guardar la ropa t\u00e9rmica y llenar la maleta de muchas ganas de escribir nuevos recuerdos.<\/p>\n<p>As\u00ed que, por si os queda alguna duda sobre qu\u00e9 hacer esos d\u00edas libres, aqu\u00ed os dejamos los motivos para visitarnos en la Val d\u2019Aran en Semana Santa:<\/p>\n<div id=\"attachment_3615\" style=\"width: 443px\" class=\"wp-caption alignright\"><a href=\"http:\/\/www.campingverneda.com\/blog\/2021\/02\/23\/7-motivos-para-visitar-la-val-daran-en-semana-santa\/olympus-digital-camera-22\/\" rel=\"attachment wp-att-3615\"><img aria-describedby=\"caption-attachment-3615\" decoding=\"async\" loading=\"lazy\" class=\" wp-image-3615\" src=\"http:\/\/www.campingverneda.com\/blog\/wp-content\/uploads\/2021\/02\/verneda_mountain_resort_bungalows_vieha.jpg\" alt=\"vacaciones seguras en Verneda Camping Mountain Resort\" width=\"433\" height=\"475\" srcset=\"https:\/\/www.campingverneda.com\/blog\/wp-content\/uploads\/2021\/02\/verneda_mountain_resort_bungalows_vieha-200x219.jpg 200w, https:\/\/www.campingverneda.com\/blog\/wp-content\/uploads\/2021\/02\/verneda_mountain_resort_bungalows_vieha-274x300.jpg 274w, https:\/\/www.campingverneda.com\/blog\/wp-content\/uploads\/2021\/02\/verneda_mountain_resort_bungalows_vieha-400x439.jpg 400w, https:\/\/www.campingverneda.com\/blog\/wp-content\/uploads\/2021\/02\/verneda_mountain_resort_bungalows_vieha-600x658.jpg 600w, https:\/\/www.campingverneda.com\/blog\/wp-content\/uploads\/2021\/02\/verneda_mountain_resort_bungalows_vieha-768x842.jpg 768w, https:\/\/www.campingverneda.com\/blog\/wp-content\/uploads\/2021\/02\/verneda_mountain_resort_bungalows_vieha-800x877.jpg 800w, https:\/\/www.campingverneda.com\/blog\/wp-content\/uploads\/2021\/02\/verneda_mountain_resort_bungalows_vieha-934x1024.jpg 934w, https:\/\/www.campingverneda.com\/blog\/wp-content\/uploads\/2021\/02\/verneda_mountain_resort_bungalows_vieha.jpg 1200w\" sizes=\"(max-width: 433px) 100vw, 433px\" \/><\/a><p id=\"caption-attachment-3615\" class=\"wp-caption-text\">Familias activas en Verneda Camping Mountain Resort<\/p><\/div>\n<ol>\n<li>Nuestras monta\u00f1as de la Val d\u2019Aran tienen espacio suficiente para sentirnos libres, y pasear sin tener que esquivar a cientos de personas.<\/li>\n<li>Mientras paseamos,<strong> los y las peques de casa pueden poner en pr\u00e1ctica lo aprendido en el cole<\/strong>, desde las clases de Sociales a la de Biolog\u00eda, dependiendo del curso, y reconocer as\u00ed los distintos tipos de plantas, \u00e1rboles, madrigueras\u2026<\/li>\n<li>En Semana Santa es una temporada preciosa para <strong>salir todos en bici<\/strong> a dar un paseo. Adem\u00e1s, si no sois muy de pedalear largas distancias, siempre pod\u00e9is venir hasta este lado de los Pirineos ligeros de equipaje y alquilar una bici el\u00e9ctrica en Copos Bike.<\/li>\n<li><strong>Gozar del silencio<\/strong> y apreciar los sonidos naturales de los bosques e, incluso, de la cascadas, como la de <a href=\"https:\/\/www.instagram.com\/p\/CKoFUclgB1o\/\" target=\"_blank\" rel=\"noopener\">Saut del Pish<\/a>. Todo un espect\u00e1culo para los cinco sentidos.<\/li>\n<li>Pod\u00e9is<strong> alojaros en Verneda Camping Mountain Resort<a href=\"https:\/\/www.instagram.com\/p\/CLWXhVHHGbb\/\" target=\"_blank\" rel=\"noopener\"> con vuestras mascotas<\/a><\/strong>, as\u00ed nadie se queda en casa, y todos disfrut\u00e1is en familia de nuestro valle de valles.<\/li>\n<li>Nada apetece m\u00e1s que una<strong> degustaci\u00f3n gastron\u00f3mica de los platos araneses<\/strong> m\u00e1s populares, siempre cocinados a fuego lento.<\/li>\n<li><a href=\"https:\/\/www.campingverneda.com\/bungalows\" target=\"_blank\" rel=\"noopener\">Dormir en una<\/a><strong> caba\u00f1a de madera calentita viendo las estrellas,<\/strong> contando historias sobre las constelaciones, o invent\u00e1ndolas para que se recreen en ellas los y las peques de casa.<\/li>\n<\/ol>\n<p>&nbsp;<\/p>\n<p>\u00bfQuieres m\u00e1s? Ven y vive la #VIDAVerneda<\/p>\n","protected":false},"excerpt":{"rendered":"<p>Aunque todav\u00eda falten varias semanas de esta temporada de invierno completamente excepcional, ya vamos pensando en las pr\u00f3ximas vacaciones de Semana Santa, que sabemos que [&hellip;]<\/p>\n","protected":false},"author":1,"featured_media":3614,"comment_status":"open","ping_status":"open","sticky":false,"template":"","format":"standard","meta":[],"categories":[70,72],"tags":[1129,1192,856,1193,913,1191,923,818,1190],"_links":{"self":[{"href":"https:\/\/www.campingverneda.com\/blog\/wp-json\/wp\/v2\/posts\/3613"}],"collection":[{"href":"https:\/\/www.campingverneda.com\/blog\/wp-json\/wp\/v2\/posts"}],"about":[{"href":"https:\/\/www.campingverneda.com\/blog\/wp-json\/wp\/v2\/types\/post"}],"author":[{"embeddable":true,"href":"https:\/\/www.campingverneda.com\/blog\/wp-json\/wp\/v2\/users\/1"}],"replies":[{"embeddable":true,"href":"https:\/\/www.campingverneda.com\/blog\/wp-json\/wp\/v2\/comments?post=3613"}],"version-history":[{"count":5,"href":"https:\/\/www.campingverneda.com\/blog\/wp-json\/wp\/v2\/posts\/3613\/revisions"}],"predecessor-version":[{"id":3620,"href":"https:\/\/www.campingverneda.com\/blog\/wp-json\/wp\/v2\/posts\/3613\/revisions\/3620"}],"wp:featuredmedia":[{"embeddable":true,"href":"https:\/\/www.campingverneda.com\/blog\/wp-json\/wp\/v2\/media\/3614"}],"wp:attachment":[{"href":"https:\/\/www.campingverneda.com\/blog\/wp-json\/wp\/v2\/media?parent=3613"}],"wp:term":[{"taxonomy":"category","embeddable":true,"href":"https:\/\/www.campingverneda.com\/blog\/wp-json\/wp\/v2\/categories?post=3613"},{"taxonomy":"post_tag","embeddable":true,"href":"https:\/\/www.campingverneda.com\/blog\/wp-json\/wp\/v2\/tags?post=3613"}],"curies":[{"name":"wp","href":"https:\/\/api.w.org\/{rel}","templated":true}]}}