{"id":3578,"date":"2020-11-27T12:25:08","date_gmt":"2020-11-27T12:25:08","guid":{"rendered":"http:\/\/www.campingverneda.com\/blog\/?p=3578"},"modified":"2020-12-10T13:00:08","modified_gmt":"2020-12-10T13:00:08","slug":"destino-natural-para-toda-la-familia","status":"publish","type":"post","link":"https:\/\/www.campingverneda.com\/blog\/2020\/11\/27\/destino-natural-para-toda-la-familia\/","title":{"rendered":"Destino natural para toda la familia"},"content":{"rendered":"<p>Ahora m\u00e1s que nunca lo que queremos es espacio, sensaci\u00f3n de libertad, horizontes naturales. Por eso para este puente de la Pur\u00edsima <strong>te invitamos a visitarnos al Valle de Ar\u00e1n, nuestro rinc\u00f3n en los Pirineos.<\/strong><\/p>\n<div id=\"attachment_3580\" style=\"width: 399px\" class=\"wp-caption alignright\"><a href=\"http:\/\/www.campingverneda.com\/blog\/2020\/11\/27\/destino-natural-para-toda-la-familia\/verneda-val-daran\/\" rel=\"attachment wp-att-3580\"><img aria-describedby=\"caption-attachment-3580\" decoding=\"async\" loading=\"lazy\" class=\" wp-image-3580\" src=\"http:\/\/www.campingverneda.com\/blog\/wp-content\/uploads\/2020\/11\/verneda-val-daran.png\" alt=\"Val d'Aran destino natural\" width=\"389\" height=\"484\" srcset=\"https:\/\/www.campingverneda.com\/blog\/wp-content\/uploads\/2020\/11\/verneda-val-daran-200x249.png 200w, https:\/\/www.campingverneda.com\/blog\/wp-content\/uploads\/2020\/11\/verneda-val-daran-241x300.png 241w, https:\/\/www.campingverneda.com\/blog\/wp-content\/uploads\/2020\/11\/verneda-val-daran-400x498.png 400w, https:\/\/www.campingverneda.com\/blog\/wp-content\/uploads\/2020\/11\/verneda-val-daran-600x747.png 600w, https:\/\/www.campingverneda.com\/blog\/wp-content\/uploads\/2020\/11\/verneda-val-daran-768x957.png 768w, https:\/\/www.campingverneda.com\/blog\/wp-content\/uploads\/2020\/11\/verneda-val-daran-800x996.png 800w, https:\/\/www.campingverneda.com\/blog\/wp-content\/uploads\/2020\/11\/verneda-val-daran-822x1024.png 822w, https:\/\/www.campingverneda.com\/blog\/wp-content\/uploads\/2020\/11\/verneda-val-daran.png 994w\" sizes=\"(max-width: 389px) 100vw, 389px\" \/><\/a><p id=\"caption-attachment-3580\" class=\"wp-caption-text\">En la Val d&#8217;Aran seguimos cultivando la tierra<\/p><\/div>\n<p>La Val d\u2019Aran es un territorio \u00fanico y singular. Nuestra riqueza paisaj\u00edstica y nuestra geograf\u00eda es distinta al resto de valles del Pirineo, como tambi\u00e9n lo son nuestra cultura y nuestras costumbres. En este valle tan nuestro hemos visto el paso de los a\u00f1os sabiendo mantener nuestras tradiciones y culturas generaci\u00f3n tras generaci\u00f3n, algo que nos enorgullece mucho. Somos un territorio que sigue cuidando la tierra, cultiv\u00e1ndola casi igual que lo hac\u00edan los abuelos de nuestros abuelos y abuelas.<\/p>\n<p>Aunque la ganader\u00eda ha pasado a un segundo plano en los \u00faltimos a\u00f1os, vemos un crecimiento exponencial de j\u00f3venes que quieren volver a recuperar las costumbres, aplicando nuevos conocimientos, pero<strong> manteniendo viva la esencia de nuestra cultura<\/strong>.<\/p>\n<p>El <a href=\"https:\/\/www.visitvaldaran.com\/item\/ecomuseu-co-de-joanchiquet-vilamos\/\" target=\"_blank\" rel=\"noopener\">ecomuseo \u00c7\u00f2 de Joanchiquet<\/a> es el mejor lugar para conocer en profundidad c\u00f3mo era la vida de nuestros antepasados araneses, la organizaci\u00f3n social y familiar, e incluso podemos ver una retrospectiva visual de la evoluci\u00f3n del paisaje del Valle de Ar\u00e1n.<\/p>\n<p>Por todo esto y muchas m\u00e1s curiosidades, nuestro territorio es candidato para conseguir su<strong> reconocimiento por parte de la UNESCO como Reserva de la Biosfera<\/strong>. Gracias a este sello, se visualizar\u00eda nuestro territorio a nivel internacional como un destino diferenciado por sus paisajes bien conservados y la apuesta local de trabajar por un desarrollo <strong>sostenible.<\/strong> Toda la informaci\u00f3n <a href=\"https:\/\/www.conselharan.org\/es\/reserva-de-la-biosfera\/\" target=\"_blank\" rel=\"noopener\">aqu\u00ed<\/a>.<\/p>\n<p>Si lo que buscas es un <strong>destino alternativo<\/strong>, la Val d\u2019Aran es tu lugar para este oto\u00f1o, y en Verneda Camping Mountain Resort te esperamos con los bungalows de madera calentitos para toda la familia, tambi\u00e9n para los perretes que aqu\u00ed son s\u00faper bienvenidos.<\/p>\n<ul>\n<li><a href=\"http:\/\/thelisresa.webcamp.fr\/list.php?camping=verneda&amp;track=23112020&amp;type=2&amp;typelocation=2&amp;nb_pers=0&amp;begin=04\/12\/2020&amp;end=08\/12\/2020&amp;duration=4&amp;beginType=0&amp;tolerance=0&amp;lang=es\" target=\"_blank\" rel=\"noopener\">Promoci\u00f3n de 4 noches al precio de tres<\/a><\/li>\n<li><a href=\"http:\/\/thelisresa.webcamp.fr\/list.php?camping=verneda&amp;track=23112020&amp;type=2&amp;typelocation=2&amp;nb_pers=0&amp;begin=05\/12\/2020&amp;end=08\/12\/2020&amp;duration=3&amp;beginType=0&amp;tolerance=0&amp;lang=es\" target=\"_blank\" rel=\"noopener\">15% de descuento para tres noches<\/a><\/li>\n<\/ul>\n","protected":false},"excerpt":{"rendered":"<p>Ahora m\u00e1s que nunca lo que queremos es espacio, sensaci\u00f3n de libertad, horizontes naturales. Por eso para este puente de la Pur\u00edsima te invitamos a [&hellip;]<\/p>\n","protected":false},"author":1,"featured_media":3579,"comment_status":"open","ping_status":"open","sticky":false,"template":"","format":"standard","meta":[],"categories":[72],"tags":[1176,618,1178,50,1170,1179,91,696,1147,1177,1020,818],"_links":{"self":[{"href":"https:\/\/www.campingverneda.com\/blog\/wp-json\/wp\/v2\/posts\/3578"}],"collection":[{"href":"https:\/\/www.campingverneda.com\/blog\/wp-json\/wp\/v2\/posts"}],"about":[{"href":"https:\/\/www.campingverneda.com\/blog\/wp-json\/wp\/v2\/types\/post"}],"author":[{"embeddable":true,"href":"https:\/\/www.campingverneda.com\/blog\/wp-json\/wp\/v2\/users\/1"}],"replies":[{"embeddable":true,"href":"https:\/\/www.campingverneda.com\/blog\/wp-json\/wp\/v2\/comments?post=3578"}],"version-history":[{"count":3,"href":"https:\/\/www.campingverneda.com\/blog\/wp-json\/wp\/v2\/posts\/3578\/revisions"}],"predecessor-version":[{"id":3583,"href":"https:\/\/www.campingverneda.com\/blog\/wp-json\/wp\/v2\/posts\/3578\/revisions\/3583"}],"wp:featuredmedia":[{"embeddable":true,"href":"https:\/\/www.campingverneda.com\/blog\/wp-json\/wp\/v2\/media\/3579"}],"wp:attachment":[{"href":"https:\/\/www.campingverneda.com\/blog\/wp-json\/wp\/v2\/media?parent=3578"}],"wp:term":[{"taxonomy":"category","embeddable":true,"href":"https:\/\/www.campingverneda.com\/blog\/wp-json\/wp\/v2\/categories?post=3578"},{"taxonomy":"post_tag","embeddable":true,"href":"https:\/\/www.campingverneda.com\/blog\/wp-json\/wp\/v2\/tags?post=3578"}],"curies":[{"name":"wp","href":"https:\/\/api.w.org\/{rel}","templated":true}]}}