{"id":3570,"date":"2020-10-23T08:11:04","date_gmt":"2020-10-23T08:11:04","guid":{"rendered":"http:\/\/www.campingverneda.com\/blog\/?p=3570"},"modified":"2020-11-27T12:26:49","modified_gmt":"2020-11-27T12:26:49","slug":"tradiciones-que-perduran-la-castanada-en-la-val-daran","status":"publish","type":"post","link":"https:\/\/www.campingverneda.com\/blog\/2020\/10\/23\/tradiciones-que-perduran-la-castanada-en-la-val-daran\/","title":{"rendered":"Tradiciones que perduran: la Casta\u00f1ada en la Val d\u2019Aran"},"content":{"rendered":"<p class=\"Cuerpo\"><span lang=\"ES-TRAD\">La Val d\u2019Aran es la tierra de los mil colores. El oto\u00f1o ti\u00f1e los paisajes de amarillos, rojos y colores ocres, los animales comienzan a bajar de la monta\u00f1a y los bosques son el mejor lugar para perderse y encontrarse con uno mismo.<\/span><\/p>\n<p class=\"Cuerpo\"><span lang=\"ES-TRAD\">Durante los \u00faltimos meses, desde el Conselh Generau d\u2019Aran, el m\u00e1ximo \u00f3rgano institucional de la Val d\u2019Aran, han lanzado varias <\/span><strong><span class=\"Ninguno\"><span lang=\"ES-TRAD\">propuestas de actividades<\/span><\/span><\/strong><span lang=\"ES-TRAD\"> con el objetivo de <\/span><strong><span class=\"Ninguno\"><span lang=\"ES-TRAD\">acercar nuestra tierra, nuestras costumbres y nuestra cultura<\/span><\/span><\/strong><span lang=\"ES-TRAD\"> a aquellos que nos visitan.<\/span><\/p>\n<p class=\"Cuerpo\"><span lang=\"ES-TRAD\">\u00a0<\/span><span lang=\"ES-TRAD\">\u00bf<\/span><span lang=\"PT\">Os acord<\/span><span lang=\"ES-TRAD\">\u00e1is cuando a finales de octubre s\u00f3<\/span><span lang=\"PT\">lo de rend<\/span><span lang=\"ES-TRAD\">\u00eda culto a los difuntos y nadie se disfrazaba? La tradici\u00f3n americana de Halloween, hace a\u00f1os que parece que se ha instaurado en nuestra cultura, pero no olvidemos que no forma parte de la nuestra propia.<\/span><\/p>\n<div id=\"attachment_3571\" style=\"width: 453px\" class=\"wp-caption alignright\"><a href=\"http:\/\/www.campingverneda.com\/blog\/2020\/10\/23\/tradiciones-que-perduran-la-castanada-en-la-val-daran\/verneda-mountain-resort-valdaran\/\" rel=\"attachment wp-att-3571\"><img aria-describedby=\"caption-attachment-3571\" decoding=\"async\" loading=\"lazy\" class=\" wp-image-3571\" src=\"http:\/\/www.campingverneda.com\/blog\/wp-content\/uploads\/2020\/10\/verneda-mountain-resort-valdaran.png\" alt=\"actividades de oto\u00f1o en la val d'aran\" width=\"443\" height=\"484\" srcset=\"https:\/\/www.campingverneda.com\/blog\/wp-content\/uploads\/2020\/10\/verneda-mountain-resort-valdaran-200x219.png 200w, https:\/\/www.campingverneda.com\/blog\/wp-content\/uploads\/2020\/10\/verneda-mountain-resort-valdaran-274x300.png 274w, https:\/\/www.campingverneda.com\/blog\/wp-content\/uploads\/2020\/10\/verneda-mountain-resort-valdaran-400x438.png 400w, https:\/\/www.campingverneda.com\/blog\/wp-content\/uploads\/2020\/10\/verneda-mountain-resort-valdaran-600x656.png 600w, https:\/\/www.campingverneda.com\/blog\/wp-content\/uploads\/2020\/10\/verneda-mountain-resort-valdaran-768x840.png 768w, https:\/\/www.campingverneda.com\/blog\/wp-content\/uploads\/2020\/10\/verneda-mountain-resort-valdaran-800x875.png 800w, https:\/\/www.campingverneda.com\/blog\/wp-content\/uploads\/2020\/10\/verneda-mountain-resort-valdaran-936x1024.png 936w, https:\/\/www.campingverneda.com\/blog\/wp-content\/uploads\/2020\/10\/verneda-mountain-resort-valdaran.png 1056w\" sizes=\"(max-width: 443px) 100vw, 443px\" \/><\/a><p id=\"caption-attachment-3571\" class=\"wp-caption-text\">Bosque de Carlac. Fuente: Turisme Val d&#8217;Aran<\/p><\/div>\n<p class=\"Cuerpo\"><span lang=\"ES-TRAD\">Ya sab\u00e9is, que desde <\/span><span class=\"Hyperlink0\"><span lang=\"ES-TRAD\"><a href=\"https:\/\/www.instagram.com\/vida_verneda\/\" target=\"_blank\" rel=\"noopener\">#VIDAVerneda <\/a><\/span><\/span><span lang=\"ES-TRAD\">nos gusta celebrar las tradiciones, y como buenos araneses, <\/span><span class=\"Ninguno\"><span lang=\"ES-TRAD\">la Casta\u00f1ada<\/span><\/span><span lang=\"ES-TRAD\"> es uno de ellos. El olor de las casta\u00f1as y los boniatos asados, es el olor del oto\u00f1o, que significa tiempo de estar en casa y disfrutar de momentos compartidos con nuestros seres m\u00e1s queridos. <\/span><span lang=\"ES-TRAD\">Por eso, para la pr\u00f3xima semana, adem\u00e1s de animaros a seguir con esta tradici\u00f3n de nuestra tierra, os animamos a <\/span><span class=\"Ninguno\"><span lang=\"ES-TRAD\">venir a disfrutar de las actividades <\/span><\/span><span lang=\"ES-TRAD\">que se realizan en la Val d\u2019Aran para estas fechas tan se\u00f1aladas.<\/span><\/p>\n<ul>\n<li class=\"Cuerpo\"><span lang=\"ES-TRAD\">Visita el <\/span><span class=\"Hyperlink0\"><span lang=\"ES-TRAD\"><a href=\"https:\/\/www.visitvaldaran.com\/item\/ecomuseu-co-de-joanchiquet-vilamos\/\" target=\"_blank\" rel=\"noopener\">Ecomus\u00e8u \u00c7\u00f2 de Joanchiquet<\/a><\/span><\/span><span lang=\"ES-TRAD\">. En este museo etnol\u00f3gico que se encuentra en el pueblo de Vilamos podr\u00e9is descubrir c\u00f3mo se viv\u00eda antes en la Val d\u2019Aran, conocer su historia y otras curiosidades de nuestro territorio. Las visitas est\u00e1n programadas para los d\u00edas, 24, 25 y 31 de octubre.<\/span><\/li>\n<li class=\"Cuerpo\"><span lang=\"ES-TRAD\">Los<\/span><strong><span class=\"Ninguno\"><span lang=\"ES-TRAD\"> ba\u00f1os de bosque <\/span><\/span><\/strong><span lang=\"ES-TRAD\">o Shinrin Yoku es una pr\u00e1ctica espiritual con grandes beneficios para la salud que consiste en <\/span><strong><span class=\"Ninguno\"><span lang=\"ES-TRAD\">pasar tiempo en el bosque, con el objetivo de mejorar la salud, el bienestar y la felicidad<\/span><\/span><\/strong><span lang=\"ES-TRAD\">. Carlac y Conangles son los bosques escogidos para realizar esta pr\u00e1ctica que tanto se ha puesto de moda en los \u00faltimos a\u00f1os. Esta actividad est\u00e1 programada para los d\u00edas 24, 25 y 31 de octubre en horario de 9h a 13h.<\/span><\/li>\n<li class=\"Cuerpo\"><span lang=\"ES-TRAD\">Visitar Aran Park, el <\/span><span class=\"Hyperlink0\"><span lang=\"ES-TRAD\"><a href=\"http:\/\/www.aran-park.es\/\" target=\"_blank\" rel=\"noopener\">parque de fauna de animales salvajes<\/a><\/span><\/span><span lang=\"ES-TRAD\"> en semilibertad es la mejor opci\u00f3n para disfrutar de una ma\u00f1ana en familia descubriendo la fauna de la Val d\u2019Aran. Visitas programadas tambi\u00e9n los d\u00edas 24, 25 y 31 de octubre.<\/span><\/li>\n<li class=\"Cuerpo\"><span lang=\"ES-TRAD\">Y para los m\u00e1s atrevidos, desde turismo Val d\u2019Aran tambi\u00e9n realizan una ruta en BTT guiada de la mano de nuestros amigos de <\/span><span class=\"Hyperlink0\"><span lang=\"ES-TRAD\"><a href=\"https:\/\/www.eraroda.com\/\" target=\"_blank\" rel=\"noopener\">Era Roda<\/a><\/span><\/span><span lang=\"ES-TRAD\">, donde podr\u00e1s redescubrir este lugar del Pirineo sobre ruedas.<\/span><\/li>\n<\/ul>\n<p class=\"Cuerpo\"><span lang=\"ES-TRAD\">\u00bfSuena bien verdad? \u00a1Os esperamos!<\/span><\/p>\n<p class=\"Cuerpo\"><span lang=\"ES-TRAD\">\u00a0<\/span><\/p>\n","protected":false},"excerpt":{"rendered":"<p>La Val d\u2019Aran es la tierra de los mil colores. El oto\u00f1o ti\u00f1e los paisajes de amarillos, rojos y colores ocres, los animales comienzan a [&hellip;]<\/p>\n","protected":false},"author":1,"featured_media":3572,"comment_status":"open","ping_status":"open","sticky":false,"template":"","format":"standard","meta":[],"categories":[71],"tags":[1174,1175,17,611,997,51,1173,696,13,42,818],"_links":{"self":[{"href":"https:\/\/www.campingverneda.com\/blog\/wp-json\/wp\/v2\/posts\/3570"}],"collection":[{"href":"https:\/\/www.campingverneda.com\/blog\/wp-json\/wp\/v2\/posts"}],"about":[{"href":"https:\/\/www.campingverneda.com\/blog\/wp-json\/wp\/v2\/types\/post"}],"author":[{"embeddable":true,"href":"https:\/\/www.campingverneda.com\/blog\/wp-json\/wp\/v2\/users\/1"}],"replies":[{"embeddable":true,"href":"https:\/\/www.campingverneda.com\/blog\/wp-json\/wp\/v2\/comments?post=3570"}],"version-history":[{"count":4,"href":"https:\/\/www.campingverneda.com\/blog\/wp-json\/wp\/v2\/posts\/3570\/revisions"}],"predecessor-version":[{"id":3576,"href":"https:\/\/www.campingverneda.com\/blog\/wp-json\/wp\/v2\/posts\/3570\/revisions\/3576"}],"wp:featuredmedia":[{"embeddable":true,"href":"https:\/\/www.campingverneda.com\/blog\/wp-json\/wp\/v2\/media\/3572"}],"wp:attachment":[{"href":"https:\/\/www.campingverneda.com\/blog\/wp-json\/wp\/v2\/media?parent=3570"}],"wp:term":[{"taxonomy":"category","embeddable":true,"href":"https:\/\/www.campingverneda.com\/blog\/wp-json\/wp\/v2\/categories?post=3570"},{"taxonomy":"post_tag","embeddable":true,"href":"https:\/\/www.campingverneda.com\/blog\/wp-json\/wp\/v2\/tags?post=3570"}],"curies":[{"name":"wp","href":"https:\/\/api.w.org\/{rel}","templated":true}]}}