{"id":3564,"date":"2020-10-21T11:06:10","date_gmt":"2020-10-21T11:06:10","guid":{"rendered":"http:\/\/www.campingverneda.com\/blog\/?p=3564"},"modified":"2021-04-19T14:50:32","modified_gmt":"2021-04-19T14:50:32","slug":"reserva-tu-verano-a-lo-vidaverneda","status":"publish","type":"post","link":"https:\/\/www.campingverneda.com\/blog\/2020\/10\/21\/reserva-tu-verano-a-lo-vidaverneda\/","title":{"rendered":"Reserva tu verano a lo #VIDAVerneda"},"content":{"rendered":"<p>Despu\u00e9s del fin de un verano distinto, en el que muchos de vosotros hab\u00e9is tenido que cambiar de planes a \u00faltima hora, <strong>algunos ya est\u00e1is pensando en las pr\u00f3ximas vacaciones estivales<\/strong>. Por eso, siempre pensando en vosotros, este a\u00f1o nos hemos adelantado un poquito m\u00e1s de lo normal para que comenc\u00e9is a planificar vuestras vacaciones de verano a lo #VIDAVerneda. Organizarlo todo desde ya, es el mejor remedio para luego no ir con prisas y tenerlo todo asegurado y planeado para no tener ning\u00fan tipo de preocupaci\u00f3n y disfrutar las vacaciones al m\u00e1ximo.<\/p>\n<p>Os invitamos a que <a href=\"https:\/\/www.facebook.com\/VernedaCampingMountainResort\/?ref=bookmarks\" target=\"_blank\" rel=\"noopener\">conozc\u00e1is de primera mano el concepto de #VIDAVverneda<\/a>,\u00a0 que<strong> descubr\u00e1is todo lo que la Val d\u2019Aran esconde en verano<\/strong>, una \u00e9poca en la que el paisaje difiere mucho con el de invierno,<strong> se respira tranquilidad<\/strong> y nos permite realizar excursiones para todos los niveles, adem\u00e1s de otros <strong>deportes de aventura<\/strong> como el barranquismo, escalada, r\u00e1fting\u2026<\/p>\n<div id=\"attachment_3565\" style=\"width: 349px\" class=\"wp-caption alignright\"><a href=\"http:\/\/www.campingverneda.com\/blog\/2020\/10\/21\/reserva-tu-verano-a-lo-vidaverneda\/verneda-camping-vielha-bungalow\/\" rel=\"attachment wp-att-3565\"><img aria-describedby=\"caption-attachment-3565\" decoding=\"async\" loading=\"lazy\" class=\" wp-image-3565\" src=\"http:\/\/www.campingverneda.com\/blog\/wp-content\/uploads\/2020\/10\/verneda-camping-vielha-bungalow.jpg\" alt=\"Campings y bungalows en la Val d'Aran en Verneda Camping Mountain Resort\" width=\"339\" height=\"416\" srcset=\"https:\/\/www.campingverneda.com\/blog\/wp-content\/uploads\/2020\/10\/verneda-camping-vielha-bungalow-200x246.jpg 200w, https:\/\/www.campingverneda.com\/blog\/wp-content\/uploads\/2020\/10\/verneda-camping-vielha-bungalow-244x300.jpg 244w, https:\/\/www.campingverneda.com\/blog\/wp-content\/uploads\/2020\/10\/verneda-camping-vielha-bungalow-400x491.jpg 400w, https:\/\/www.campingverneda.com\/blog\/wp-content\/uploads\/2020\/10\/verneda-camping-vielha-bungalow-600x737.jpg 600w, https:\/\/www.campingverneda.com\/blog\/wp-content\/uploads\/2020\/10\/verneda-camping-vielha-bungalow-768x943.jpg 768w, https:\/\/www.campingverneda.com\/blog\/wp-content\/uploads\/2020\/10\/verneda-camping-vielha-bungalow-800x982.jpg 800w, https:\/\/www.campingverneda.com\/blog\/wp-content\/uploads\/2020\/10\/verneda-camping-vielha-bungalow-834x1024.jpg 834w, https:\/\/www.campingverneda.com\/blog\/wp-content\/uploads\/2020\/10\/verneda-camping-vielha-bungalow.jpg 1200w\" sizes=\"(max-width: 339px) 100vw, 339px\" \/><\/a><p id=\"caption-attachment-3565\" class=\"wp-caption-text\">Llegada a nuestros recinto de autocaravanas<\/p><\/div>\n<p><strong>\u00bfPor qu\u00e9 venir a pasar vuestras vacaciones de verano en Verneda Camping Mountain Resort?<\/strong><\/p>\n<ul>\n<li>Por nuestro entorno \u00fanico y singular. La Val d\u2019Aran es el lugar ideal para los que buscan un remanso de paz en plena naturaleza y tambi\u00e9n para aquellos que les gusta hacer deporte al aire libre.<\/li>\n<li>Os garantizamos todas las comodidades y seguridad en nuestros bungalows, en los que estar\u00e9is como en casa, o mejor. Adem\u00e1s cada bungalow cuenta con una terraza y jard\u00edn particular para que hag\u00e1is y deshag\u00e1is a vuestro aire.<\/li>\n<li>Ofrecemos unas parcelas amplias y espaciosas y de c\u00e9sped natural para qu\u00e9 pod\u00e1i<strong>s sentiros libres en medio de un entorno tranquilo<\/strong> y sin igual.<\/li>\n<li>Somos el lugar perfecto para los m\u00e1s peque\u00f1os de la casa. Adem\u00e1s de nuestra piscina climatizada exterior, durante los meses de verano realizamos actividades infantiles en las que el amor por la Naturaleza es nuestro hilo conductor.<\/li>\n<li>Y como no, \u00a1somos un resort tambi\u00e9n para animales! Aqu\u00ed nuestros<strong> amigos peludos disfrutan de plena libertad<\/strong> y tienen mucho much\u00edsimo espacio para recorrer. Siempre respetando la tranquilidad del resto de hu\u00e9spedes.<\/li>\n<\/ul>\n<p>\u00a1No te lo pienses m\u00e1s y organiza tus vacaciones familiares de verano en el Pirineo! Haz<a href=\"https:\/\/thelisresa.webcamp.fr\/?camping=verneda&amp;lang=es&amp;PHPSESSID=b1rmg4epmpegndfjl532m8hggc\" target=\"_blank\" rel=\"noopener\"> click aqu\u00ed<\/a> y comienza a so\u00f1ar<\/p>\n","protected":false},"excerpt":{"rendered":"<p>Despu\u00e9s del fin de un verano distinto, en el que muchos de vosotros hab\u00e9is tenido que cambiar de planes a \u00faltima hora, algunos ya est\u00e1is [&hellip;]<\/p>\n","protected":false},"author":1,"featured_media":3566,"comment_status":"open","ping_status":"open","sticky":false,"template":"","format":"standard","meta":[],"categories":[69],"tags":[1171,1170,698,1172,47,51,713,696,1093,1054,348,424,42,818],"_links":{"self":[{"href":"https:\/\/www.campingverneda.com\/blog\/wp-json\/wp\/v2\/posts\/3564"}],"collection":[{"href":"https:\/\/www.campingverneda.com\/blog\/wp-json\/wp\/v2\/posts"}],"about":[{"href":"https:\/\/www.campingverneda.com\/blog\/wp-json\/wp\/v2\/types\/post"}],"author":[{"embeddable":true,"href":"https:\/\/www.campingverneda.com\/blog\/wp-json\/wp\/v2\/users\/1"}],"replies":[{"embeddable":true,"href":"https:\/\/www.campingverneda.com\/blog\/wp-json\/wp\/v2\/comments?post=3564"}],"version-history":[{"count":3,"href":"https:\/\/www.campingverneda.com\/blog\/wp-json\/wp\/v2\/posts\/3564\/revisions"}],"predecessor-version":[{"id":3569,"href":"https:\/\/www.campingverneda.com\/blog\/wp-json\/wp\/v2\/posts\/3564\/revisions\/3569"}],"wp:featuredmedia":[{"embeddable":true,"href":"https:\/\/www.campingverneda.com\/blog\/wp-json\/wp\/v2\/media\/3566"}],"wp:attachment":[{"href":"https:\/\/www.campingverneda.com\/blog\/wp-json\/wp\/v2\/media?parent=3564"}],"wp:term":[{"taxonomy":"category","embeddable":true,"href":"https:\/\/www.campingverneda.com\/blog\/wp-json\/wp\/v2\/categories?post=3564"},{"taxonomy":"post_tag","embeddable":true,"href":"https:\/\/www.campingverneda.com\/blog\/wp-json\/wp\/v2\/tags?post=3564"}],"curies":[{"name":"wp","href":"https:\/\/api.w.org\/{rel}","templated":true}]}}